{"id":72407,"date":"2021-06-09T18:21:50","date_gmt":"2021-06-09T16:21:50","guid":{"rendered":"https:\/\/vert-e-s-vd.ch\/riviera-paysdenhaut\/?p=72407"},"modified":"2024-10-24T21:27:48","modified_gmt":"2024-10-24T19:27:48","slug":"blonay-saint-legier-ticket-rose-vert-des-le-premier-tour","status":"publish","type":"post","link":"https:\/\/vert-e-s-vd.ch\/riviera-paysdenhaut\/blog\/communiques-de-presse\/blonay-saint-legier-ticket-rose-vert-des-le-premier-tour","title":{"rendered":"Blonay &#8211; Saint-L\u00e9gier : Ticket rose-vert d\u00e8s le premier tour !"},"content":{"rendered":"","protected":false},"excerpt":{"rendered":"","protected":false},"author":18,"featured_media":0,"comment_status":"closed","ping_status":"closed","sticky":false,"template":"single_press_release.php","format":"standard","meta":{"_acf_changed":false,"inline_featured_image":false,"footnotes":""},"categories":[320,393,419],"tags":[398],"class_list":["post-72407","post","type-post","status-publish","format-standard","hentry","category-blonay-st-legier","category-communiques-de-presse","category-verts-l-actualite","tag-elections-communales-2021"],"acf":[],"yoast_head":"<!-- This site is optimized with the Yoast SEO plugin v26.9 - https:\/\/yoast.com\/product\/yoast-seo-wordpress\/ -->\n<title>Blonay - Saint-L\u00e9gier : Ticket rose-vert d\u00e8s le premier tour ! - Les Vert\u00b7e\u00b7s Riviera - Pays-d&#039;Enhaut<\/title>\n<meta name=\"description\" content=\"En raison de la fusion des deux communes, effective au 1er janvier 2022, c\u2019est le 26 septembre prochain que se d\u00e9rouleront les \u00e9lections communales \u00e0 Blonay - Saint-L\u00e9gier - La Chi\u00e9saz. Les groupes socialistes et verts, d\u00e9j\u00e0 tr\u00e8s actifs dans les conseils communaux des deux bourgades, ont d\u00e9cid\u00e9 de pr\u00e9senter une liste commune de 4 candidat.e.s \u00e0 la Municipalit\u00e9...\" \/>\n<meta name=\"robots\" content=\"index, follow, max-snippet:-1, max-image-preview:large, max-video-preview:-1\" \/>\n<link rel=\"canonical\" href=\"https:\/\/vert-e-s-vd.ch\/riviera-paysdenhaut\/blog\/blonay-st-legier\/blonay-saint-legier-ticket-rose-vert-des-le-premier-tour\" \/>\n<meta property=\"og:locale\" content=\"fr_FR\" \/>\n<meta property=\"og:type\" content=\"article\" \/>\n<meta property=\"og:title\" content=\"Blonay - Saint-L\u00e9gier : Ticket rose-vert d\u00e8s le premier tour ! - Les Vert\u00b7e\u00b7s Riviera - Pays-d&#039;Enhaut\" \/>\n<meta property=\"og:description\" content=\"En raison de la fusion des deux communes, effective au 1er janvier 2022, c\u2019est le 26 septembre prochain que se d\u00e9rouleront les \u2026\" \/>\n<meta property=\"og:url\" content=\"https:\/\/vert-e-s-vd.ch\/riviera-paysdenhaut\/blog\/blonay-st-legier\/blonay-saint-legier-ticket-rose-vert-des-le-premier-tour\" \/>\n<meta property=\"og:site_name\" content=\"Les Vert\u00b7e\u00b7s Riviera - Pays-d&#039;Enhaut\" \/>\n<meta property=\"article:author\" content=\"https:\/\/www.facebook.com\/jerome.cherix\" \/>\n<meta property=\"article:published_time\" content=\"2021-06-09T16:21:50+00:00\" \/>\n<meta property=\"article:modified_time\" content=\"2024-10-24T19:27:48+00:00\" \/>\n<meta name=\"author\" content=\"J\u00e9r\u00f4me CHERIX\" \/>\n<meta name=\"twitter:card\" content=\"summary_large_image\" \/>\n<meta name=\"twitter:creator\" content=\"@JCHERIX\" \/>\n<meta name=\"twitter:label1\" content=\"\u00c9crit par\" \/>\n\t<meta name=\"twitter:data1\" content=\"J\u00e9r\u00f4me CHERIX\" \/>\n<script type=\"application\/ld+json\" class=\"yoast-schema-graph\">{\"@context\":\"https:\/\/schema.org\",\"@graph\":[{\"@type\":\"Article\",\"@id\":\"https:\/\/vert-e-s-vd.ch\/riviera-paysdenhaut\/blog\/blonay-st-legier\/blonay-saint-legier-ticket-rose-vert-des-le-premier-tour#article\",\"isPartOf\":{\"@id\":\"https:\/\/vert-e-s-vd.ch\/riviera-paysdenhaut\/blog\/blonay-st-legier\/blonay-saint-legier-ticket-rose-vert-des-le-premier-tour\"},\"author\":{\"name\":\"J\u00e9r\u00f4me CHERIX\",\"@id\":\"https:\/\/vert-e-s-vd.ch\/riviera-paysdenhaut\/#\/schema\/person\/bd8e44255d38e0bb2113cb9e63e01e6c\"},\"headline\":\"Blonay &#8211; Saint-L\u00e9gier : Ticket rose-vert d\u00e8s le premier tour !\",\"datePublished\":\"2021-06-09T16:21:50+00:00\",\"dateModified\":\"2024-10-24T19:27:48+00:00\",\"mainEntityOfPage\":{\"@id\":\"https:\/\/vert-e-s-vd.ch\/riviera-paysdenhaut\/blog\/blonay-st-legier\/blonay-saint-legier-ticket-rose-vert-des-le-premier-tour\"},\"wordCount\":11,\"keywords\":[\"\u00e9lections communales 2021\"],\"articleSection\":[\"Blonay - Saint-L\u00e9gier\",\"Communiqu\u00e9s de presse\",\"Vert.e.s l'actualit\u00e9\"],\"inLanguage\":\"fr-FR\"},{\"@type\":\"WebPage\",\"@id\":\"https:\/\/vert-e-s-vd.ch\/riviera-paysdenhaut\/blog\/blonay-st-legier\/blonay-saint-legier-ticket-rose-vert-des-le-premier-tour\",\"url\":\"https:\/\/vert-e-s-vd.ch\/riviera-paysdenhaut\/blog\/blonay-st-legier\/blonay-saint-legier-ticket-rose-vert-des-le-premier-tour\",\"name\":\"Blonay - Saint-L\u00e9gier : Ticket rose-vert d\u00e8s le premier tour ! - Les Vert\u00b7e\u00b7s Riviera - Pays-d&#039;Enhaut\",\"isPartOf\":{\"@id\":\"https:\/\/vert-e-s-vd.ch\/riviera-paysdenhaut\/#website\"},\"datePublished\":\"2021-06-09T16:21:50+00:00\",\"dateModified\":\"2024-10-24T19:27:48+00:00\",\"author\":{\"@id\":\"https:\/\/vert-e-s-vd.ch\/riviera-paysdenhaut\/#\/schema\/person\/bd8e44255d38e0bb2113cb9e63e01e6c\"},\"description\":\"En raison de la fusion des deux communes, effective au 1er janvier 2022, c\u2019est le 26 septembre prochain que se d\u00e9rouleront les \u00e9lections communales \u00e0 Blonay - Saint-L\u00e9gier - La Chi\u00e9saz. Les groupes socialistes et verts, d\u00e9j\u00e0 tr\u00e8s actifs dans les conseils communaux des deux bourgades, ont d\u00e9cid\u00e9 de pr\u00e9senter une liste commune de 4 candidat.e.s \u00e0 la Municipalit\u00e9...\",\"breadcrumb\":{\"@id\":\"https:\/\/vert-e-s-vd.ch\/riviera-paysdenhaut\/blog\/blonay-st-legier\/blonay-saint-legier-ticket-rose-vert-des-le-premier-tour#breadcrumb\"},\"inLanguage\":\"fr-FR\",\"potentialAction\":[{\"@type\":\"ReadAction\",\"target\":[\"https:\/\/vert-e-s-vd.ch\/riviera-paysdenhaut\/blog\/blonay-st-legier\/blonay-saint-legier-ticket-rose-vert-des-le-premier-tour\"]}]},{\"@type\":\"BreadcrumbList\",\"@id\":\"https:\/\/vert-e-s-vd.ch\/riviera-paysdenhaut\/blog\/blonay-st-legier\/blonay-saint-legier-ticket-rose-vert-des-le-premier-tour#breadcrumb\",\"itemListElement\":[{\"@type\":\"ListItem\",\"position\":1,\"name\":\"Accueil\",\"item\":\"https:\/\/vert-e-s-vd.ch\/riviera-paysdenhaut\/\"},{\"@type\":\"ListItem\",\"position\":2,\"name\":\"Communiqu\u00e9s de presse\",\"item\":\"https:\/\/vert-e-s-vd.ch\/riviera-paysdenhaut\/blog\/category\/communiques-de-presse\"},{\"@type\":\"ListItem\",\"position\":3,\"name\":\"Blonay &#8211; Saint-L\u00e9gier : Ticket rose-vert d\u00e8s le premier tour !\"}]},{\"@type\":\"WebSite\",\"@id\":\"https:\/\/vert-e-s-vd.ch\/riviera-paysdenhaut\/#website\",\"url\":\"https:\/\/vert-e-s-vd.ch\/riviera-paysdenhaut\/\",\"name\":\"Les Vert\u00b7e\u00b7s Riviera - Pays-d'Enhaut\",\"description\":\"Plus de vie, plus de vert\",\"potentialAction\":[{\"@type\":\"SearchAction\",\"target\":{\"@type\":\"EntryPoint\",\"urlTemplate\":\"https:\/\/vert-e-s-vd.ch\/riviera-paysdenhaut\/?s={search_term_string}\"},\"query-input\":{\"@type\":\"PropertyValueSpecification\",\"valueRequired\":true,\"valueName\":\"search_term_string\"}}],\"inLanguage\":\"fr-FR\"},{\"@type\":\"Person\",\"@id\":\"https:\/\/vert-e-s-vd.ch\/riviera-paysdenhaut\/#\/schema\/person\/bd8e44255d38e0bb2113cb9e63e01e6c\",\"name\":\"J\u00e9r\u00f4me CHERIX\",\"image\":{\"@type\":\"ImageObject\",\"inLanguage\":\"fr-FR\",\"@id\":\"https:\/\/vert-e-s-vd.ch\/riviera-paysdenhaut\/#\/schema\/person\/image\/\",\"url\":\"https:\/\/secure.gravatar.com\/avatar\/105198392fb598258f4f1e216a9f7f122f86c26fbc42f61f5ac7a95556d4d058?s=96&d=mm&r=g\",\"contentUrl\":\"https:\/\/secure.gravatar.com\/avatar\/105198392fb598258f4f1e216a9f7f122f86c26fbc42f61f5ac7a95556d4d058?s=96&d=mm&r=g\",\"caption\":\"J\u00e9r\u00f4me CHERIX\"},\"description\":\"Incubateur et agitateur socioculturel 30 ANS DE COMMUNICATION M\u00e9dias, Marketing, Informatique et M\u00e9dias digitaux, Formation, \u00c9ducation, Th\u00e9\u00e2tre, Photographie, \u00c9criture et Engagement citoyen, 30 ans que mon fil rouge professionnel et personnel m\u2019am\u00e8ne \u00e0 explorer chaque facette du monde fascinant de la COMMUNICATION HUMAINE. Je me r\u00e9jouis d\u00e9j\u00e0 des trente ans \u00e0 venir...\",\"sameAs\":[\"https:\/\/caramba.media\/\",\"https:\/\/www.facebook.com\/jerome.cherix\",\"https:\/\/www.linkedin.com\/in\/jeromecherix19021965\/\",\"https:\/\/x.com\/JCHERIX\",\"https:\/\/www.youtube.com\/c\/CarambaMedia\"]}]}<\/script>\n<!-- \/ Yoast SEO plugin. -->","yoast_head_json":{"title":"Blonay - Saint-L\u00e9gier : Ticket rose-vert d\u00e8s le premier tour ! - Les Vert\u00b7e\u00b7s Riviera - Pays-d&#039;Enhaut","description":"En raison de la fusion des deux communes, effective au 1er janvier 2022, c\u2019est le 26 septembre prochain que se d\u00e9rouleront les \u00e9lections communales \u00e0 Blonay - Saint-L\u00e9gier - La Chi\u00e9saz. Les groupes socialistes et verts, d\u00e9j\u00e0 tr\u00e8s actifs dans les conseils communaux des deux bourgades, ont d\u00e9cid\u00e9 de pr\u00e9senter une liste commune de 4 candidat.e.s \u00e0 la Municipalit\u00e9...","robots":{"index":"index","follow":"follow","max-snippet":"max-snippet:-1","max-image-preview":"max-image-preview:large","max-video-preview":"max-video-preview:-1"},"canonical":"https:\/\/vert-e-s-vd.ch\/riviera-paysdenhaut\/blog\/blonay-st-legier\/blonay-saint-legier-ticket-rose-vert-des-le-premier-tour","og_locale":"fr_FR","og_type":"article","og_title":"Blonay - Saint-L\u00e9gier : Ticket rose-vert d\u00e8s le premier tour ! - Les Vert\u00b7e\u00b7s Riviera - Pays-d&#039;Enhaut","og_description":"En raison de la fusion des deux communes, effective au 1er janvier 2022, c\u2019est le 26 septembre prochain que se d\u00e9rouleront les \u2026","og_url":"https:\/\/vert-e-s-vd.ch\/riviera-paysdenhaut\/blog\/blonay-st-legier\/blonay-saint-legier-ticket-rose-vert-des-le-premier-tour","og_site_name":"Les Vert\u00b7e\u00b7s Riviera - Pays-d&#039;Enhaut","article_author":"https:\/\/www.facebook.com\/jerome.cherix","article_published_time":"2021-06-09T16:21:50+00:00","article_modified_time":"2024-10-24T19:27:48+00:00","author":"J\u00e9r\u00f4me CHERIX","twitter_card":"summary_large_image","twitter_creator":"@JCHERIX","twitter_misc":{"\u00c9crit par":"J\u00e9r\u00f4me CHERIX"},"schema":{"@context":"https:\/\/schema.org","@graph":[{"@type":"Article","@id":"https:\/\/vert-e-s-vd.ch\/riviera-paysdenhaut\/blog\/blonay-st-legier\/blonay-saint-legier-ticket-rose-vert-des-le-premier-tour#article","isPartOf":{"@id":"https:\/\/vert-e-s-vd.ch\/riviera-paysdenhaut\/blog\/blonay-st-legier\/blonay-saint-legier-ticket-rose-vert-des-le-premier-tour"},"author":{"name":"J\u00e9r\u00f4me CHERIX","@id":"https:\/\/vert-e-s-vd.ch\/riviera-paysdenhaut\/#\/schema\/person\/bd8e44255d38e0bb2113cb9e63e01e6c"},"headline":"Blonay &#8211; Saint-L\u00e9gier : Ticket rose-vert d\u00e8s le premier tour !","datePublished":"2021-06-09T16:21:50+00:00","dateModified":"2024-10-24T19:27:48+00:00","mainEntityOfPage":{"@id":"https:\/\/vert-e-s-vd.ch\/riviera-paysdenhaut\/blog\/blonay-st-legier\/blonay-saint-legier-ticket-rose-vert-des-le-premier-tour"},"wordCount":11,"keywords":["\u00e9lections communales 2021"],"articleSection":["Blonay - Saint-L\u00e9gier","Communiqu\u00e9s de presse","Vert.e.s l'actualit\u00e9"],"inLanguage":"fr-FR"},{"@type":"WebPage","@id":"https:\/\/vert-e-s-vd.ch\/riviera-paysdenhaut\/blog\/blonay-st-legier\/blonay-saint-legier-ticket-rose-vert-des-le-premier-tour","url":"https:\/\/vert-e-s-vd.ch\/riviera-paysdenhaut\/blog\/blonay-st-legier\/blonay-saint-legier-ticket-rose-vert-des-le-premier-tour","name":"Blonay - Saint-L\u00e9gier : Ticket rose-vert d\u00e8s le premier tour ! - Les Vert\u00b7e\u00b7s Riviera - Pays-d&#039;Enhaut","isPartOf":{"@id":"https:\/\/vert-e-s-vd.ch\/riviera-paysdenhaut\/#website"},"datePublished":"2021-06-09T16:21:50+00:00","dateModified":"2024-10-24T19:27:48+00:00","author":{"@id":"https:\/\/vert-e-s-vd.ch\/riviera-paysdenhaut\/#\/schema\/person\/bd8e44255d38e0bb2113cb9e63e01e6c"},"description":"En raison de la fusion des deux communes, effective au 1er janvier 2022, c\u2019est le 26 septembre prochain que se d\u00e9rouleront les \u00e9lections communales \u00e0 Blonay - Saint-L\u00e9gier - La Chi\u00e9saz. Les groupes socialistes et verts, d\u00e9j\u00e0 tr\u00e8s actifs dans les conseils communaux des deux bourgades, ont d\u00e9cid\u00e9 de pr\u00e9senter une liste commune de 4 candidat.e.s \u00e0 la Municipalit\u00e9...","breadcrumb":{"@id":"https:\/\/vert-e-s-vd.ch\/riviera-paysdenhaut\/blog\/blonay-st-legier\/blonay-saint-legier-ticket-rose-vert-des-le-premier-tour#breadcrumb"},"inLanguage":"fr-FR","potentialAction":[{"@type":"ReadAction","target":["https:\/\/vert-e-s-vd.ch\/riviera-paysdenhaut\/blog\/blonay-st-legier\/blonay-saint-legier-ticket-rose-vert-des-le-premier-tour"]}]},{"@type":"BreadcrumbList","@id":"https:\/\/vert-e-s-vd.ch\/riviera-paysdenhaut\/blog\/blonay-st-legier\/blonay-saint-legier-ticket-rose-vert-des-le-premier-tour#breadcrumb","itemListElement":[{"@type":"ListItem","position":1,"name":"Accueil","item":"https:\/\/vert-e-s-vd.ch\/riviera-paysdenhaut\/"},{"@type":"ListItem","position":2,"name":"Communiqu\u00e9s de presse","item":"https:\/\/vert-e-s-vd.ch\/riviera-paysdenhaut\/blog\/category\/communiques-de-presse"},{"@type":"ListItem","position":3,"name":"Blonay &#8211; Saint-L\u00e9gier : Ticket rose-vert d\u00e8s le premier tour !"}]},{"@type":"WebSite","@id":"https:\/\/vert-e-s-vd.ch\/riviera-paysdenhaut\/#website","url":"https:\/\/vert-e-s-vd.ch\/riviera-paysdenhaut\/","name":"Les Vert\u00b7e\u00b7s Riviera - Pays-d'Enhaut","description":"Plus de vie, plus de vert","potentialAction":[{"@type":"SearchAction","target":{"@type":"EntryPoint","urlTemplate":"https:\/\/vert-e-s-vd.ch\/riviera-paysdenhaut\/?s={search_term_string}"},"query-input":{"@type":"PropertyValueSpecification","valueRequired":true,"valueName":"search_term_string"}}],"inLanguage":"fr-FR"},{"@type":"Person","@id":"https:\/\/vert-e-s-vd.ch\/riviera-paysdenhaut\/#\/schema\/person\/bd8e44255d38e0bb2113cb9e63e01e6c","name":"J\u00e9r\u00f4me CHERIX","image":{"@type":"ImageObject","inLanguage":"fr-FR","@id":"https:\/\/vert-e-s-vd.ch\/riviera-paysdenhaut\/#\/schema\/person\/image\/","url":"https:\/\/secure.gravatar.com\/avatar\/105198392fb598258f4f1e216a9f7f122f86c26fbc42f61f5ac7a95556d4d058?s=96&d=mm&r=g","contentUrl":"https:\/\/secure.gravatar.com\/avatar\/105198392fb598258f4f1e216a9f7f122f86c26fbc42f61f5ac7a95556d4d058?s=96&d=mm&r=g","caption":"J\u00e9r\u00f4me CHERIX"},"description":"Incubateur et agitateur socioculturel 30 ANS DE COMMUNICATION M\u00e9dias, Marketing, Informatique et M\u00e9dias digitaux, Formation, \u00c9ducation, Th\u00e9\u00e2tre, Photographie, \u00c9criture et Engagement citoyen, 30 ans que mon fil rouge professionnel et personnel m\u2019am\u00e8ne \u00e0 explorer chaque facette du monde fascinant de la COMMUNICATION HUMAINE. Je me r\u00e9jouis d\u00e9j\u00e0 des trente ans \u00e0 venir...","sameAs":["https:\/\/caramba.media\/","https:\/\/www.facebook.com\/jerome.cherix","https:\/\/www.linkedin.com\/in\/jeromecherix19021965\/","https:\/\/x.com\/JCHERIX","https:\/\/www.youtube.com\/c\/CarambaMedia"]}]}},"_links":{"self":[{"href":"https:\/\/vert-e-s-vd.ch\/riviera-paysdenhaut\/wp-json\/wp\/v2\/posts\/72407","targetHints":{"allow":["GET"]}}],"collection":[{"href":"https:\/\/vert-e-s-vd.ch\/riviera-paysdenhaut\/wp-json\/wp\/v2\/posts"}],"about":[{"href":"https:\/\/vert-e-s-vd.ch\/riviera-paysdenhaut\/wp-json\/wp\/v2\/types\/post"}],"author":[{"embeddable":true,"href":"https:\/\/vert-e-s-vd.ch\/riviera-paysdenhaut\/wp-json\/wp\/v2\/users\/18"}],"replies":[{"embeddable":true,"href":"https:\/\/vert-e-s-vd.ch\/riviera-paysdenhaut\/wp-json\/wp\/v2\/comments?post=72407"}],"version-history":[{"count":10,"href":"https:\/\/vert-e-s-vd.ch\/riviera-paysdenhaut\/wp-json\/wp\/v2\/posts\/72407\/revisions"}],"predecessor-version":[{"id":72509,"href":"https:\/\/vert-e-s-vd.ch\/riviera-paysdenhaut\/wp-json\/wp\/v2\/posts\/72407\/revisions\/72509"}],"wp:attachment":[{"href":"https:\/\/vert-e-s-vd.ch\/riviera-paysdenhaut\/wp-json\/wp\/v2\/media?parent=72407"}],"wp:term":[{"taxonomy":"category","embeddable":true,"href":"https:\/\/vert-e-s-vd.ch\/riviera-paysdenhaut\/wp-json\/wp\/v2\/categories?post=72407"},{"taxonomy":"post_tag","embeddable":true,"href":"https:\/\/vert-e-s-vd.ch\/riviera-paysdenhaut\/wp-json\/wp\/v2\/tags?post=72407"}],"curies":[{"name":"wp","href":"https:\/\/api.w.org\/{rel}","templated":true}]}}