{"id":73425,"date":"2025-11-07T15:03:56","date_gmt":"2025-11-07T14:03:56","guid":{"rendered":"https:\/\/vert-e-s-vd.ch\/nord-lausannois\/?p=73425"},"modified":"2025-11-07T15:04:04","modified_gmt":"2025-11-07T14:04:04","slug":"marisa-durst-et-bogomil-kohlbrenner-candidat-e-s-a-la-municipalite-depalinges","status":"publish","type":"post","link":"https:\/\/vert-e-s-vd.ch\/nord-lausannois\/blog\/communique-de-presse\/marisa-durst-et-bogomil-kohlbrenner-candidat-e-s-a-la-municipalite-depalinges","title":{"rendered":"Marisa D\u00fcrst et Bogomil Kohlbrenner candidat.e.s \u00e0 la Municipalit\u00e9 d&rsquo;Epalinges"},"content":{"rendered":"","protected":false},"excerpt":{"rendered":"","protected":false},"author":47,"featured_media":0,"comment_status":"closed","ping_status":"closed","sticky":false,"template":"single_press_release.php","format":"standard","meta":{"_acf_changed":false,"inline_featured_image":false,"footnotes":""},"categories":[413,405],"tags":[],"class_list":["post-73425","post","type-post","status-publish","format-standard","hentry","category-communique-de-presse","category-epalinges"],"acf":[],"yoast_head":"<!-- This site is optimized with the Yoast SEO plugin v26.9 - https:\/\/yoast.com\/product\/yoast-seo-wordpress\/ -->\n<title>Marisa D\u00fcrst et Bogomil Kohlbrenner candidat.e.s \u00e0 la Municipalit\u00e9 d&#039;Epalinges - Les VERT-E-S du Nord lausannois<\/title>\n<meta name=\"robots\" content=\"index, follow, max-snippet:-1, max-image-preview:large, max-video-preview:-1\" \/>\n<link rel=\"canonical\" href=\"https:\/\/vert-e-s-vd.ch\/nord-lausannois\/blog\/communique-de-presse\/marisa-durst-et-bogomil-kohlbrenner-candidat-e-s-a-la-municipalite-depalinges\" \/>\n<meta property=\"og:locale\" content=\"fr_FR\" \/>\n<meta property=\"og:type\" content=\"article\" \/>\n<meta property=\"og:title\" content=\"Marisa D\u00fcrst et Bogomil Kohlbrenner candidat.e.s \u00e0 la Municipalit\u00e9 d&#039;Epalinges - Les VERT-E-S du Nord lausannois\" \/>\n<meta property=\"og:url\" content=\"https:\/\/vert-e-s-vd.ch\/nord-lausannois\/blog\/communique-de-presse\/marisa-durst-et-bogomil-kohlbrenner-candidat-e-s-a-la-municipalite-depalinges\" \/>\n<meta property=\"og:site_name\" content=\"Les VERT-E-S du Nord lausannois\" \/>\n<meta property=\"article:published_time\" content=\"2025-11-07T14:03:56+00:00\" \/>\n<meta property=\"article:modified_time\" content=\"2025-11-07T14:04:04+00:00\" \/>\n<meta name=\"author\" content=\"brigittebesson\" \/>\n<meta name=\"twitter:card\" content=\"summary_large_image\" \/>\n<meta name=\"twitter:label1\" content=\"\u00c9crit par\" \/>\n\t<meta name=\"twitter:data1\" content=\"brigittebesson\" \/>\n\t<meta name=\"twitter:label2\" content=\"Dur\u00e9e de lecture estim\u00e9e\" \/>\n\t<meta name=\"twitter:data2\" content=\"3 minutes\" \/>\n<script type=\"application\/ld+json\" class=\"yoast-schema-graph\">{\"@context\":\"https:\/\/schema.org\",\"@graph\":[{\"@type\":\"Article\",\"@id\":\"https:\/\/vert-e-s-vd.ch\/nord-lausannois\/blog\/communique-de-presse\/marisa-durst-et-bogomil-kohlbrenner-candidat-e-s-a-la-municipalite-depalinges#article\",\"isPartOf\":{\"@id\":\"https:\/\/vert-e-s-vd.ch\/nord-lausannois\/blog\/communique-de-presse\/marisa-durst-et-bogomil-kohlbrenner-candidat-e-s-a-la-municipalite-depalinges\"},\"author\":{\"name\":\"brigittebesson\",\"@id\":\"https:\/\/vert-e-s-vd.ch\/nord-lausannois\/#\/schema\/person\/ba06422d0f77057b8ade95872355bf83\"},\"headline\":\"Marisa D\u00fcrst et Bogomil Kohlbrenner candidat.e.s \u00e0 la Municipalit\u00e9 d&rsquo;Epalinges\",\"datePublished\":\"2025-11-07T14:03:56+00:00\",\"dateModified\":\"2025-11-07T14:04:04+00:00\",\"mainEntityOfPage\":{\"@id\":\"https:\/\/vert-e-s-vd.ch\/nord-lausannois\/blog\/communique-de-presse\/marisa-durst-et-bogomil-kohlbrenner-candidat-e-s-a-la-municipalite-depalinges\"},\"wordCount\":13,\"articleSection\":[\"Communiqu\u00e9s de presse\",\"Epalinges\"],\"inLanguage\":\"fr-FR\"},{\"@type\":\"WebPage\",\"@id\":\"https:\/\/vert-e-s-vd.ch\/nord-lausannois\/blog\/communique-de-presse\/marisa-durst-et-bogomil-kohlbrenner-candidat-e-s-a-la-municipalite-depalinges\",\"url\":\"https:\/\/vert-e-s-vd.ch\/nord-lausannois\/blog\/communique-de-presse\/marisa-durst-et-bogomil-kohlbrenner-candidat-e-s-a-la-municipalite-depalinges\",\"name\":\"Marisa D\u00fcrst et Bogomil Kohlbrenner candidat.e.s \u00e0 la Municipalit\u00e9 d'Epalinges - Les VERT-E-S du Nord lausannois\",\"isPartOf\":{\"@id\":\"https:\/\/vert-e-s-vd.ch\/nord-lausannois\/#website\"},\"datePublished\":\"2025-11-07T14:03:56+00:00\",\"dateModified\":\"2025-11-07T14:04:04+00:00\",\"author\":{\"@id\":\"https:\/\/vert-e-s-vd.ch\/nord-lausannois\/#\/schema\/person\/ba06422d0f77057b8ade95872355bf83\"},\"breadcrumb\":{\"@id\":\"https:\/\/vert-e-s-vd.ch\/nord-lausannois\/blog\/communique-de-presse\/marisa-durst-et-bogomil-kohlbrenner-candidat-e-s-a-la-municipalite-depalinges#breadcrumb\"},\"inLanguage\":\"fr-FR\",\"potentialAction\":[{\"@type\":\"ReadAction\",\"target\":[\"https:\/\/vert-e-s-vd.ch\/nord-lausannois\/blog\/communique-de-presse\/marisa-durst-et-bogomil-kohlbrenner-candidat-e-s-a-la-municipalite-depalinges\"]}]},{\"@type\":\"BreadcrumbList\",\"@id\":\"https:\/\/vert-e-s-vd.ch\/nord-lausannois\/blog\/communique-de-presse\/marisa-durst-et-bogomil-kohlbrenner-candidat-e-s-a-la-municipalite-depalinges#breadcrumb\",\"itemListElement\":[{\"@type\":\"ListItem\",\"position\":1,\"name\":\"Accueil\",\"item\":\"https:\/\/vert-e-s-vd.ch\/nord-lausannois\/\"},{\"@type\":\"ListItem\",\"position\":2,\"name\":\"Agenda\",\"item\":\"https:\/\/vert-e-s-vd.ch\/nord-lausannois?post_type=tribe_events&tribe_event_display=list#menu-item-70603\"},{\"@type\":\"ListItem\",\"position\":3,\"name\":\"Marisa D\u00fcrst et Bogomil Kohlbrenner candidat.e.s \u00e0 la Municipalit\u00e9 d&rsquo;Epalinges\"}]},{\"@type\":\"WebSite\",\"@id\":\"https:\/\/vert-e-s-vd.ch\/nord-lausannois\/#website\",\"url\":\"https:\/\/vert-e-s-vd.ch\/nord-lausannois\/\",\"name\":\"Les VERT-E-S du Nord lausannois\",\"description\":\"Une longueur d\u2019avance\",\"potentialAction\":[{\"@type\":\"SearchAction\",\"target\":{\"@type\":\"EntryPoint\",\"urlTemplate\":\"https:\/\/vert-e-s-vd.ch\/nord-lausannois\/?s={search_term_string}\"},\"query-input\":{\"@type\":\"PropertyValueSpecification\",\"valueRequired\":true,\"valueName\":\"search_term_string\"}}],\"inLanguage\":\"fr-FR\"},{\"@type\":\"Person\",\"@id\":\"https:\/\/vert-e-s-vd.ch\/nord-lausannois\/#\/schema\/person\/ba06422d0f77057b8ade95872355bf83\",\"name\":\"brigittebesson\",\"image\":{\"@type\":\"ImageObject\",\"inLanguage\":\"fr-FR\",\"@id\":\"https:\/\/vert-e-s-vd.ch\/nord-lausannois\/#\/schema\/person\/image\/\",\"url\":\"https:\/\/secure.gravatar.com\/avatar\/bd3cc1f8e2b8f4b9c729d3abd194b8814cd9c8034e3b669204a47a4b855da3ad?s=96&d=mm&r=g\",\"contentUrl\":\"https:\/\/secure.gravatar.com\/avatar\/bd3cc1f8e2b8f4b9c729d3abd194b8814cd9c8034e3b669204a47a4b855da3ad?s=96&d=mm&r=g\",\"caption\":\"brigittebesson\"}}]}<\/script>\n<!-- \/ Yoast SEO plugin. -->","yoast_head_json":{"title":"Marisa D\u00fcrst et Bogomil Kohlbrenner candidat.e.s \u00e0 la Municipalit\u00e9 d'Epalinges - Les VERT-E-S du Nord lausannois","robots":{"index":"index","follow":"follow","max-snippet":"max-snippet:-1","max-image-preview":"max-image-preview:large","max-video-preview":"max-video-preview:-1"},"canonical":"https:\/\/vert-e-s-vd.ch\/nord-lausannois\/blog\/communique-de-presse\/marisa-durst-et-bogomil-kohlbrenner-candidat-e-s-a-la-municipalite-depalinges","og_locale":"fr_FR","og_type":"article","og_title":"Marisa D\u00fcrst et Bogomil Kohlbrenner candidat.e.s \u00e0 la Municipalit\u00e9 d'Epalinges - Les VERT-E-S du Nord lausannois","og_url":"https:\/\/vert-e-s-vd.ch\/nord-lausannois\/blog\/communique-de-presse\/marisa-durst-et-bogomil-kohlbrenner-candidat-e-s-a-la-municipalite-depalinges","og_site_name":"Les VERT-E-S du Nord lausannois","article_published_time":"2025-11-07T14:03:56+00:00","article_modified_time":"2025-11-07T14:04:04+00:00","author":"brigittebesson","twitter_card":"summary_large_image","twitter_misc":{"\u00c9crit par":"brigittebesson","Dur\u00e9e de lecture estim\u00e9e":"3 minutes"},"schema":{"@context":"https:\/\/schema.org","@graph":[{"@type":"Article","@id":"https:\/\/vert-e-s-vd.ch\/nord-lausannois\/blog\/communique-de-presse\/marisa-durst-et-bogomil-kohlbrenner-candidat-e-s-a-la-municipalite-depalinges#article","isPartOf":{"@id":"https:\/\/vert-e-s-vd.ch\/nord-lausannois\/blog\/communique-de-presse\/marisa-durst-et-bogomil-kohlbrenner-candidat-e-s-a-la-municipalite-depalinges"},"author":{"name":"brigittebesson","@id":"https:\/\/vert-e-s-vd.ch\/nord-lausannois\/#\/schema\/person\/ba06422d0f77057b8ade95872355bf83"},"headline":"Marisa D\u00fcrst et Bogomil Kohlbrenner candidat.e.s \u00e0 la Municipalit\u00e9 d&rsquo;Epalinges","datePublished":"2025-11-07T14:03:56+00:00","dateModified":"2025-11-07T14:04:04+00:00","mainEntityOfPage":{"@id":"https:\/\/vert-e-s-vd.ch\/nord-lausannois\/blog\/communique-de-presse\/marisa-durst-et-bogomil-kohlbrenner-candidat-e-s-a-la-municipalite-depalinges"},"wordCount":13,"articleSection":["Communiqu\u00e9s de presse","Epalinges"],"inLanguage":"fr-FR"},{"@type":"WebPage","@id":"https:\/\/vert-e-s-vd.ch\/nord-lausannois\/blog\/communique-de-presse\/marisa-durst-et-bogomil-kohlbrenner-candidat-e-s-a-la-municipalite-depalinges","url":"https:\/\/vert-e-s-vd.ch\/nord-lausannois\/blog\/communique-de-presse\/marisa-durst-et-bogomil-kohlbrenner-candidat-e-s-a-la-municipalite-depalinges","name":"Marisa D\u00fcrst et Bogomil Kohlbrenner candidat.e.s \u00e0 la Municipalit\u00e9 d'Epalinges - Les VERT-E-S du Nord lausannois","isPartOf":{"@id":"https:\/\/vert-e-s-vd.ch\/nord-lausannois\/#website"},"datePublished":"2025-11-07T14:03:56+00:00","dateModified":"2025-11-07T14:04:04+00:00","author":{"@id":"https:\/\/vert-e-s-vd.ch\/nord-lausannois\/#\/schema\/person\/ba06422d0f77057b8ade95872355bf83"},"breadcrumb":{"@id":"https:\/\/vert-e-s-vd.ch\/nord-lausannois\/blog\/communique-de-presse\/marisa-durst-et-bogomil-kohlbrenner-candidat-e-s-a-la-municipalite-depalinges#breadcrumb"},"inLanguage":"fr-FR","potentialAction":[{"@type":"ReadAction","target":["https:\/\/vert-e-s-vd.ch\/nord-lausannois\/blog\/communique-de-presse\/marisa-durst-et-bogomil-kohlbrenner-candidat-e-s-a-la-municipalite-depalinges"]}]},{"@type":"BreadcrumbList","@id":"https:\/\/vert-e-s-vd.ch\/nord-lausannois\/blog\/communique-de-presse\/marisa-durst-et-bogomil-kohlbrenner-candidat-e-s-a-la-municipalite-depalinges#breadcrumb","itemListElement":[{"@type":"ListItem","position":1,"name":"Accueil","item":"https:\/\/vert-e-s-vd.ch\/nord-lausannois\/"},{"@type":"ListItem","position":2,"name":"Agenda","item":"https:\/\/vert-e-s-vd.ch\/nord-lausannois?post_type=tribe_events&tribe_event_display=list#menu-item-70603"},{"@type":"ListItem","position":3,"name":"Marisa D\u00fcrst et Bogomil Kohlbrenner candidat.e.s \u00e0 la Municipalit\u00e9 d&rsquo;Epalinges"}]},{"@type":"WebSite","@id":"https:\/\/vert-e-s-vd.ch\/nord-lausannois\/#website","url":"https:\/\/vert-e-s-vd.ch\/nord-lausannois\/","name":"Les VERT-E-S du Nord lausannois","description":"Une longueur d\u2019avance","potentialAction":[{"@type":"SearchAction","target":{"@type":"EntryPoint","urlTemplate":"https:\/\/vert-e-s-vd.ch\/nord-lausannois\/?s={search_term_string}"},"query-input":{"@type":"PropertyValueSpecification","valueRequired":true,"valueName":"search_term_string"}}],"inLanguage":"fr-FR"},{"@type":"Person","@id":"https:\/\/vert-e-s-vd.ch\/nord-lausannois\/#\/schema\/person\/ba06422d0f77057b8ade95872355bf83","name":"brigittebesson","image":{"@type":"ImageObject","inLanguage":"fr-FR","@id":"https:\/\/vert-e-s-vd.ch\/nord-lausannois\/#\/schema\/person\/image\/","url":"https:\/\/secure.gravatar.com\/avatar\/bd3cc1f8e2b8f4b9c729d3abd194b8814cd9c8034e3b669204a47a4b855da3ad?s=96&d=mm&r=g","contentUrl":"https:\/\/secure.gravatar.com\/avatar\/bd3cc1f8e2b8f4b9c729d3abd194b8814cd9c8034e3b669204a47a4b855da3ad?s=96&d=mm&r=g","caption":"brigittebesson"}}]}},"_links":{"self":[{"href":"https:\/\/vert-e-s-vd.ch\/nord-lausannois\/wp-json\/wp\/v2\/posts\/73425","targetHints":{"allow":["GET"]}}],"collection":[{"href":"https:\/\/vert-e-s-vd.ch\/nord-lausannois\/wp-json\/wp\/v2\/posts"}],"about":[{"href":"https:\/\/vert-e-s-vd.ch\/nord-lausannois\/wp-json\/wp\/v2\/types\/post"}],"author":[{"embeddable":true,"href":"https:\/\/vert-e-s-vd.ch\/nord-lausannois\/wp-json\/wp\/v2\/users\/47"}],"replies":[{"embeddable":true,"href":"https:\/\/vert-e-s-vd.ch\/nord-lausannois\/wp-json\/wp\/v2\/comments?post=73425"}],"version-history":[{"count":8,"href":"https:\/\/vert-e-s-vd.ch\/nord-lausannois\/wp-json\/wp\/v2\/posts\/73425\/revisions"}],"predecessor-version":[{"id":73447,"href":"https:\/\/vert-e-s-vd.ch\/nord-lausannois\/wp-json\/wp\/v2\/posts\/73425\/revisions\/73447"}],"wp:attachment":[{"href":"https:\/\/vert-e-s-vd.ch\/nord-lausannois\/wp-json\/wp\/v2\/media?parent=73425"}],"wp:term":[{"taxonomy":"category","embeddable":true,"href":"https:\/\/vert-e-s-vd.ch\/nord-lausannois\/wp-json\/wp\/v2\/categories?post=73425"},{"taxonomy":"post_tag","embeddable":true,"href":"https:\/\/vert-e-s-vd.ch\/nord-lausannois\/wp-json\/wp\/v2\/tags?post=73425"}],"curies":[{"name":"wp","href":"https:\/\/api.w.org\/{rel}","templated":true}]}}