{"id":73396,"date":"2025-11-07T07:40:42","date_gmt":"2025-11-07T06:40:42","guid":{"rendered":"https:\/\/vert-e-s-vd.ch\/nord-lausannois\/?p=73396"},"modified":"2025-12-18T13:06:53","modified_gmt":"2025-12-18T12:06:53","slug":"le-mont-sur-lausanne-brigitte-besson-candidate-a-la-municipalite","status":"publish","type":"post","link":"https:\/\/vert-e-s-vd.ch\/nord-lausannois\/blog\/communique-de-presse\/le-mont-sur-lausanne-brigitte-besson-candidate-a-la-municipalite","title":{"rendered":"Brigitte Besson, candidate \u00e0 la Municipalit\u00e9 du Mont-sur-Lausanne"},"content":{"rendered":"","protected":false},"excerpt":{"rendered":"","protected":false},"author":47,"featured_media":0,"comment_status":"closed","ping_status":"closed","sticky":false,"template":"single_press_release.php","format":"standard","meta":{"_acf_changed":false,"inline_featured_image":false,"footnotes":""},"categories":[413,410],"tags":[],"class_list":["post-73396","post","type-post","status-publish","format-standard","hentry","category-communique-de-presse","category-le-mont"],"acf":[],"yoast_head":"<!-- This site is optimized with the Yoast SEO plugin v26.9 - https:\/\/yoast.com\/product\/yoast-seo-wordpress\/ -->\n<title>Brigitte Besson, candidate \u00e0 la Municipalit\u00e9 du Mont-sur-Lausanne - Les VERT-E-S du Nord lausannois<\/title>\n<meta name=\"description\" content=\"La section des Vert\u00b7e\u00b7s du Nord Lausannois et le groupe des Vert\u00b7e\u00b7s du Mont-sur-Lausanne ont le plaisir d\u2019annoncer la candidature de Brigitte Besson \u00e0 la Municipalit\u00e9 lors des \u00e9lections communales de 2026.\" \/>\n<meta name=\"robots\" content=\"index, follow, max-snippet:-1, max-image-preview:large, max-video-preview:-1\" \/>\n<link rel=\"canonical\" href=\"https:\/\/vert-e-s-vd.ch\/nord-lausannois\/blog\/communique-de-presse\/le-mont-sur-lausanne-brigitte-besson-candidate-a-la-municipalite\" \/>\n<meta property=\"og:locale\" content=\"fr_FR\" \/>\n<meta property=\"og:type\" content=\"article\" \/>\n<meta property=\"og:title\" content=\"Brigitte Besson, candidate \u00e0 la Municipalit\u00e9 du Mont-sur-Lausanne - Les VERT-E-S du Nord lausannois\" \/>\n<meta property=\"og:description\" content=\"La section des Vert\u00b7e\u00b7s du Nord Lausannois et le groupe des Vert\u00b7e\u00b7s du Mont-sur-Lausanne ont le plaisir d\u2019annoncer la candidature de \u2026\" \/>\n<meta property=\"og:url\" content=\"https:\/\/vert-e-s-vd.ch\/nord-lausannois\/blog\/communique-de-presse\/le-mont-sur-lausanne-brigitte-besson-candidate-a-la-municipalite\" \/>\n<meta property=\"og:site_name\" content=\"Les VERT-E-S du Nord lausannois\" \/>\n<meta property=\"article:published_time\" content=\"2025-11-07T06:40:42+00:00\" \/>\n<meta property=\"article:modified_time\" content=\"2025-12-18T12:06:53+00:00\" \/>\n<meta name=\"author\" content=\"brigittebesson\" \/>\n<meta name=\"twitter:card\" content=\"summary_large_image\" \/>\n<meta name=\"twitter:label1\" content=\"\u00c9crit par\" \/>\n\t<meta name=\"twitter:data1\" content=\"brigittebesson\" \/>\n\t<meta name=\"twitter:label2\" content=\"Dur\u00e9e de lecture estim\u00e9e\" \/>\n\t<meta name=\"twitter:data2\" content=\"4 minutes\" \/>\n<script type=\"application\/ld+json\" class=\"yoast-schema-graph\">{\"@context\":\"https:\/\/schema.org\",\"@graph\":[{\"@type\":\"Article\",\"@id\":\"https:\/\/vert-e-s-vd.ch\/nord-lausannois\/blog\/communique-de-presse\/le-mont-sur-lausanne-brigitte-besson-candidate-a-la-municipalite#article\",\"isPartOf\":{\"@id\":\"https:\/\/vert-e-s-vd.ch\/nord-lausannois\/blog\/communique-de-presse\/le-mont-sur-lausanne-brigitte-besson-candidate-a-la-municipalite\"},\"author\":{\"name\":\"brigittebesson\",\"@id\":\"https:\/\/vert-e-s-vd.ch\/nord-lausannois\/#\/schema\/person\/ba06422d0f77057b8ade95872355bf83\"},\"headline\":\"Brigitte Besson, candidate \u00e0 la Municipalit\u00e9 du Mont-sur-Lausanne\",\"datePublished\":\"2025-11-07T06:40:42+00:00\",\"dateModified\":\"2025-12-18T12:06:53+00:00\",\"mainEntityOfPage\":{\"@id\":\"https:\/\/vert-e-s-vd.ch\/nord-lausannois\/blog\/communique-de-presse\/le-mont-sur-lausanne-brigitte-besson-candidate-a-la-municipalite\"},\"wordCount\":7,\"articleSection\":[\"Communiqu\u00e9s de presse\",\"Le Mont\"],\"inLanguage\":\"fr-FR\"},{\"@type\":\"WebPage\",\"@id\":\"https:\/\/vert-e-s-vd.ch\/nord-lausannois\/blog\/communique-de-presse\/le-mont-sur-lausanne-brigitte-besson-candidate-a-la-municipalite\",\"url\":\"https:\/\/vert-e-s-vd.ch\/nord-lausannois\/blog\/communique-de-presse\/le-mont-sur-lausanne-brigitte-besson-candidate-a-la-municipalite\",\"name\":\"Brigitte Besson, candidate \u00e0 la Municipalit\u00e9 du Mont-sur-Lausanne - Les VERT-E-S du Nord lausannois\",\"isPartOf\":{\"@id\":\"https:\/\/vert-e-s-vd.ch\/nord-lausannois\/#website\"},\"datePublished\":\"2025-11-07T06:40:42+00:00\",\"dateModified\":\"2025-12-18T12:06:53+00:00\",\"author\":{\"@id\":\"https:\/\/vert-e-s-vd.ch\/nord-lausannois\/#\/schema\/person\/ba06422d0f77057b8ade95872355bf83\"},\"description\":\"La section des Vert\u00b7e\u00b7s du Nord Lausannois et le groupe des Vert\u00b7e\u00b7s du Mont-sur-Lausanne ont le plaisir d\u2019annoncer la candidature de Brigitte Besson \u00e0 la Municipalit\u00e9 lors des \u00e9lections communales de 2026.\",\"breadcrumb\":{\"@id\":\"https:\/\/vert-e-s-vd.ch\/nord-lausannois\/blog\/communique-de-presse\/le-mont-sur-lausanne-brigitte-besson-candidate-a-la-municipalite#breadcrumb\"},\"inLanguage\":\"fr-FR\",\"potentialAction\":[{\"@type\":\"ReadAction\",\"target\":[\"https:\/\/vert-e-s-vd.ch\/nord-lausannois\/blog\/communique-de-presse\/le-mont-sur-lausanne-brigitte-besson-candidate-a-la-municipalite\"]}]},{\"@type\":\"BreadcrumbList\",\"@id\":\"https:\/\/vert-e-s-vd.ch\/nord-lausannois\/blog\/communique-de-presse\/le-mont-sur-lausanne-brigitte-besson-candidate-a-la-municipalite#breadcrumb\",\"itemListElement\":[{\"@type\":\"ListItem\",\"position\":1,\"name\":\"Accueil\",\"item\":\"https:\/\/vert-e-s-vd.ch\/nord-lausannois\/\"},{\"@type\":\"ListItem\",\"position\":2,\"name\":\"Agenda\",\"item\":\"https:\/\/vert-e-s-vd.ch\/nord-lausannois?post_type=tribe_events&tribe_event_display=list#menu-item-70603\"},{\"@type\":\"ListItem\",\"position\":3,\"name\":\"Brigitte Besson, candidate \u00e0 la Municipalit\u00e9 du Mont-sur-Lausanne\"}]},{\"@type\":\"WebSite\",\"@id\":\"https:\/\/vert-e-s-vd.ch\/nord-lausannois\/#website\",\"url\":\"https:\/\/vert-e-s-vd.ch\/nord-lausannois\/\",\"name\":\"Les VERT-E-S du Nord lausannois\",\"description\":\"Une longueur d\u2019avance\",\"potentialAction\":[{\"@type\":\"SearchAction\",\"target\":{\"@type\":\"EntryPoint\",\"urlTemplate\":\"https:\/\/vert-e-s-vd.ch\/nord-lausannois\/?s={search_term_string}\"},\"query-input\":{\"@type\":\"PropertyValueSpecification\",\"valueRequired\":true,\"valueName\":\"search_term_string\"}}],\"inLanguage\":\"fr-FR\"},{\"@type\":\"Person\",\"@id\":\"https:\/\/vert-e-s-vd.ch\/nord-lausannois\/#\/schema\/person\/ba06422d0f77057b8ade95872355bf83\",\"name\":\"brigittebesson\",\"image\":{\"@type\":\"ImageObject\",\"inLanguage\":\"fr-FR\",\"@id\":\"https:\/\/vert-e-s-vd.ch\/nord-lausannois\/#\/schema\/person\/image\/\",\"url\":\"https:\/\/secure.gravatar.com\/avatar\/bd3cc1f8e2b8f4b9c729d3abd194b8814cd9c8034e3b669204a47a4b855da3ad?s=96&d=mm&r=g\",\"contentUrl\":\"https:\/\/secure.gravatar.com\/avatar\/bd3cc1f8e2b8f4b9c729d3abd194b8814cd9c8034e3b669204a47a4b855da3ad?s=96&d=mm&r=g\",\"caption\":\"brigittebesson\"}}]}<\/script>\n<!-- \/ Yoast SEO plugin. -->","yoast_head_json":{"title":"Brigitte Besson, candidate \u00e0 la Municipalit\u00e9 du Mont-sur-Lausanne - Les VERT-E-S du Nord lausannois","description":"La section des Vert\u00b7e\u00b7s du Nord Lausannois et le groupe des Vert\u00b7e\u00b7s du Mont-sur-Lausanne ont le plaisir d\u2019annoncer la candidature de Brigitte Besson \u00e0 la Municipalit\u00e9 lors des \u00e9lections communales de 2026.","robots":{"index":"index","follow":"follow","max-snippet":"max-snippet:-1","max-image-preview":"max-image-preview:large","max-video-preview":"max-video-preview:-1"},"canonical":"https:\/\/vert-e-s-vd.ch\/nord-lausannois\/blog\/communique-de-presse\/le-mont-sur-lausanne-brigitte-besson-candidate-a-la-municipalite","og_locale":"fr_FR","og_type":"article","og_title":"Brigitte Besson, candidate \u00e0 la Municipalit\u00e9 du Mont-sur-Lausanne - Les VERT-E-S du Nord lausannois","og_description":"La section des Vert\u00b7e\u00b7s du Nord Lausannois et le groupe des Vert\u00b7e\u00b7s du Mont-sur-Lausanne ont le plaisir d\u2019annoncer la candidature de \u2026","og_url":"https:\/\/vert-e-s-vd.ch\/nord-lausannois\/blog\/communique-de-presse\/le-mont-sur-lausanne-brigitte-besson-candidate-a-la-municipalite","og_site_name":"Les VERT-E-S du Nord lausannois","article_published_time":"2025-11-07T06:40:42+00:00","article_modified_time":"2025-12-18T12:06:53+00:00","author":"brigittebesson","twitter_card":"summary_large_image","twitter_misc":{"\u00c9crit par":"brigittebesson","Dur\u00e9e de lecture estim\u00e9e":"4 minutes"},"schema":{"@context":"https:\/\/schema.org","@graph":[{"@type":"Article","@id":"https:\/\/vert-e-s-vd.ch\/nord-lausannois\/blog\/communique-de-presse\/le-mont-sur-lausanne-brigitte-besson-candidate-a-la-municipalite#article","isPartOf":{"@id":"https:\/\/vert-e-s-vd.ch\/nord-lausannois\/blog\/communique-de-presse\/le-mont-sur-lausanne-brigitte-besson-candidate-a-la-municipalite"},"author":{"name":"brigittebesson","@id":"https:\/\/vert-e-s-vd.ch\/nord-lausannois\/#\/schema\/person\/ba06422d0f77057b8ade95872355bf83"},"headline":"Brigitte Besson, candidate \u00e0 la Municipalit\u00e9 du Mont-sur-Lausanne","datePublished":"2025-11-07T06:40:42+00:00","dateModified":"2025-12-18T12:06:53+00:00","mainEntityOfPage":{"@id":"https:\/\/vert-e-s-vd.ch\/nord-lausannois\/blog\/communique-de-presse\/le-mont-sur-lausanne-brigitte-besson-candidate-a-la-municipalite"},"wordCount":7,"articleSection":["Communiqu\u00e9s de presse","Le Mont"],"inLanguage":"fr-FR"},{"@type":"WebPage","@id":"https:\/\/vert-e-s-vd.ch\/nord-lausannois\/blog\/communique-de-presse\/le-mont-sur-lausanne-brigitte-besson-candidate-a-la-municipalite","url":"https:\/\/vert-e-s-vd.ch\/nord-lausannois\/blog\/communique-de-presse\/le-mont-sur-lausanne-brigitte-besson-candidate-a-la-municipalite","name":"Brigitte Besson, candidate \u00e0 la Municipalit\u00e9 du Mont-sur-Lausanne - Les VERT-E-S du Nord lausannois","isPartOf":{"@id":"https:\/\/vert-e-s-vd.ch\/nord-lausannois\/#website"},"datePublished":"2025-11-07T06:40:42+00:00","dateModified":"2025-12-18T12:06:53+00:00","author":{"@id":"https:\/\/vert-e-s-vd.ch\/nord-lausannois\/#\/schema\/person\/ba06422d0f77057b8ade95872355bf83"},"description":"La section des Vert\u00b7e\u00b7s du Nord Lausannois et le groupe des Vert\u00b7e\u00b7s du Mont-sur-Lausanne ont le plaisir d\u2019annoncer la candidature de Brigitte Besson \u00e0 la Municipalit\u00e9 lors des \u00e9lections communales de 2026.","breadcrumb":{"@id":"https:\/\/vert-e-s-vd.ch\/nord-lausannois\/blog\/communique-de-presse\/le-mont-sur-lausanne-brigitte-besson-candidate-a-la-municipalite#breadcrumb"},"inLanguage":"fr-FR","potentialAction":[{"@type":"ReadAction","target":["https:\/\/vert-e-s-vd.ch\/nord-lausannois\/blog\/communique-de-presse\/le-mont-sur-lausanne-brigitte-besson-candidate-a-la-municipalite"]}]},{"@type":"BreadcrumbList","@id":"https:\/\/vert-e-s-vd.ch\/nord-lausannois\/blog\/communique-de-presse\/le-mont-sur-lausanne-brigitte-besson-candidate-a-la-municipalite#breadcrumb","itemListElement":[{"@type":"ListItem","position":1,"name":"Accueil","item":"https:\/\/vert-e-s-vd.ch\/nord-lausannois\/"},{"@type":"ListItem","position":2,"name":"Agenda","item":"https:\/\/vert-e-s-vd.ch\/nord-lausannois?post_type=tribe_events&tribe_event_display=list#menu-item-70603"},{"@type":"ListItem","position":3,"name":"Brigitte Besson, candidate \u00e0 la Municipalit\u00e9 du Mont-sur-Lausanne"}]},{"@type":"WebSite","@id":"https:\/\/vert-e-s-vd.ch\/nord-lausannois\/#website","url":"https:\/\/vert-e-s-vd.ch\/nord-lausannois\/","name":"Les VERT-E-S du Nord lausannois","description":"Une longueur d\u2019avance","potentialAction":[{"@type":"SearchAction","target":{"@type":"EntryPoint","urlTemplate":"https:\/\/vert-e-s-vd.ch\/nord-lausannois\/?s={search_term_string}"},"query-input":{"@type":"PropertyValueSpecification","valueRequired":true,"valueName":"search_term_string"}}],"inLanguage":"fr-FR"},{"@type":"Person","@id":"https:\/\/vert-e-s-vd.ch\/nord-lausannois\/#\/schema\/person\/ba06422d0f77057b8ade95872355bf83","name":"brigittebesson","image":{"@type":"ImageObject","inLanguage":"fr-FR","@id":"https:\/\/vert-e-s-vd.ch\/nord-lausannois\/#\/schema\/person\/image\/","url":"https:\/\/secure.gravatar.com\/avatar\/bd3cc1f8e2b8f4b9c729d3abd194b8814cd9c8034e3b669204a47a4b855da3ad?s=96&d=mm&r=g","contentUrl":"https:\/\/secure.gravatar.com\/avatar\/bd3cc1f8e2b8f4b9c729d3abd194b8814cd9c8034e3b669204a47a4b855da3ad?s=96&d=mm&r=g","caption":"brigittebesson"}}]}},"_links":{"self":[{"href":"https:\/\/vert-e-s-vd.ch\/nord-lausannois\/wp-json\/wp\/v2\/posts\/73396","targetHints":{"allow":["GET"]}}],"collection":[{"href":"https:\/\/vert-e-s-vd.ch\/nord-lausannois\/wp-json\/wp\/v2\/posts"}],"about":[{"href":"https:\/\/vert-e-s-vd.ch\/nord-lausannois\/wp-json\/wp\/v2\/types\/post"}],"author":[{"embeddable":true,"href":"https:\/\/vert-e-s-vd.ch\/nord-lausannois\/wp-json\/wp\/v2\/users\/47"}],"replies":[{"embeddable":true,"href":"https:\/\/vert-e-s-vd.ch\/nord-lausannois\/wp-json\/wp\/v2\/comments?post=73396"}],"version-history":[{"count":23,"href":"https:\/\/vert-e-s-vd.ch\/nord-lausannois\/wp-json\/wp\/v2\/posts\/73396\/revisions"}],"predecessor-version":[{"id":73746,"href":"https:\/\/vert-e-s-vd.ch\/nord-lausannois\/wp-json\/wp\/v2\/posts\/73396\/revisions\/73746"}],"wp:attachment":[{"href":"https:\/\/vert-e-s-vd.ch\/nord-lausannois\/wp-json\/wp\/v2\/media?parent=73396"}],"wp:term":[{"taxonomy":"category","embeddable":true,"href":"https:\/\/vert-e-s-vd.ch\/nord-lausannois\/wp-json\/wp\/v2\/categories?post=73396"},{"taxonomy":"post_tag","embeddable":true,"href":"https:\/\/vert-e-s-vd.ch\/nord-lausannois\/wp-json\/wp\/v2\/tags?post=73396"}],"curies":[{"name":"wp","href":"https:\/\/api.w.org\/{rel}","templated":true}]}}