{"id":73041,"date":"2024-06-19T09:18:45","date_gmt":"2024-06-19T07:18:45","guid":{"rendered":"https:\/\/vert-e-s-vd.ch\/nord-lausannois\/blog\/jouxtens-mezery\/interventions-cc-jouxtens-mezery\/communeamiedesenfants-copy-copy"},"modified":"2025-02-13T09:24:01","modified_gmt":"2025-02-13T08:24:01","slug":"du-sucre-au-gout-amer","status":"publish","type":"post","link":"https:\/\/vert-e-s-vd.ch\/nord-lausannois\/blog\/jouxtens-mezery\/interventions-cc-jouxtens-mezery\/du-sucre-au-gout-amer","title":{"rendered":"Interpellation: Du sucre au go\u00fbt amer"},"content":{"rendered":"","protected":false},"excerpt":{"rendered":"","protected":false},"author":68,"featured_media":0,"comment_status":"closed","ping_status":"closed","sticky":false,"template":"","format":"standard","meta":{"_acf_changed":false,"inline_featured_image":false,"footnotes":""},"categories":[457],"tags":[443,450,451],"class_list":["post-73041","post","type-post","status-publish","format-standard","hentry","category-interventions-cc-jouxtens-mezery","tag-construction","tag-marisa-durst","tag-materiaux-naturels"],"acf":[],"yoast_head":"<!-- This site is optimized with the Yoast SEO plugin v26.9 - https:\/\/yoast.com\/product\/yoast-seo-wordpress\/ -->\n<title>Interpellation: Du sucre au go\u00fbt amer - Les VERT-E-S du Nord lausannois<\/title>\n<meta name=\"description\" content=\"Boissons sucr\u00e9es \u00e0 l&#039;\u00e9cole ?\" \/>\n<meta name=\"robots\" content=\"index, follow, max-snippet:-1, max-image-preview:large, max-video-preview:-1\" \/>\n<link rel=\"canonical\" href=\"https:\/\/vert-e-s-vd.ch\/nord-lausannois\/blog\/jouxtens-mezery\/interventions-cc-jouxtens-mezery\/du-sucre-au-gout-amer\" \/>\n<meta property=\"og:locale\" content=\"fr_FR\" \/>\n<meta property=\"og:type\" content=\"article\" \/>\n<meta property=\"og:title\" content=\"Interpellation: Du sucre au go\u00fbt amer - Les VERT-E-S du Nord lausannois\" \/>\n<meta property=\"og:description\" content=\"Boissons sucr\u00e9es \u00e0 l&#039;\u00e9cole ?\" \/>\n<meta property=\"og:url\" content=\"https:\/\/vert-e-s-vd.ch\/nord-lausannois\/blog\/jouxtens-mezery\/interventions-cc-jouxtens-mezery\/du-sucre-au-gout-amer\" \/>\n<meta property=\"og:site_name\" content=\"Les VERT-E-S du Nord lausannois\" \/>\n<meta property=\"article:published_time\" content=\"2024-06-19T07:18:45+00:00\" \/>\n<meta property=\"article:modified_time\" content=\"2025-02-13T08:24:01+00:00\" \/>\n<meta name=\"author\" content=\"jeanyvesleboudec\" \/>\n<meta name=\"twitter:card\" content=\"summary_large_image\" \/>\n<meta name=\"twitter:label1\" content=\"\u00c9crit par\" \/>\n\t<meta name=\"twitter:data1\" content=\"jeanyvesleboudec\" \/>\n\t<meta name=\"twitter:label2\" content=\"Dur\u00e9e de lecture estim\u00e9e\" \/>\n\t<meta name=\"twitter:data2\" content=\"2 minutes\" \/>\n<script type=\"application\/ld+json\" class=\"yoast-schema-graph\">{\"@context\":\"https:\/\/schema.org\",\"@graph\":[{\"@type\":\"Article\",\"@id\":\"https:\/\/vert-e-s-vd.ch\/nord-lausannois\/blog\/jouxtens-mezery\/interventions-cc-jouxtens-mezery\/du-sucre-au-gout-amer#article\",\"isPartOf\":{\"@id\":\"https:\/\/vert-e-s-vd.ch\/nord-lausannois\/blog\/jouxtens-mezery\/interventions-cc-jouxtens-mezery\/du-sucre-au-gout-amer\"},\"author\":{\"name\":\"jeanyvesleboudec\",\"@id\":\"https:\/\/vert-e-s-vd.ch\/nord-lausannois\/#\/schema\/person\/42ee61ca485978e5467c0bb86600100b\"},\"headline\":\"Interpellation: Du sucre au go\u00fbt amer\",\"datePublished\":\"2024-06-19T07:18:45+00:00\",\"dateModified\":\"2025-02-13T08:24:01+00:00\",\"mainEntityOfPage\":{\"@id\":\"https:\/\/vert-e-s-vd.ch\/nord-lausannois\/blog\/jouxtens-mezery\/interventions-cc-jouxtens-mezery\/du-sucre-au-gout-amer\"},\"wordCount\":7,\"keywords\":[\"construction\",\"Marisa D\u00fcrst\",\"mat\u00e9riaux naturels\"],\"articleSection\":[\"Interventions CC Jouxtens-M\u00e9zery\"],\"inLanguage\":\"fr-FR\"},{\"@type\":\"WebPage\",\"@id\":\"https:\/\/vert-e-s-vd.ch\/nord-lausannois\/blog\/jouxtens-mezery\/interventions-cc-jouxtens-mezery\/du-sucre-au-gout-amer\",\"url\":\"https:\/\/vert-e-s-vd.ch\/nord-lausannois\/blog\/jouxtens-mezery\/interventions-cc-jouxtens-mezery\/du-sucre-au-gout-amer\",\"name\":\"Interpellation: Du sucre au go\u00fbt amer - Les VERT-E-S du Nord lausannois\",\"isPartOf\":{\"@id\":\"https:\/\/vert-e-s-vd.ch\/nord-lausannois\/#website\"},\"datePublished\":\"2024-06-19T07:18:45+00:00\",\"dateModified\":\"2025-02-13T08:24:01+00:00\",\"author\":{\"@id\":\"https:\/\/vert-e-s-vd.ch\/nord-lausannois\/#\/schema\/person\/42ee61ca485978e5467c0bb86600100b\"},\"description\":\"Boissons sucr\u00e9es \u00e0 l'\u00e9cole ?\",\"breadcrumb\":{\"@id\":\"https:\/\/vert-e-s-vd.ch\/nord-lausannois\/blog\/jouxtens-mezery\/interventions-cc-jouxtens-mezery\/du-sucre-au-gout-amer#breadcrumb\"},\"inLanguage\":\"fr-FR\",\"potentialAction\":[{\"@type\":\"ReadAction\",\"target\":[\"https:\/\/vert-e-s-vd.ch\/nord-lausannois\/blog\/jouxtens-mezery\/interventions-cc-jouxtens-mezery\/du-sucre-au-gout-amer\"]}]},{\"@type\":\"BreadcrumbList\",\"@id\":\"https:\/\/vert-e-s-vd.ch\/nord-lausannois\/blog\/jouxtens-mezery\/interventions-cc-jouxtens-mezery\/du-sucre-au-gout-amer#breadcrumb\",\"itemListElement\":[{\"@type\":\"ListItem\",\"position\":1,\"name\":\"Accueil\",\"item\":\"https:\/\/vert-e-s-vd.ch\/nord-lausannois\/\"},{\"@type\":\"ListItem\",\"position\":2,\"name\":\"Agenda\",\"item\":\"https:\/\/vert-e-s-vd.ch\/nord-lausannois?post_type=tribe_events&tribe_event_display=list#menu-item-70603\"},{\"@type\":\"ListItem\",\"position\":3,\"name\":\"Interpellation: Du sucre au go\u00fbt amer\"}]},{\"@type\":\"WebSite\",\"@id\":\"https:\/\/vert-e-s-vd.ch\/nord-lausannois\/#website\",\"url\":\"https:\/\/vert-e-s-vd.ch\/nord-lausannois\/\",\"name\":\"Les VERT-E-S du Nord lausannois\",\"description\":\"Une longueur d\u2019avance\",\"potentialAction\":[{\"@type\":\"SearchAction\",\"target\":{\"@type\":\"EntryPoint\",\"urlTemplate\":\"https:\/\/vert-e-s-vd.ch\/nord-lausannois\/?s={search_term_string}\"},\"query-input\":{\"@type\":\"PropertyValueSpecification\",\"valueRequired\":true,\"valueName\":\"search_term_string\"}}],\"inLanguage\":\"fr-FR\"},{\"@type\":\"Person\",\"@id\":\"https:\/\/vert-e-s-vd.ch\/nord-lausannois\/#\/schema\/person\/42ee61ca485978e5467c0bb86600100b\",\"name\":\"jeanyvesleboudec\",\"image\":{\"@type\":\"ImageObject\",\"inLanguage\":\"fr-FR\",\"@id\":\"https:\/\/vert-e-s-vd.ch\/nord-lausannois\/#\/schema\/person\/image\/\",\"url\":\"https:\/\/secure.gravatar.com\/avatar\/36e170c4c6ff0b531c24b54e9c8da6fd250dd391294db4ce41ea69fb963240a0?s=96&d=mm&r=g\",\"contentUrl\":\"https:\/\/secure.gravatar.com\/avatar\/36e170c4c6ff0b531c24b54e9c8da6fd250dd391294db4ce41ea69fb963240a0?s=96&d=mm&r=g\",\"caption\":\"jeanyvesleboudec\"}}]}<\/script>\n<!-- \/ Yoast SEO plugin. -->","yoast_head_json":{"title":"Interpellation: Du sucre au go\u00fbt amer - Les VERT-E-S du Nord lausannois","description":"Boissons sucr\u00e9es \u00e0 l'\u00e9cole ?","robots":{"index":"index","follow":"follow","max-snippet":"max-snippet:-1","max-image-preview":"max-image-preview:large","max-video-preview":"max-video-preview:-1"},"canonical":"https:\/\/vert-e-s-vd.ch\/nord-lausannois\/blog\/jouxtens-mezery\/interventions-cc-jouxtens-mezery\/du-sucre-au-gout-amer","og_locale":"fr_FR","og_type":"article","og_title":"Interpellation: Du sucre au go\u00fbt amer - Les VERT-E-S du Nord lausannois","og_description":"Boissons sucr\u00e9es \u00e0 l'\u00e9cole ?","og_url":"https:\/\/vert-e-s-vd.ch\/nord-lausannois\/blog\/jouxtens-mezery\/interventions-cc-jouxtens-mezery\/du-sucre-au-gout-amer","og_site_name":"Les VERT-E-S du Nord lausannois","article_published_time":"2024-06-19T07:18:45+00:00","article_modified_time":"2025-02-13T08:24:01+00:00","author":"jeanyvesleboudec","twitter_card":"summary_large_image","twitter_misc":{"\u00c9crit par":"jeanyvesleboudec","Dur\u00e9e de lecture estim\u00e9e":"2 minutes"},"schema":{"@context":"https:\/\/schema.org","@graph":[{"@type":"Article","@id":"https:\/\/vert-e-s-vd.ch\/nord-lausannois\/blog\/jouxtens-mezery\/interventions-cc-jouxtens-mezery\/du-sucre-au-gout-amer#article","isPartOf":{"@id":"https:\/\/vert-e-s-vd.ch\/nord-lausannois\/blog\/jouxtens-mezery\/interventions-cc-jouxtens-mezery\/du-sucre-au-gout-amer"},"author":{"name":"jeanyvesleboudec","@id":"https:\/\/vert-e-s-vd.ch\/nord-lausannois\/#\/schema\/person\/42ee61ca485978e5467c0bb86600100b"},"headline":"Interpellation: Du sucre au go\u00fbt amer","datePublished":"2024-06-19T07:18:45+00:00","dateModified":"2025-02-13T08:24:01+00:00","mainEntityOfPage":{"@id":"https:\/\/vert-e-s-vd.ch\/nord-lausannois\/blog\/jouxtens-mezery\/interventions-cc-jouxtens-mezery\/du-sucre-au-gout-amer"},"wordCount":7,"keywords":["construction","Marisa D\u00fcrst","mat\u00e9riaux naturels"],"articleSection":["Interventions CC Jouxtens-M\u00e9zery"],"inLanguage":"fr-FR"},{"@type":"WebPage","@id":"https:\/\/vert-e-s-vd.ch\/nord-lausannois\/blog\/jouxtens-mezery\/interventions-cc-jouxtens-mezery\/du-sucre-au-gout-amer","url":"https:\/\/vert-e-s-vd.ch\/nord-lausannois\/blog\/jouxtens-mezery\/interventions-cc-jouxtens-mezery\/du-sucre-au-gout-amer","name":"Interpellation: Du sucre au go\u00fbt amer - Les VERT-E-S du Nord lausannois","isPartOf":{"@id":"https:\/\/vert-e-s-vd.ch\/nord-lausannois\/#website"},"datePublished":"2024-06-19T07:18:45+00:00","dateModified":"2025-02-13T08:24:01+00:00","author":{"@id":"https:\/\/vert-e-s-vd.ch\/nord-lausannois\/#\/schema\/person\/42ee61ca485978e5467c0bb86600100b"},"description":"Boissons sucr\u00e9es \u00e0 l'\u00e9cole ?","breadcrumb":{"@id":"https:\/\/vert-e-s-vd.ch\/nord-lausannois\/blog\/jouxtens-mezery\/interventions-cc-jouxtens-mezery\/du-sucre-au-gout-amer#breadcrumb"},"inLanguage":"fr-FR","potentialAction":[{"@type":"ReadAction","target":["https:\/\/vert-e-s-vd.ch\/nord-lausannois\/blog\/jouxtens-mezery\/interventions-cc-jouxtens-mezery\/du-sucre-au-gout-amer"]}]},{"@type":"BreadcrumbList","@id":"https:\/\/vert-e-s-vd.ch\/nord-lausannois\/blog\/jouxtens-mezery\/interventions-cc-jouxtens-mezery\/du-sucre-au-gout-amer#breadcrumb","itemListElement":[{"@type":"ListItem","position":1,"name":"Accueil","item":"https:\/\/vert-e-s-vd.ch\/nord-lausannois\/"},{"@type":"ListItem","position":2,"name":"Agenda","item":"https:\/\/vert-e-s-vd.ch\/nord-lausannois?post_type=tribe_events&tribe_event_display=list#menu-item-70603"},{"@type":"ListItem","position":3,"name":"Interpellation: Du sucre au go\u00fbt amer"}]},{"@type":"WebSite","@id":"https:\/\/vert-e-s-vd.ch\/nord-lausannois\/#website","url":"https:\/\/vert-e-s-vd.ch\/nord-lausannois\/","name":"Les VERT-E-S du Nord lausannois","description":"Une longueur d\u2019avance","potentialAction":[{"@type":"SearchAction","target":{"@type":"EntryPoint","urlTemplate":"https:\/\/vert-e-s-vd.ch\/nord-lausannois\/?s={search_term_string}"},"query-input":{"@type":"PropertyValueSpecification","valueRequired":true,"valueName":"search_term_string"}}],"inLanguage":"fr-FR"},{"@type":"Person","@id":"https:\/\/vert-e-s-vd.ch\/nord-lausannois\/#\/schema\/person\/42ee61ca485978e5467c0bb86600100b","name":"jeanyvesleboudec","image":{"@type":"ImageObject","inLanguage":"fr-FR","@id":"https:\/\/vert-e-s-vd.ch\/nord-lausannois\/#\/schema\/person\/image\/","url":"https:\/\/secure.gravatar.com\/avatar\/36e170c4c6ff0b531c24b54e9c8da6fd250dd391294db4ce41ea69fb963240a0?s=96&d=mm&r=g","contentUrl":"https:\/\/secure.gravatar.com\/avatar\/36e170c4c6ff0b531c24b54e9c8da6fd250dd391294db4ce41ea69fb963240a0?s=96&d=mm&r=g","caption":"jeanyvesleboudec"}}]}},"_links":{"self":[{"href":"https:\/\/vert-e-s-vd.ch\/nord-lausannois\/wp-json\/wp\/v2\/posts\/73041","targetHints":{"allow":["GET"]}}],"collection":[{"href":"https:\/\/vert-e-s-vd.ch\/nord-lausannois\/wp-json\/wp\/v2\/posts"}],"about":[{"href":"https:\/\/vert-e-s-vd.ch\/nord-lausannois\/wp-json\/wp\/v2\/types\/post"}],"author":[{"embeddable":true,"href":"https:\/\/vert-e-s-vd.ch\/nord-lausannois\/wp-json\/wp\/v2\/users\/68"}],"replies":[{"embeddable":true,"href":"https:\/\/vert-e-s-vd.ch\/nord-lausannois\/wp-json\/wp\/v2\/comments?post=73041"}],"version-history":[{"count":2,"href":"https:\/\/vert-e-s-vd.ch\/nord-lausannois\/wp-json\/wp\/v2\/posts\/73041\/revisions"}],"predecessor-version":[{"id":73043,"href":"https:\/\/vert-e-s-vd.ch\/nord-lausannois\/wp-json\/wp\/v2\/posts\/73041\/revisions\/73043"}],"wp:attachment":[{"href":"https:\/\/vert-e-s-vd.ch\/nord-lausannois\/wp-json\/wp\/v2\/media?parent=73041"}],"wp:term":[{"taxonomy":"category","embeddable":true,"href":"https:\/\/vert-e-s-vd.ch\/nord-lausannois\/wp-json\/wp\/v2\/categories?post=73041"},{"taxonomy":"post_tag","embeddable":true,"href":"https:\/\/vert-e-s-vd.ch\/nord-lausannois\/wp-json\/wp\/v2\/tags?post=73041"}],"curies":[{"name":"wp","href":"https:\/\/api.w.org\/{rel}","templated":true}]}}