{"id":428,"date":"2018-10-10T13:29:29","date_gmt":"2018-10-10T12:29:29","guid":{"rendered":"https:\/\/vert-e-s-vd.ch\/nord-lausannois\/?p=428"},"modified":"2021-02-03T15:41:06","modified_gmt":"2021-02-03T14:41:06","slug":"une-association-contre-la-fiscalite-immobiliere-agricole-inacceptable","status":"publish","type":"post","link":"https:\/\/vert-e-s-vd.ch\/nord-lausannois\/blog\/gros-de-vaud\/une-association-contre-la-fiscalite-immobiliere-agricole-inacceptable","title":{"rendered":"Une association contre la fiscalit\u00e9 immobili\u00e8re agricole inacceptable"},"content":{"rendered":"","protected":false},"excerpt":{"rendered":"","protected":false},"author":3,"featured_media":0,"comment_status":"closed","ping_status":"closed","sticky":false,"template":"","format":"standard","meta":{"_acf_changed":false,"inline_featured_image":false,"footnotes":""},"categories":[413,402],"tags":[363,401,403,404],"class_list":["post-428","post","type-post","status-publish","format-standard","hentry","category-communique-de-presse","category-gros-de-vaud","tag-agriculture","tag-fiscalite","tag-immobilier","tag-impots"],"acf":[],"yoast_head":"<!-- This site is optimized with the Yoast SEO plugin v26.9 - https:\/\/yoast.com\/product\/yoast-seo-wordpress\/ -->\n<title>Une association contre la fiscalit\u00e9 immobili\u00e8re agricole inacceptable - Les VERT-E-S du Nord lausannois<\/title>\n<meta name=\"robots\" content=\"index, follow, max-snippet:-1, max-image-preview:large, max-video-preview:-1\" \/>\n<link rel=\"canonical\" href=\"https:\/\/vert-e-s-vd.ch\/nord-lausannois\/blog\/gros-de-vaud\/une-association-contre-la-fiscalite-immobiliere-agricole-inacceptable\" \/>\n<meta property=\"og:locale\" content=\"fr_FR\" \/>\n<meta property=\"og:type\" content=\"article\" \/>\n<meta property=\"og:title\" content=\"Une association contre la fiscalit\u00e9 immobili\u00e8re agricole inacceptable - Les VERT-E-S du Nord lausannois\" \/>\n<meta property=\"og:url\" content=\"https:\/\/vert-e-s-vd.ch\/nord-lausannois\/blog\/gros-de-vaud\/une-association-contre-la-fiscalite-immobiliere-agricole-inacceptable\" \/>\n<meta property=\"og:site_name\" content=\"Les VERT-E-S du Nord lausannois\" \/>\n<meta property=\"article:published_time\" content=\"2018-10-10T12:29:29+00:00\" \/>\n<meta property=\"article:modified_time\" content=\"2021-02-03T14:41:06+00:00\" \/>\n<meta name=\"author\" content=\"anne\" \/>\n<meta name=\"twitter:card\" content=\"summary_large_image\" \/>\n<meta name=\"twitter:label1\" content=\"\u00c9crit par\" \/>\n\t<meta name=\"twitter:data1\" content=\"anne\" \/>\n<script type=\"application\/ld+json\" class=\"yoast-schema-graph\">{\"@context\":\"https:\/\/schema.org\",\"@graph\":[{\"@type\":\"Article\",\"@id\":\"https:\/\/vert-e-s-vd.ch\/nord-lausannois\/blog\/gros-de-vaud\/une-association-contre-la-fiscalite-immobiliere-agricole-inacceptable#article\",\"isPartOf\":{\"@id\":\"https:\/\/vert-e-s-vd.ch\/nord-lausannois\/blog\/gros-de-vaud\/une-association-contre-la-fiscalite-immobiliere-agricole-inacceptable\"},\"author\":{\"name\":\"anne\",\"@id\":\"https:\/\/vert-e-s-vd.ch\/nord-lausannois\/#\/schema\/person\/37417f96e39e515a5b87cd69a2e0a9b9\"},\"headline\":\"Une association contre la fiscalit\u00e9 immobili\u00e8re agricole inacceptable\",\"datePublished\":\"2018-10-10T12:29:29+00:00\",\"dateModified\":\"2021-02-03T14:41:06+00:00\",\"mainEntityOfPage\":{\"@id\":\"https:\/\/vert-e-s-vd.ch\/nord-lausannois\/blog\/gros-de-vaud\/une-association-contre-la-fiscalite-immobiliere-agricole-inacceptable\"},\"wordCount\":9,\"keywords\":[\"agriculture\",\"fiscalit\u00e9\",\"immobilier\",\"imp\u00f4ts\"],\"articleSection\":[\"Communiqu\u00e9s de presse\",\"Gros-de-Vaud\"],\"inLanguage\":\"fr-FR\"},{\"@type\":\"WebPage\",\"@id\":\"https:\/\/vert-e-s-vd.ch\/nord-lausannois\/blog\/gros-de-vaud\/une-association-contre-la-fiscalite-immobiliere-agricole-inacceptable\",\"url\":\"https:\/\/vert-e-s-vd.ch\/nord-lausannois\/blog\/gros-de-vaud\/une-association-contre-la-fiscalite-immobiliere-agricole-inacceptable\",\"name\":\"Une association contre la fiscalit\u00e9 immobili\u00e8re agricole inacceptable - Les VERT-E-S du Nord lausannois\",\"isPartOf\":{\"@id\":\"https:\/\/vert-e-s-vd.ch\/nord-lausannois\/#website\"},\"datePublished\":\"2018-10-10T12:29:29+00:00\",\"dateModified\":\"2021-02-03T14:41:06+00:00\",\"author\":{\"@id\":\"https:\/\/vert-e-s-vd.ch\/nord-lausannois\/#\/schema\/person\/37417f96e39e515a5b87cd69a2e0a9b9\"},\"breadcrumb\":{\"@id\":\"https:\/\/vert-e-s-vd.ch\/nord-lausannois\/blog\/gros-de-vaud\/une-association-contre-la-fiscalite-immobiliere-agricole-inacceptable#breadcrumb\"},\"inLanguage\":\"fr-FR\",\"potentialAction\":[{\"@type\":\"ReadAction\",\"target\":[\"https:\/\/vert-e-s-vd.ch\/nord-lausannois\/blog\/gros-de-vaud\/une-association-contre-la-fiscalite-immobiliere-agricole-inacceptable\"]}]},{\"@type\":\"BreadcrumbList\",\"@id\":\"https:\/\/vert-e-s-vd.ch\/nord-lausannois\/blog\/gros-de-vaud\/une-association-contre-la-fiscalite-immobiliere-agricole-inacceptable#breadcrumb\",\"itemListElement\":[{\"@type\":\"ListItem\",\"position\":1,\"name\":\"Accueil\",\"item\":\"https:\/\/vert-e-s-vd.ch\/nord-lausannois\/\"},{\"@type\":\"ListItem\",\"position\":2,\"name\":\"Agenda\",\"item\":\"https:\/\/vert-e-s-vd.ch\/nord-lausannois?post_type=tribe_events&tribe_event_display=list#menu-item-70603\"},{\"@type\":\"ListItem\",\"position\":3,\"name\":\"Une association contre la fiscalit\u00e9 immobili\u00e8re agricole inacceptable\"}]},{\"@type\":\"WebSite\",\"@id\":\"https:\/\/vert-e-s-vd.ch\/nord-lausannois\/#website\",\"url\":\"https:\/\/vert-e-s-vd.ch\/nord-lausannois\/\",\"name\":\"Les VERT-E-S du Nord lausannois\",\"description\":\"Une longueur d\u2019avance\",\"potentialAction\":[{\"@type\":\"SearchAction\",\"target\":{\"@type\":\"EntryPoint\",\"urlTemplate\":\"https:\/\/vert-e-s-vd.ch\/nord-lausannois\/?s={search_term_string}\"},\"query-input\":{\"@type\":\"PropertyValueSpecification\",\"valueRequired\":true,\"valueName\":\"search_term_string\"}}],\"inLanguage\":\"fr-FR\"},{\"@type\":\"Person\",\"@id\":\"https:\/\/vert-e-s-vd.ch\/nord-lausannois\/#\/schema\/person\/37417f96e39e515a5b87cd69a2e0a9b9\",\"name\":\"anne\",\"image\":{\"@type\":\"ImageObject\",\"inLanguage\":\"fr-FR\",\"@id\":\"https:\/\/vert-e-s-vd.ch\/nord-lausannois\/#\/schema\/person\/image\/\",\"url\":\"https:\/\/secure.gravatar.com\/avatar\/0570858af84b31d095da3690f5a9966acd8cb2fe533763d24c6510190b6cd0ec?s=96&d=mm&r=g\",\"contentUrl\":\"https:\/\/secure.gravatar.com\/avatar\/0570858af84b31d095da3690f5a9966acd8cb2fe533763d24c6510190b6cd0ec?s=96&d=mm&r=g\",\"caption\":\"anne\"}}]}<\/script>\n<!-- \/ Yoast SEO plugin. -->","yoast_head_json":{"title":"Une association contre la fiscalit\u00e9 immobili\u00e8re agricole inacceptable - Les VERT-E-S du Nord lausannois","robots":{"index":"index","follow":"follow","max-snippet":"max-snippet:-1","max-image-preview":"max-image-preview:large","max-video-preview":"max-video-preview:-1"},"canonical":"https:\/\/vert-e-s-vd.ch\/nord-lausannois\/blog\/gros-de-vaud\/une-association-contre-la-fiscalite-immobiliere-agricole-inacceptable","og_locale":"fr_FR","og_type":"article","og_title":"Une association contre la fiscalit\u00e9 immobili\u00e8re agricole inacceptable - Les VERT-E-S du Nord lausannois","og_url":"https:\/\/vert-e-s-vd.ch\/nord-lausannois\/blog\/gros-de-vaud\/une-association-contre-la-fiscalite-immobiliere-agricole-inacceptable","og_site_name":"Les VERT-E-S du Nord lausannois","article_published_time":"2018-10-10T12:29:29+00:00","article_modified_time":"2021-02-03T14:41:06+00:00","author":"anne","twitter_card":"summary_large_image","twitter_misc":{"\u00c9crit par":"anne"},"schema":{"@context":"https:\/\/schema.org","@graph":[{"@type":"Article","@id":"https:\/\/vert-e-s-vd.ch\/nord-lausannois\/blog\/gros-de-vaud\/une-association-contre-la-fiscalite-immobiliere-agricole-inacceptable#article","isPartOf":{"@id":"https:\/\/vert-e-s-vd.ch\/nord-lausannois\/blog\/gros-de-vaud\/une-association-contre-la-fiscalite-immobiliere-agricole-inacceptable"},"author":{"name":"anne","@id":"https:\/\/vert-e-s-vd.ch\/nord-lausannois\/#\/schema\/person\/37417f96e39e515a5b87cd69a2e0a9b9"},"headline":"Une association contre la fiscalit\u00e9 immobili\u00e8re agricole inacceptable","datePublished":"2018-10-10T12:29:29+00:00","dateModified":"2021-02-03T14:41:06+00:00","mainEntityOfPage":{"@id":"https:\/\/vert-e-s-vd.ch\/nord-lausannois\/blog\/gros-de-vaud\/une-association-contre-la-fiscalite-immobiliere-agricole-inacceptable"},"wordCount":9,"keywords":["agriculture","fiscalit\u00e9","immobilier","imp\u00f4ts"],"articleSection":["Communiqu\u00e9s de presse","Gros-de-Vaud"],"inLanguage":"fr-FR"},{"@type":"WebPage","@id":"https:\/\/vert-e-s-vd.ch\/nord-lausannois\/blog\/gros-de-vaud\/une-association-contre-la-fiscalite-immobiliere-agricole-inacceptable","url":"https:\/\/vert-e-s-vd.ch\/nord-lausannois\/blog\/gros-de-vaud\/une-association-contre-la-fiscalite-immobiliere-agricole-inacceptable","name":"Une association contre la fiscalit\u00e9 immobili\u00e8re agricole inacceptable - Les VERT-E-S du Nord lausannois","isPartOf":{"@id":"https:\/\/vert-e-s-vd.ch\/nord-lausannois\/#website"},"datePublished":"2018-10-10T12:29:29+00:00","dateModified":"2021-02-03T14:41:06+00:00","author":{"@id":"https:\/\/vert-e-s-vd.ch\/nord-lausannois\/#\/schema\/person\/37417f96e39e515a5b87cd69a2e0a9b9"},"breadcrumb":{"@id":"https:\/\/vert-e-s-vd.ch\/nord-lausannois\/blog\/gros-de-vaud\/une-association-contre-la-fiscalite-immobiliere-agricole-inacceptable#breadcrumb"},"inLanguage":"fr-FR","potentialAction":[{"@type":"ReadAction","target":["https:\/\/vert-e-s-vd.ch\/nord-lausannois\/blog\/gros-de-vaud\/une-association-contre-la-fiscalite-immobiliere-agricole-inacceptable"]}]},{"@type":"BreadcrumbList","@id":"https:\/\/vert-e-s-vd.ch\/nord-lausannois\/blog\/gros-de-vaud\/une-association-contre-la-fiscalite-immobiliere-agricole-inacceptable#breadcrumb","itemListElement":[{"@type":"ListItem","position":1,"name":"Accueil","item":"https:\/\/vert-e-s-vd.ch\/nord-lausannois\/"},{"@type":"ListItem","position":2,"name":"Agenda","item":"https:\/\/vert-e-s-vd.ch\/nord-lausannois?post_type=tribe_events&tribe_event_display=list#menu-item-70603"},{"@type":"ListItem","position":3,"name":"Une association contre la fiscalit\u00e9 immobili\u00e8re agricole inacceptable"}]},{"@type":"WebSite","@id":"https:\/\/vert-e-s-vd.ch\/nord-lausannois\/#website","url":"https:\/\/vert-e-s-vd.ch\/nord-lausannois\/","name":"Les VERT-E-S du Nord lausannois","description":"Une longueur d\u2019avance","potentialAction":[{"@type":"SearchAction","target":{"@type":"EntryPoint","urlTemplate":"https:\/\/vert-e-s-vd.ch\/nord-lausannois\/?s={search_term_string}"},"query-input":{"@type":"PropertyValueSpecification","valueRequired":true,"valueName":"search_term_string"}}],"inLanguage":"fr-FR"},{"@type":"Person","@id":"https:\/\/vert-e-s-vd.ch\/nord-lausannois\/#\/schema\/person\/37417f96e39e515a5b87cd69a2e0a9b9","name":"anne","image":{"@type":"ImageObject","inLanguage":"fr-FR","@id":"https:\/\/vert-e-s-vd.ch\/nord-lausannois\/#\/schema\/person\/image\/","url":"https:\/\/secure.gravatar.com\/avatar\/0570858af84b31d095da3690f5a9966acd8cb2fe533763d24c6510190b6cd0ec?s=96&d=mm&r=g","contentUrl":"https:\/\/secure.gravatar.com\/avatar\/0570858af84b31d095da3690f5a9966acd8cb2fe533763d24c6510190b6cd0ec?s=96&d=mm&r=g","caption":"anne"}}]}},"_links":{"self":[{"href":"https:\/\/vert-e-s-vd.ch\/nord-lausannois\/wp-json\/wp\/v2\/posts\/428","targetHints":{"allow":["GET"]}}],"collection":[{"href":"https:\/\/vert-e-s-vd.ch\/nord-lausannois\/wp-json\/wp\/v2\/posts"}],"about":[{"href":"https:\/\/vert-e-s-vd.ch\/nord-lausannois\/wp-json\/wp\/v2\/types\/post"}],"author":[{"embeddable":true,"href":"https:\/\/vert-e-s-vd.ch\/nord-lausannois\/wp-json\/wp\/v2\/users\/3"}],"replies":[{"embeddable":true,"href":"https:\/\/vert-e-s-vd.ch\/nord-lausannois\/wp-json\/wp\/v2\/comments?post=428"}],"version-history":[{"count":1,"href":"https:\/\/vert-e-s-vd.ch\/nord-lausannois\/wp-json\/wp\/v2\/posts\/428\/revisions"}],"predecessor-version":[{"id":70994,"href":"https:\/\/vert-e-s-vd.ch\/nord-lausannois\/wp-json\/wp\/v2\/posts\/428\/revisions\/70994"}],"wp:attachment":[{"href":"https:\/\/vert-e-s-vd.ch\/nord-lausannois\/wp-json\/wp\/v2\/media?parent=428"}],"wp:term":[{"taxonomy":"category","embeddable":true,"href":"https:\/\/vert-e-s-vd.ch\/nord-lausannois\/wp-json\/wp\/v2\/categories?post=428"},{"taxonomy":"post_tag","embeddable":true,"href":"https:\/\/vert-e-s-vd.ch\/nord-lausannois\/wp-json\/wp\/v2\/tags?post=428"}],"curies":[{"name":"wp","href":"https:\/\/api.w.org\/{rel}","templated":true}]}}