{"id":776,"date":"2017-03-03T17:25:15","date_gmt":"2017-03-03T16:25:15","guid":{"rendered":"https:\/\/vert-e-s-vd.ch\/morges\/?p=776"},"modified":"2021-01-08T12:30:26","modified_gmt":"2021-01-08T11:30:26","slug":"les-elections-vos-oignons","status":"publish","type":"post","link":"https:\/\/vert-e-s-vd.ch\/morges\/blog\/morges\/les-elections-vos-oignons","title":{"rendered":"Les \u00e9lections, c\u2019est vos oignons !"},"content":{"rendered":"","protected":false},"excerpt":{"rendered":"","protected":false},"author":0,"featured_media":775,"comment_status":"open","ping_status":"open","sticky":false,"template":"","format":"standard","meta":{"_acf_changed":false,"inline_featured_image":false,"footnotes":""},"categories":[398,417,414,516,396],"tags":[505,506,363,364,507,430,508,509,510,511,457,512,513,514,515,444,337,517,518,519,520,521,522,523,524,409,525,526,446,527,528,529,530,411,531],"class_list":["post-776","post","type-post","status-publish","format-standard","has-post-thumbnail","hentry","category-actions-diverses","category-communiques","category-cossonay","category-elections-cantonales-2017","category-morges","tag-505","tag-30-avril","tag-agriculture","tag-alimentation","tag-andre","tag-autoroute","tag-autoroutier","tag-beguin","tag-cantonales","tag-chanson","tag-communales","tag-coutournement","tag-descuves","tag-district","tag-durussel","tag-elections","tag-environnement","tag-gay","tag-gemperli","tag-grand-conseil","tag-gutknecht","tag-jaquet","tag-mahaim","tag-maury","tag-moreau-shmatenko","tag-morges","tag-ogay","tag-oignons","tag-podio","tag-proximite","tag-stern-grin","tag-vaud","tag-vd2017","tag-verts","tag-wust"],"acf":[],"yoast_head":"<!-- This site is optimized with the Yoast SEO plugin v26.9 - https:\/\/yoast.com\/product\/yoast-seo-wordpress\/ -->\n<title>Les \u00e9lections, c\u2019est vos oignons ! - Les Vert\u00b7e\u00b7s du district de Morges<\/title>\n<meta name=\"robots\" content=\"index, follow, max-snippet:-1, max-image-preview:large, max-video-preview:-1\" \/>\n<link rel=\"canonical\" href=\"https:\/\/vert-e-s-vd.ch\/morges\/blog\/morges\/les-elections-vos-oignons\" \/>\n<meta property=\"og:locale\" content=\"fr_FR\" \/>\n<meta property=\"og:type\" content=\"article\" \/>\n<meta property=\"og:title\" content=\"Les \u00e9lections, c\u2019est vos oignons ! - Les Vert\u00b7e\u00b7s du district de Morges\" \/>\n<meta property=\"og:url\" content=\"https:\/\/vert-e-s-vd.ch\/morges\/blog\/morges\/les-elections-vos-oignons\" \/>\n<meta property=\"og:site_name\" content=\"Les Vert\u00b7e\u00b7s du district de Morges\" \/>\n<meta property=\"article:published_time\" content=\"2017-03-03T16:25:15+00:00\" \/>\n<meta property=\"article:modified_time\" content=\"2021-01-08T11:30:26+00:00\" \/>\n<meta property=\"og:image\" content=\"https:\/\/vert-e-s-vd.ch\/morges\/wp-content\/uploads\/sites\/8\/2017\/03\/elections_cantonales_morges-1200x0-c-default.png\" \/>\n\t<meta property=\"og:image:width\" content=\"1200\" \/>\n\t<meta property=\"og:image:height\" content=\"306\" \/>\n\t<meta property=\"og:image:type\" content=\"image\/png\" \/>\n<meta name=\"twitter:card\" content=\"summary_large_image\" \/>\n<script type=\"application\/ld+json\" class=\"yoast-schema-graph\">{\"@context\":\"https:\/\/schema.org\",\"@graph\":[{\"@type\":\"Article\",\"@id\":\"https:\/\/vert-e-s-vd.ch\/morges\/blog\/morges\/les-elections-vos-oignons#article\",\"isPartOf\":{\"@id\":\"https:\/\/vert-e-s-vd.ch\/morges\/blog\/morges\/les-elections-vos-oignons\"},\"author\":{\"name\":\"\",\"@id\":\"\"},\"headline\":\"Les \u00e9lections, c\u2019est vos oignons !\",\"datePublished\":\"2017-03-03T16:25:15+00:00\",\"dateModified\":\"2021-01-08T11:30:26+00:00\",\"mainEntityOfPage\":{\"@id\":\"https:\/\/vert-e-s-vd.ch\/morges\/blog\/morges\/les-elections-vos-oignons\"},\"wordCount\":6,\"commentCount\":0,\"image\":{\"@id\":\"https:\/\/vert-e-s-vd.ch\/morges\/blog\/morges\/les-elections-vos-oignons#primaryimage\"},\"thumbnailUrl\":\"https:\/\/vert-e-s-vd.ch\/morges\/wp-content\/uploads\/sites\/8\/2017\/03\/elections_cantonales_morges-2560x0-c-default.png\",\"keywords\":[\"2017\",\"30 avril\",\"agriculture\",\"alimentation\",\"andr\u00e9\",\"autoroute\",\"autoroutier\",\"b\u00e9guin\",\"cantonales\",\"chanson\",\"communales\",\"coutournement\",\"descuves\",\"district\",\"durussel\",\"elections\",\"environnement\",\"gay\",\"gemperli\",\"grand conseil\",\"gutknecht\",\"jaquet\",\"mahaim\",\"maury\",\"moreau shmatenko\",\"Morges\",\"ogay\",\"oignons\",\"podio\",\"proximit\u00e9\",\"stern-grin\",\"vaud\",\"vd2017\",\"verts\",\"w\u00fbst\"],\"articleSection\":[\"Actions diverses\",\"Communiqu\u00e9s\",\"Cossonay\",\"Elections cantonales 2017\",\"Morges\"],\"inLanguage\":\"fr-FR\"},{\"@type\":\"WebPage\",\"@id\":\"https:\/\/vert-e-s-vd.ch\/morges\/blog\/morges\/les-elections-vos-oignons\",\"url\":\"https:\/\/vert-e-s-vd.ch\/morges\/blog\/morges\/les-elections-vos-oignons\",\"name\":\"Les \u00e9lections, c\u2019est vos oignons ! - Les Vert\u00b7e\u00b7s du district de Morges\",\"isPartOf\":{\"@id\":\"https:\/\/vert-e-s-vd.ch\/morges\/#website\"},\"primaryImageOfPage\":{\"@id\":\"https:\/\/vert-e-s-vd.ch\/morges\/blog\/morges\/les-elections-vos-oignons#primaryimage\"},\"image\":{\"@id\":\"https:\/\/vert-e-s-vd.ch\/morges\/blog\/morges\/les-elections-vos-oignons#primaryimage\"},\"thumbnailUrl\":\"https:\/\/vert-e-s-vd.ch\/morges\/wp-content\/uploads\/sites\/8\/2017\/03\/elections_cantonales_morges-2560x0-c-default.png\",\"datePublished\":\"2017-03-03T16:25:15+00:00\",\"dateModified\":\"2021-01-08T11:30:26+00:00\",\"author\":{\"@id\":\"\"},\"breadcrumb\":{\"@id\":\"https:\/\/vert-e-s-vd.ch\/morges\/blog\/morges\/les-elections-vos-oignons#breadcrumb\"},\"inLanguage\":\"fr-FR\",\"potentialAction\":[{\"@type\":\"ReadAction\",\"target\":[\"https:\/\/vert-e-s-vd.ch\/morges\/blog\/morges\/les-elections-vos-oignons\"]}]},{\"@type\":\"ImageObject\",\"inLanguage\":\"fr-FR\",\"@id\":\"https:\/\/vert-e-s-vd.ch\/morges\/blog\/morges\/les-elections-vos-oignons#primaryimage\",\"url\":\"https:\/\/vert-e-s-vd.ch\/morges\/wp-content\/uploads\/sites\/8\/2017\/03\/elections_cantonales_morges-2560x0-c-default.png\",\"contentUrl\":\"https:\/\/vert-e-s-vd.ch\/morges\/wp-content\/uploads\/sites\/8\/2017\/03\/elections_cantonales_morges-2560x0-c-default.png\",\"width\":1228,\"height\":313},{\"@type\":\"BreadcrumbList\",\"@id\":\"https:\/\/vert-e-s-vd.ch\/morges\/blog\/morges\/les-elections-vos-oignons#breadcrumb\",\"itemListElement\":[{\"@type\":\"ListItem\",\"position\":1,\"name\":\"Accueil\",\"item\":\"https:\/\/vert-e-s-vd.ch\/morges\/\"},{\"@type\":\"ListItem\",\"position\":2,\"name\":\"Actions diverses\",\"item\":\"https:\/\/vert-e-s-vd.ch\/morges\/blog\/category\/actions-diverses\"},{\"@type\":\"ListItem\",\"position\":3,\"name\":\"Les \u00e9lections, c\u2019est vos oignons !\"}]},{\"@type\":\"WebSite\",\"@id\":\"https:\/\/vert-e-s-vd.ch\/morges\/#website\",\"url\":\"https:\/\/vert-e-s-vd.ch\/morges\/\",\"name\":\"Les Vert\u00b7e\u00b7s du district de Morges\",\"description\":\"Les Vert\u00b7e\u00b7s du district de Morges\",\"potentialAction\":[{\"@type\":\"SearchAction\",\"target\":{\"@type\":\"EntryPoint\",\"urlTemplate\":\"https:\/\/vert-e-s-vd.ch\/morges\/?s={search_term_string}\"},\"query-input\":{\"@type\":\"PropertyValueSpecification\",\"valueRequired\":true,\"valueName\":\"search_term_string\"}}],\"inLanguage\":\"fr-FR\"}]}<\/script>\n<!-- \/ Yoast SEO plugin. -->","yoast_head_json":{"title":"Les \u00e9lections, c\u2019est vos oignons ! - Les Vert\u00b7e\u00b7s du district de Morges","robots":{"index":"index","follow":"follow","max-snippet":"max-snippet:-1","max-image-preview":"max-image-preview:large","max-video-preview":"max-video-preview:-1"},"canonical":"https:\/\/vert-e-s-vd.ch\/morges\/blog\/morges\/les-elections-vos-oignons","og_locale":"fr_FR","og_type":"article","og_title":"Les \u00e9lections, c\u2019est vos oignons ! - Les Vert\u00b7e\u00b7s du district de Morges","og_url":"https:\/\/vert-e-s-vd.ch\/morges\/blog\/morges\/les-elections-vos-oignons","og_site_name":"Les Vert\u00b7e\u00b7s du district de Morges","article_published_time":"2017-03-03T16:25:15+00:00","article_modified_time":"2021-01-08T11:30:26+00:00","og_image":[{"width":1200,"height":306,"url":"https:\/\/vert-e-s-vd.ch\/morges\/wp-content\/uploads\/sites\/8\/2017\/03\/elections_cantonales_morges-1200x0-c-default.png","type":"image\/png"}],"twitter_card":"summary_large_image","schema":{"@context":"https:\/\/schema.org","@graph":[{"@type":"Article","@id":"https:\/\/vert-e-s-vd.ch\/morges\/blog\/morges\/les-elections-vos-oignons#article","isPartOf":{"@id":"https:\/\/vert-e-s-vd.ch\/morges\/blog\/morges\/les-elections-vos-oignons"},"author":{"name":"","@id":""},"headline":"Les \u00e9lections, c\u2019est vos oignons !","datePublished":"2017-03-03T16:25:15+00:00","dateModified":"2021-01-08T11:30:26+00:00","mainEntityOfPage":{"@id":"https:\/\/vert-e-s-vd.ch\/morges\/blog\/morges\/les-elections-vos-oignons"},"wordCount":6,"commentCount":0,"image":{"@id":"https:\/\/vert-e-s-vd.ch\/morges\/blog\/morges\/les-elections-vos-oignons#primaryimage"},"thumbnailUrl":"https:\/\/vert-e-s-vd.ch\/morges\/wp-content\/uploads\/sites\/8\/2017\/03\/elections_cantonales_morges-2560x0-c-default.png","keywords":["2017","30 avril","agriculture","alimentation","andr\u00e9","autoroute","autoroutier","b\u00e9guin","cantonales","chanson","communales","coutournement","descuves","district","durussel","elections","environnement","gay","gemperli","grand conseil","gutknecht","jaquet","mahaim","maury","moreau shmatenko","Morges","ogay","oignons","podio","proximit\u00e9","stern-grin","vaud","vd2017","verts","w\u00fbst"],"articleSection":["Actions diverses","Communiqu\u00e9s","Cossonay","Elections cantonales 2017","Morges"],"inLanguage":"fr-FR"},{"@type":"WebPage","@id":"https:\/\/vert-e-s-vd.ch\/morges\/blog\/morges\/les-elections-vos-oignons","url":"https:\/\/vert-e-s-vd.ch\/morges\/blog\/morges\/les-elections-vos-oignons","name":"Les \u00e9lections, c\u2019est vos oignons ! - Les Vert\u00b7e\u00b7s du district de Morges","isPartOf":{"@id":"https:\/\/vert-e-s-vd.ch\/morges\/#website"},"primaryImageOfPage":{"@id":"https:\/\/vert-e-s-vd.ch\/morges\/blog\/morges\/les-elections-vos-oignons#primaryimage"},"image":{"@id":"https:\/\/vert-e-s-vd.ch\/morges\/blog\/morges\/les-elections-vos-oignons#primaryimage"},"thumbnailUrl":"https:\/\/vert-e-s-vd.ch\/morges\/wp-content\/uploads\/sites\/8\/2017\/03\/elections_cantonales_morges-2560x0-c-default.png","datePublished":"2017-03-03T16:25:15+00:00","dateModified":"2021-01-08T11:30:26+00:00","author":{"@id":""},"breadcrumb":{"@id":"https:\/\/vert-e-s-vd.ch\/morges\/blog\/morges\/les-elections-vos-oignons#breadcrumb"},"inLanguage":"fr-FR","potentialAction":[{"@type":"ReadAction","target":["https:\/\/vert-e-s-vd.ch\/morges\/blog\/morges\/les-elections-vos-oignons"]}]},{"@type":"ImageObject","inLanguage":"fr-FR","@id":"https:\/\/vert-e-s-vd.ch\/morges\/blog\/morges\/les-elections-vos-oignons#primaryimage","url":"https:\/\/vert-e-s-vd.ch\/morges\/wp-content\/uploads\/sites\/8\/2017\/03\/elections_cantonales_morges-2560x0-c-default.png","contentUrl":"https:\/\/vert-e-s-vd.ch\/morges\/wp-content\/uploads\/sites\/8\/2017\/03\/elections_cantonales_morges-2560x0-c-default.png","width":1228,"height":313},{"@type":"BreadcrumbList","@id":"https:\/\/vert-e-s-vd.ch\/morges\/blog\/morges\/les-elections-vos-oignons#breadcrumb","itemListElement":[{"@type":"ListItem","position":1,"name":"Accueil","item":"https:\/\/vert-e-s-vd.ch\/morges\/"},{"@type":"ListItem","position":2,"name":"Actions diverses","item":"https:\/\/vert-e-s-vd.ch\/morges\/blog\/category\/actions-diverses"},{"@type":"ListItem","position":3,"name":"Les \u00e9lections, c\u2019est vos oignons !"}]},{"@type":"WebSite","@id":"https:\/\/vert-e-s-vd.ch\/morges\/#website","url":"https:\/\/vert-e-s-vd.ch\/morges\/","name":"Les Vert\u00b7e\u00b7s du district de Morges","description":"Les Vert\u00b7e\u00b7s du district de Morges","potentialAction":[{"@type":"SearchAction","target":{"@type":"EntryPoint","urlTemplate":"https:\/\/vert-e-s-vd.ch\/morges\/?s={search_term_string}"},"query-input":{"@type":"PropertyValueSpecification","valueRequired":true,"valueName":"search_term_string"}}],"inLanguage":"fr-FR"}]}},"_links":{"self":[{"href":"https:\/\/vert-e-s-vd.ch\/morges\/wp-json\/wp\/v2\/posts\/776","targetHints":{"allow":["GET"]}}],"collection":[{"href":"https:\/\/vert-e-s-vd.ch\/morges\/wp-json\/wp\/v2\/posts"}],"about":[{"href":"https:\/\/vert-e-s-vd.ch\/morges\/wp-json\/wp\/v2\/types\/post"}],"replies":[{"embeddable":true,"href":"https:\/\/vert-e-s-vd.ch\/morges\/wp-json\/wp\/v2\/comments?post=776"}],"version-history":[{"count":1,"href":"https:\/\/vert-e-s-vd.ch\/morges\/wp-json\/wp\/v2\/posts\/776\/revisions"}],"predecessor-version":[{"id":71048,"href":"https:\/\/vert-e-s-vd.ch\/morges\/wp-json\/wp\/v2\/posts\/776\/revisions\/71048"}],"wp:featuredmedia":[{"embeddable":true,"href":"https:\/\/vert-e-s-vd.ch\/morges\/wp-json\/wp\/v2\/media\/775"}],"wp:attachment":[{"href":"https:\/\/vert-e-s-vd.ch\/morges\/wp-json\/wp\/v2\/media?parent=776"}],"wp:term":[{"taxonomy":"category","embeddable":true,"href":"https:\/\/vert-e-s-vd.ch\/morges\/wp-json\/wp\/v2\/categories?post=776"},{"taxonomy":"post_tag","embeddable":true,"href":"https:\/\/vert-e-s-vd.ch\/morges\/wp-json\/wp\/v2\/tags?post=776"}],"curies":[{"name":"wp","href":"https:\/\/api.w.org\/{rel}","templated":true}]}}