{"id":73351,"date":"2026-03-31T13:46:03","date_gmt":"2026-03-31T11:46:03","guid":{"rendered":"https:\/\/vert-e-s-vd.ch\/morges\/?p=73351"},"modified":"2026-04-27T13:48:50","modified_gmt":"2026-04-27T11:48:50","slug":"election-de-pascal-gemperli-les-vert%c2%b7e%c2%b7s-retrouvent-leur-place-a-la-municipalite","status":"publish","type":"post","link":"https:\/\/vert-e-s-vd.ch\/morges\/blog\/communiques\/election-de-pascal-gemperli-les-vert%c2%b7e%c2%b7s-retrouvent-leur-place-a-la-municipalite","title":{"rendered":"\u00c9lection de Pascal Gemperli\u00a0: les Vert\u00b7e\u00b7s retrouvent leur place \u00e0 la Municipalit\u00e9\u00a0!"},"content":{"rendered":"","protected":false},"excerpt":{"rendered":"","protected":false},"author":60,"featured_media":0,"comment_status":"closed","ping_status":"closed","sticky":false,"template":"single_press_release.php","format":"standard","meta":{"_acf_changed":false,"inline_featured_image":false,"footnotes":""},"categories":[417,393,588],"tags":[592,594,381,593],"class_list":["post-73351","post","type-post","status-publish","format-standard","hentry","category-communiques","category-communiques-de-presse","category-elections-communales-2026","tag-elections-communales-2026","tag-gauche-morgienne","tag-municipalite","tag-pascal-gemperli"],"acf":[],"yoast_head":"<!-- This site is optimized with the Yoast SEO plugin v26.9 - https:\/\/yoast.com\/product\/yoast-seo-wordpress\/ -->\n<title>\u00c9lection de Pascal Gemperli\u00a0: les Vert\u00b7e\u00b7s retrouvent leur place \u00e0 la Municipalit\u00e9\u00a0! - Les Vert\u00b7e\u00b7s du district de Morges<\/title>\n<meta name=\"description\" content=\"Les Vert\u00b7e\u00b7s du district de Morges se r\u00e9jouissent de l&#039;\u00e9lection de Pascal Gemperli \u00e0 la Municipalit\u00e9 de Morges. Avec 1&#039;893 voix, il rejoint un ex\u00e9cutif in\u00e9dit compos\u00e9 de sept membres dont, d\u00e9sormais, trois repr\u00e9sentant\u00b7e\u00b7s de la gauche. Si le r\u00e9sultat au Conseil communal marque un recul, la section morgienne du mouvement \u00e9cologiste abordera cette nouvelle l\u00e9gislature avec un groupe fort, soud\u00e9, et dont les valeurs et convictions seront d\u00e9sormais port\u00e9es \u00e0 la Municipalit\u00e9.\" \/>\n<meta name=\"robots\" content=\"index, follow, max-snippet:-1, max-image-preview:large, max-video-preview:-1\" \/>\n<link rel=\"canonical\" href=\"https:\/\/vert-e-s-vd.ch\/morges\/blog\/communiques\/election-de-pascal-gemperli-les-vert\u00b7e\u00b7s-retrouvent-leur-place-a-la-municipalite\" \/>\n<meta property=\"og:locale\" content=\"fr_FR\" \/>\n<meta property=\"og:type\" content=\"article\" \/>\n<meta property=\"og:title\" content=\"\u00c9lection de Pascal Gemperli\u00a0: les Vert\u00b7e\u00b7s retrouvent leur place \u00e0 la Municipalit\u00e9\u00a0! - Les Vert\u00b7e\u00b7s du district de Morges\" \/>\n<meta property=\"og:description\" content=\"Les Vert\u00b7e\u00b7s du district de Morges se r\u00e9jouissent de l&#039;\u00e9lection de Pascal Gemperli \u00e0 la Municipalit\u00e9 de Morges. Avec 1&#039;893 voix, il \u2026\" \/>\n<meta property=\"og:url\" content=\"https:\/\/vert-e-s-vd.ch\/morges\/blog\/communiques\/election-de-pascal-gemperli-les-vert\u00b7e\u00b7s-retrouvent-leur-place-a-la-municipalite\" \/>\n<meta property=\"og:site_name\" content=\"Les Vert\u00b7e\u00b7s du district de Morges\" \/>\n<meta property=\"article:published_time\" content=\"2026-03-31T11:46:03+00:00\" \/>\n<meta property=\"article:modified_time\" content=\"2026-04-27T11:48:50+00:00\" \/>\n<meta name=\"author\" content=\"raphaeldupertuis\" \/>\n<meta name=\"twitter:card\" content=\"summary_large_image\" \/>\n<meta name=\"twitter:label1\" content=\"\u00c9crit par\" \/>\n\t<meta name=\"twitter:data1\" content=\"raphaeldupertuis\" \/>\n\t<meta name=\"twitter:label2\" content=\"Dur\u00e9e de lecture estim\u00e9e\" \/>\n\t<meta name=\"twitter:data2\" content=\"3 minutes\" \/>\n<script type=\"application\/ld+json\" class=\"yoast-schema-graph\">{\"@context\":\"https:\/\/schema.org\",\"@graph\":[{\"@type\":\"Article\",\"@id\":\"https:\/\/vert-e-s-vd.ch\/morges\/blog\/communiques\/election-de-pascal-gemperli-les-vert%c2%b7e%c2%b7s-retrouvent-leur-place-a-la-municipalite#article\",\"isPartOf\":{\"@id\":\"https:\/\/vert-e-s-vd.ch\/morges\/blog\/communiques\/election-de-pascal-gemperli-les-vert%c2%b7e%c2%b7s-retrouvent-leur-place-a-la-municipalite\"},\"author\":{\"name\":\"raphaeldupertuis\",\"@id\":\"https:\/\/vert-e-s-vd.ch\/morges\/#\/schema\/person\/b4392fe86354601685453b9e7639a997\"},\"headline\":\"\u00c9lection de Pascal Gemperli\u00a0: les Vert\u00b7e\u00b7s retrouvent leur place \u00e0 la Municipalit\u00e9\u00a0!\",\"datePublished\":\"2026-03-31T11:46:03+00:00\",\"dateModified\":\"2026-04-27T11:48:50+00:00\",\"mainEntityOfPage\":{\"@id\":\"https:\/\/vert-e-s-vd.ch\/morges\/blog\/communiques\/election-de-pascal-gemperli-les-vert%c2%b7e%c2%b7s-retrouvent-leur-place-a-la-municipalite\"},\"wordCount\":13,\"keywords\":[\"\u00e9lections communales 2026\",\"gauche morgienne\",\"municipalit\u00e9\",\"Pascal Gemperli\"],\"articleSection\":[\"Communiqu\u00e9s\",\"Communiqu\u00e9s de presse\",\"\u00c9lections communales 2026\"],\"inLanguage\":\"fr-FR\"},{\"@type\":\"WebPage\",\"@id\":\"https:\/\/vert-e-s-vd.ch\/morges\/blog\/communiques\/election-de-pascal-gemperli-les-vert%c2%b7e%c2%b7s-retrouvent-leur-place-a-la-municipalite\",\"url\":\"https:\/\/vert-e-s-vd.ch\/morges\/blog\/communiques\/election-de-pascal-gemperli-les-vert%c2%b7e%c2%b7s-retrouvent-leur-place-a-la-municipalite\",\"name\":\"\u00c9lection de Pascal Gemperli\u00a0: les Vert\u00b7e\u00b7s retrouvent leur place \u00e0 la Municipalit\u00e9\u00a0! - Les Vert\u00b7e\u00b7s du district de Morges\",\"isPartOf\":{\"@id\":\"https:\/\/vert-e-s-vd.ch\/morges\/#website\"},\"datePublished\":\"2026-03-31T11:46:03+00:00\",\"dateModified\":\"2026-04-27T11:48:50+00:00\",\"author\":{\"@id\":\"https:\/\/vert-e-s-vd.ch\/morges\/#\/schema\/person\/b4392fe86354601685453b9e7639a997\"},\"description\":\"Les Vert\u00b7e\u00b7s du district de Morges se r\u00e9jouissent de l'\u00e9lection de Pascal Gemperli \u00e0 la Municipalit\u00e9 de Morges. Avec 1'893 voix, il rejoint un ex\u00e9cutif in\u00e9dit compos\u00e9 de sept membres dont, d\u00e9sormais, trois repr\u00e9sentant\u00b7e\u00b7s de la gauche. Si le r\u00e9sultat au Conseil communal marque un recul, la section morgienne du mouvement \u00e9cologiste abordera cette nouvelle l\u00e9gislature avec un groupe fort, soud\u00e9, et dont les valeurs et convictions seront d\u00e9sormais port\u00e9es \u00e0 la Municipalit\u00e9.\",\"breadcrumb\":{\"@id\":\"https:\/\/vert-e-s-vd.ch\/morges\/blog\/communiques\/election-de-pascal-gemperli-les-vert%c2%b7e%c2%b7s-retrouvent-leur-place-a-la-municipalite#breadcrumb\"},\"inLanguage\":\"fr-FR\",\"potentialAction\":[{\"@type\":\"ReadAction\",\"target\":[\"https:\/\/vert-e-s-vd.ch\/morges\/blog\/communiques\/election-de-pascal-gemperli-les-vert%c2%b7e%c2%b7s-retrouvent-leur-place-a-la-municipalite\"]}]},{\"@type\":\"BreadcrumbList\",\"@id\":\"https:\/\/vert-e-s-vd.ch\/morges\/blog\/communiques\/election-de-pascal-gemperli-les-vert%c2%b7e%c2%b7s-retrouvent-leur-place-a-la-municipalite#breadcrumb\",\"itemListElement\":[{\"@type\":\"ListItem\",\"position\":1,\"name\":\"Accueil\",\"item\":\"https:\/\/vert-e-s-vd.ch\/morges\/\"},{\"@type\":\"ListItem\",\"position\":2,\"name\":\"Actualit\u00e9s\",\"item\":\"https:\/\/vert-e-s-vd.ch\/morges\/blog\/category\/communiques#menu-item-72625\"},{\"@type\":\"ListItem\",\"position\":3,\"name\":\"\u00c9lection de Pascal Gemperli\u00a0: les Vert\u00b7e\u00b7s retrouvent leur place \u00e0 la Municipalit\u00e9\u00a0!\"}]},{\"@type\":\"WebSite\",\"@id\":\"https:\/\/vert-e-s-vd.ch\/morges\/#website\",\"url\":\"https:\/\/vert-e-s-vd.ch\/morges\/\",\"name\":\"Les Vert\u00b7e\u00b7s du district de Morges\",\"description\":\"Les Vert\u00b7e\u00b7s du district de Morges\",\"potentialAction\":[{\"@type\":\"SearchAction\",\"target\":{\"@type\":\"EntryPoint\",\"urlTemplate\":\"https:\/\/vert-e-s-vd.ch\/morges\/?s={search_term_string}\"},\"query-input\":{\"@type\":\"PropertyValueSpecification\",\"valueRequired\":true,\"valueName\":\"search_term_string\"}}],\"inLanguage\":\"fr-FR\"},{\"@type\":\"Person\",\"@id\":\"https:\/\/vert-e-s-vd.ch\/morges\/#\/schema\/person\/b4392fe86354601685453b9e7639a997\",\"name\":\"raphaeldupertuis\",\"image\":{\"@type\":\"ImageObject\",\"inLanguage\":\"fr-FR\",\"@id\":\"https:\/\/vert-e-s-vd.ch\/morges\/#\/schema\/person\/image\/\",\"url\":\"https:\/\/secure.gravatar.com\/avatar\/a219d5bfc4edb565f18e514e880d2c069d54aa23155c4dc20dfccbc26749f76c?s=96&d=mm&r=g\",\"contentUrl\":\"https:\/\/secure.gravatar.com\/avatar\/a219d5bfc4edb565f18e514e880d2c069d54aa23155c4dc20dfccbc26749f76c?s=96&d=mm&r=g\",\"caption\":\"raphaeldupertuis\"}}]}<\/script>\n<!-- \/ Yoast SEO plugin. -->","yoast_head_json":{"title":"\u00c9lection de Pascal Gemperli\u00a0: les Vert\u00b7e\u00b7s retrouvent leur place \u00e0 la Municipalit\u00e9\u00a0! - Les Vert\u00b7e\u00b7s du district de Morges","description":"Les Vert\u00b7e\u00b7s du district de Morges se r\u00e9jouissent de l'\u00e9lection de Pascal Gemperli \u00e0 la Municipalit\u00e9 de Morges. Avec 1'893 voix, il rejoint un ex\u00e9cutif in\u00e9dit compos\u00e9 de sept membres dont, d\u00e9sormais, trois repr\u00e9sentant\u00b7e\u00b7s de la gauche. Si le r\u00e9sultat au Conseil communal marque un recul, la section morgienne du mouvement \u00e9cologiste abordera cette nouvelle l\u00e9gislature avec un groupe fort, soud\u00e9, et dont les valeurs et convictions seront d\u00e9sormais port\u00e9es \u00e0 la Municipalit\u00e9.","robots":{"index":"index","follow":"follow","max-snippet":"max-snippet:-1","max-image-preview":"max-image-preview:large","max-video-preview":"max-video-preview:-1"},"canonical":"https:\/\/vert-e-s-vd.ch\/morges\/blog\/communiques\/election-de-pascal-gemperli-les-vert\u00b7e\u00b7s-retrouvent-leur-place-a-la-municipalite","og_locale":"fr_FR","og_type":"article","og_title":"\u00c9lection de Pascal Gemperli\u00a0: les Vert\u00b7e\u00b7s retrouvent leur place \u00e0 la Municipalit\u00e9\u00a0! - Les Vert\u00b7e\u00b7s du district de Morges","og_description":"Les Vert\u00b7e\u00b7s du district de Morges se r\u00e9jouissent de l'\u00e9lection de Pascal Gemperli \u00e0 la Municipalit\u00e9 de Morges. Avec 1'893 voix, il \u2026","og_url":"https:\/\/vert-e-s-vd.ch\/morges\/blog\/communiques\/election-de-pascal-gemperli-les-vert\u00b7e\u00b7s-retrouvent-leur-place-a-la-municipalite","og_site_name":"Les Vert\u00b7e\u00b7s du district de Morges","article_published_time":"2026-03-31T11:46:03+00:00","article_modified_time":"2026-04-27T11:48:50+00:00","author":"raphaeldupertuis","twitter_card":"summary_large_image","twitter_misc":{"\u00c9crit par":"raphaeldupertuis","Dur\u00e9e de lecture estim\u00e9e":"3 minutes"},"schema":{"@context":"https:\/\/schema.org","@graph":[{"@type":"Article","@id":"https:\/\/vert-e-s-vd.ch\/morges\/blog\/communiques\/election-de-pascal-gemperli-les-vert%c2%b7e%c2%b7s-retrouvent-leur-place-a-la-municipalite#article","isPartOf":{"@id":"https:\/\/vert-e-s-vd.ch\/morges\/blog\/communiques\/election-de-pascal-gemperli-les-vert%c2%b7e%c2%b7s-retrouvent-leur-place-a-la-municipalite"},"author":{"name":"raphaeldupertuis","@id":"https:\/\/vert-e-s-vd.ch\/morges\/#\/schema\/person\/b4392fe86354601685453b9e7639a997"},"headline":"\u00c9lection de Pascal Gemperli\u00a0: les Vert\u00b7e\u00b7s retrouvent leur place \u00e0 la Municipalit\u00e9\u00a0!","datePublished":"2026-03-31T11:46:03+00:00","dateModified":"2026-04-27T11:48:50+00:00","mainEntityOfPage":{"@id":"https:\/\/vert-e-s-vd.ch\/morges\/blog\/communiques\/election-de-pascal-gemperli-les-vert%c2%b7e%c2%b7s-retrouvent-leur-place-a-la-municipalite"},"wordCount":13,"keywords":["\u00e9lections communales 2026","gauche morgienne","municipalit\u00e9","Pascal Gemperli"],"articleSection":["Communiqu\u00e9s","Communiqu\u00e9s de presse","\u00c9lections communales 2026"],"inLanguage":"fr-FR"},{"@type":"WebPage","@id":"https:\/\/vert-e-s-vd.ch\/morges\/blog\/communiques\/election-de-pascal-gemperli-les-vert%c2%b7e%c2%b7s-retrouvent-leur-place-a-la-municipalite","url":"https:\/\/vert-e-s-vd.ch\/morges\/blog\/communiques\/election-de-pascal-gemperli-les-vert%c2%b7e%c2%b7s-retrouvent-leur-place-a-la-municipalite","name":"\u00c9lection de Pascal Gemperli\u00a0: les Vert\u00b7e\u00b7s retrouvent leur place \u00e0 la Municipalit\u00e9\u00a0! - Les Vert\u00b7e\u00b7s du district de Morges","isPartOf":{"@id":"https:\/\/vert-e-s-vd.ch\/morges\/#website"},"datePublished":"2026-03-31T11:46:03+00:00","dateModified":"2026-04-27T11:48:50+00:00","author":{"@id":"https:\/\/vert-e-s-vd.ch\/morges\/#\/schema\/person\/b4392fe86354601685453b9e7639a997"},"description":"Les Vert\u00b7e\u00b7s du district de Morges se r\u00e9jouissent de l'\u00e9lection de Pascal Gemperli \u00e0 la Municipalit\u00e9 de Morges. Avec 1'893 voix, il rejoint un ex\u00e9cutif in\u00e9dit compos\u00e9 de sept membres dont, d\u00e9sormais, trois repr\u00e9sentant\u00b7e\u00b7s de la gauche. Si le r\u00e9sultat au Conseil communal marque un recul, la section morgienne du mouvement \u00e9cologiste abordera cette nouvelle l\u00e9gislature avec un groupe fort, soud\u00e9, et dont les valeurs et convictions seront d\u00e9sormais port\u00e9es \u00e0 la Municipalit\u00e9.","breadcrumb":{"@id":"https:\/\/vert-e-s-vd.ch\/morges\/blog\/communiques\/election-de-pascal-gemperli-les-vert%c2%b7e%c2%b7s-retrouvent-leur-place-a-la-municipalite#breadcrumb"},"inLanguage":"fr-FR","potentialAction":[{"@type":"ReadAction","target":["https:\/\/vert-e-s-vd.ch\/morges\/blog\/communiques\/election-de-pascal-gemperli-les-vert%c2%b7e%c2%b7s-retrouvent-leur-place-a-la-municipalite"]}]},{"@type":"BreadcrumbList","@id":"https:\/\/vert-e-s-vd.ch\/morges\/blog\/communiques\/election-de-pascal-gemperli-les-vert%c2%b7e%c2%b7s-retrouvent-leur-place-a-la-municipalite#breadcrumb","itemListElement":[{"@type":"ListItem","position":1,"name":"Accueil","item":"https:\/\/vert-e-s-vd.ch\/morges\/"},{"@type":"ListItem","position":2,"name":"Actualit\u00e9s","item":"https:\/\/vert-e-s-vd.ch\/morges\/blog\/category\/communiques#menu-item-72625"},{"@type":"ListItem","position":3,"name":"\u00c9lection de Pascal Gemperli\u00a0: les Vert\u00b7e\u00b7s retrouvent leur place \u00e0 la Municipalit\u00e9\u00a0!"}]},{"@type":"WebSite","@id":"https:\/\/vert-e-s-vd.ch\/morges\/#website","url":"https:\/\/vert-e-s-vd.ch\/morges\/","name":"Les Vert\u00b7e\u00b7s du district de Morges","description":"Les Vert\u00b7e\u00b7s du district de Morges","potentialAction":[{"@type":"SearchAction","target":{"@type":"EntryPoint","urlTemplate":"https:\/\/vert-e-s-vd.ch\/morges\/?s={search_term_string}"},"query-input":{"@type":"PropertyValueSpecification","valueRequired":true,"valueName":"search_term_string"}}],"inLanguage":"fr-FR"},{"@type":"Person","@id":"https:\/\/vert-e-s-vd.ch\/morges\/#\/schema\/person\/b4392fe86354601685453b9e7639a997","name":"raphaeldupertuis","image":{"@type":"ImageObject","inLanguage":"fr-FR","@id":"https:\/\/vert-e-s-vd.ch\/morges\/#\/schema\/person\/image\/","url":"https:\/\/secure.gravatar.com\/avatar\/a219d5bfc4edb565f18e514e880d2c069d54aa23155c4dc20dfccbc26749f76c?s=96&d=mm&r=g","contentUrl":"https:\/\/secure.gravatar.com\/avatar\/a219d5bfc4edb565f18e514e880d2c069d54aa23155c4dc20dfccbc26749f76c?s=96&d=mm&r=g","caption":"raphaeldupertuis"}}]}},"_links":{"self":[{"href":"https:\/\/vert-e-s-vd.ch\/morges\/wp-json\/wp\/v2\/posts\/73351","targetHints":{"allow":["GET"]}}],"collection":[{"href":"https:\/\/vert-e-s-vd.ch\/morges\/wp-json\/wp\/v2\/posts"}],"about":[{"href":"https:\/\/vert-e-s-vd.ch\/morges\/wp-json\/wp\/v2\/types\/post"}],"author":[{"embeddable":true,"href":"https:\/\/vert-e-s-vd.ch\/morges\/wp-json\/wp\/v2\/users\/60"}],"replies":[{"embeddable":true,"href":"https:\/\/vert-e-s-vd.ch\/morges\/wp-json\/wp\/v2\/comments?post=73351"}],"version-history":[{"count":1,"href":"https:\/\/vert-e-s-vd.ch\/morges\/wp-json\/wp\/v2\/posts\/73351\/revisions"}],"predecessor-version":[{"id":73352,"href":"https:\/\/vert-e-s-vd.ch\/morges\/wp-json\/wp\/v2\/posts\/73351\/revisions\/73352"}],"wp:attachment":[{"href":"https:\/\/vert-e-s-vd.ch\/morges\/wp-json\/wp\/v2\/media?parent=73351"}],"wp:term":[{"taxonomy":"category","embeddable":true,"href":"https:\/\/vert-e-s-vd.ch\/morges\/wp-json\/wp\/v2\/categories?post=73351"},{"taxonomy":"post_tag","embeddable":true,"href":"https:\/\/vert-e-s-vd.ch\/morges\/wp-json\/wp\/v2\/tags?post=73351"}],"curies":[{"name":"wp","href":"https:\/\/api.w.org\/{rel}","templated":true}]}}