{"id":73059,"date":"2025-04-02T16:21:51","date_gmt":"2025-04-02T14:21:51","guid":{"rendered":"https:\/\/vert-e-s-vd.ch\/morges\/?p=73059"},"modified":"2025-04-02T16:30:36","modified_gmt":"2025-04-02T14:30:36","slug":"patinoire-de-morges-position-du-groupe-des-vert%c2%b7e%c2%b7s","status":"publish","type":"post","link":"https:\/\/vert-e-s-vd.ch\/morges\/blog\/interventions-communales\/patinoire-de-morges-position-du-groupe-des-vert%c2%b7e%c2%b7s","title":{"rendered":"Patinoire de Morges : position du groupe des Vert\u00b7e\u00b7s"},"content":{"rendered":"","protected":false},"excerpt":{"rendered":"","protected":false},"author":60,"featured_media":0,"comment_status":"closed","ping_status":"closed","sticky":false,"template":"single_press_release.php","format":"standard","meta":{"_acf_changed":false,"inline_featured_image":false,"footnotes":""},"categories":[393,392,396],"tags":[584,409,492,501],"class_list":["post-73059","post","type-post","status-publish","format-standard","hentry","category-communiques-de-presse","category-interventions-communales","category-morges","tag-4-saisons","tag-morges","tag-patinoire","tag-sport"],"acf":[],"yoast_head":"<!-- This site is optimized with the Yoast SEO plugin v26.9 - https:\/\/yoast.com\/product\/yoast-seo-wordpress\/ -->\n<title>Patinoire de Morges : position du groupe des Vert\u00b7e\u00b7s - Les Vert\u00b7e\u00b7s du district de Morges<\/title>\n<meta name=\"description\" content=\"Les Vert\u00b7e\u00b7s de Morges sont pour l\u2019assainissement \u00e9nerg\u00e9tique de la patinoire des Eaux-Min\u00e9rales et la cr\u00e9ation d\u2019un v\u00e9ritable centre sportif utilisable toute l\u2019ann\u00e9e, mais d\u00e9noncent un concept 4-saisons \u00e0 CHF 24 millions qui ne tient pas la route. Elles et ils appellent la population qui le souhaite \u00e0 exprimer son opinion par le biais du r\u00e9f\u00e9rendum populaire lanc\u00e9 ce jour par un comit\u00e9 citoyen externe aux partis politiques.\" \/>\n<meta name=\"robots\" content=\"index, follow, max-snippet:-1, max-image-preview:large, max-video-preview:-1\" \/>\n<link rel=\"canonical\" href=\"https:\/\/vert-e-s-vd.ch\/morges\/blog\/interventions-communales\/patinoire-de-morges-position-du-groupe-des-vert\u00b7e\u00b7s\" \/>\n<meta property=\"og:locale\" content=\"fr_FR\" \/>\n<meta property=\"og:type\" content=\"article\" \/>\n<meta property=\"og:title\" content=\"Patinoire de Morges: position du groupe des Vert\u00b7e\u00b7s\" \/>\n<meta property=\"og:description\" content=\"Communiqu\u00e9 du 2 avril 2025 suite au lancement d&#039;un r\u00e9f\u00e9rendum par des citoyennes et citoyens.\" \/>\n<meta property=\"og:url\" content=\"https:\/\/vert-e-s-vd.ch\/morges\/blog\/interventions-communales\/patinoire-de-morges-position-du-groupe-des-vert\u00b7e\u00b7s\" \/>\n<meta property=\"og:site_name\" content=\"Les Vert\u00b7e\u00b7s du district de Morges\" \/>\n<meta property=\"article:published_time\" content=\"2025-04-02T14:21:51+00:00\" \/>\n<meta property=\"article:modified_time\" content=\"2025-04-02T14:30:36+00:00\" \/>\n<meta property=\"og:image\" content=\"https:\/\/vert-e-s-vd.ch\/morges\/wp-content\/uploads\/sites\/8\/2025\/04\/Copie-de-VM-CP-position-referendum-patinoire-1200x630-c-center.jpg\" \/>\n\t<meta property=\"og:image:width\" content=\"1200\" \/>\n\t<meta property=\"og:image:height\" content=\"630\" \/>\n\t<meta property=\"og:image:type\" content=\"image\/png\" \/>\n<meta name=\"author\" content=\"raphaeldupertuis\" \/>\n<meta name=\"twitter:card\" content=\"summary_large_image\" \/>\n<meta name=\"twitter:label1\" content=\"\u00c9crit par\" \/>\n\t<meta name=\"twitter:data1\" content=\"raphaeldupertuis\" \/>\n\t<meta name=\"twitter:label2\" content=\"Dur\u00e9e de lecture estim\u00e9e\" \/>\n\t<meta name=\"twitter:data2\" content=\"3 minutes\" \/>\n<script type=\"application\/ld+json\" class=\"yoast-schema-graph\">{\"@context\":\"https:\/\/schema.org\",\"@graph\":[{\"@type\":\"Article\",\"@id\":\"https:\/\/vert-e-s-vd.ch\/morges\/blog\/interventions-communales\/patinoire-de-morges-position-du-groupe-des-vert%c2%b7e%c2%b7s#article\",\"isPartOf\":{\"@id\":\"https:\/\/vert-e-s-vd.ch\/morges\/blog\/interventions-communales\/patinoire-de-morges-position-du-groupe-des-vert%c2%b7e%c2%b7s\"},\"author\":{\"name\":\"raphaeldupertuis\",\"@id\":\"https:\/\/vert-e-s-vd.ch\/morges\/#\/schema\/person\/b4392fe86354601685453b9e7639a997\"},\"headline\":\"Patinoire de Morges : position du groupe des Vert\u00b7e\u00b7s\",\"datePublished\":\"2025-04-02T14:21:51+00:00\",\"dateModified\":\"2025-04-02T14:30:36+00:00\",\"mainEntityOfPage\":{\"@id\":\"https:\/\/vert-e-s-vd.ch\/morges\/blog\/interventions-communales\/patinoire-de-morges-position-du-groupe-des-vert%c2%b7e%c2%b7s\"},\"wordCount\":10,\"keywords\":[\"4 saisons\",\"Morges\",\"patinoire\",\"sport\"],\"articleSection\":[\"Communiqu\u00e9s de presse\",\"Interventions communales\",\"Morges\"],\"inLanguage\":\"fr-FR\"},{\"@type\":\"WebPage\",\"@id\":\"https:\/\/vert-e-s-vd.ch\/morges\/blog\/interventions-communales\/patinoire-de-morges-position-du-groupe-des-vert%c2%b7e%c2%b7s\",\"url\":\"https:\/\/vert-e-s-vd.ch\/morges\/blog\/interventions-communales\/patinoire-de-morges-position-du-groupe-des-vert%c2%b7e%c2%b7s\",\"name\":\"Patinoire de Morges : position du groupe des Vert\u00b7e\u00b7s - Les Vert\u00b7e\u00b7s du district de Morges\",\"isPartOf\":{\"@id\":\"https:\/\/vert-e-s-vd.ch\/morges\/#website\"},\"datePublished\":\"2025-04-02T14:21:51+00:00\",\"dateModified\":\"2025-04-02T14:30:36+00:00\",\"author\":{\"@id\":\"https:\/\/vert-e-s-vd.ch\/morges\/#\/schema\/person\/b4392fe86354601685453b9e7639a997\"},\"description\":\"Les Vert\u00b7e\u00b7s de Morges sont pour l\u2019assainissement \u00e9nerg\u00e9tique de la patinoire des Eaux-Min\u00e9rales et la cr\u00e9ation d\u2019un v\u00e9ritable centre sportif utilisable toute l\u2019ann\u00e9e, mais d\u00e9noncent un concept 4-saisons \u00e0 CHF 24 millions qui ne tient pas la route. Elles et ils appellent la population qui le souhaite \u00e0 exprimer son opinion par le biais du r\u00e9f\u00e9rendum populaire lanc\u00e9 ce jour par un comit\u00e9 citoyen externe aux partis politiques.\",\"breadcrumb\":{\"@id\":\"https:\/\/vert-e-s-vd.ch\/morges\/blog\/interventions-communales\/patinoire-de-morges-position-du-groupe-des-vert%c2%b7e%c2%b7s#breadcrumb\"},\"inLanguage\":\"fr-FR\",\"potentialAction\":[{\"@type\":\"ReadAction\",\"target\":[\"https:\/\/vert-e-s-vd.ch\/morges\/blog\/interventions-communales\/patinoire-de-morges-position-du-groupe-des-vert%c2%b7e%c2%b7s\"]}]},{\"@type\":\"BreadcrumbList\",\"@id\":\"https:\/\/vert-e-s-vd.ch\/morges\/blog\/interventions-communales\/patinoire-de-morges-position-du-groupe-des-vert%c2%b7e%c2%b7s#breadcrumb\",\"itemListElement\":[{\"@type\":\"ListItem\",\"position\":1,\"name\":\"Accueil\",\"item\":\"https:\/\/vert-e-s-vd.ch\/morges\/\"},{\"@type\":\"ListItem\",\"position\":2,\"name\":\"Interventions communales\",\"item\":\"https:\/\/vert-e-s-vd.ch\/morges\/blog\/category\/interventions-communales\"},{\"@type\":\"ListItem\",\"position\":3,\"name\":\"Patinoire de Morges : position du groupe des Vert\u00b7e\u00b7s\"}]},{\"@type\":\"WebSite\",\"@id\":\"https:\/\/vert-e-s-vd.ch\/morges\/#website\",\"url\":\"https:\/\/vert-e-s-vd.ch\/morges\/\",\"name\":\"Les Vert\u00b7e\u00b7s du district de Morges\",\"description\":\"Les Vert\u00b7e\u00b7s du district de Morges\",\"potentialAction\":[{\"@type\":\"SearchAction\",\"target\":{\"@type\":\"EntryPoint\",\"urlTemplate\":\"https:\/\/vert-e-s-vd.ch\/morges\/?s={search_term_string}\"},\"query-input\":{\"@type\":\"PropertyValueSpecification\",\"valueRequired\":true,\"valueName\":\"search_term_string\"}}],\"inLanguage\":\"fr-FR\"},{\"@type\":\"Person\",\"@id\":\"https:\/\/vert-e-s-vd.ch\/morges\/#\/schema\/person\/b4392fe86354601685453b9e7639a997\",\"name\":\"raphaeldupertuis\",\"image\":{\"@type\":\"ImageObject\",\"inLanguage\":\"fr-FR\",\"@id\":\"https:\/\/vert-e-s-vd.ch\/morges\/#\/schema\/person\/image\/\",\"url\":\"https:\/\/secure.gravatar.com\/avatar\/a219d5bfc4edb565f18e514e880d2c069d54aa23155c4dc20dfccbc26749f76c?s=96&d=mm&r=g\",\"contentUrl\":\"https:\/\/secure.gravatar.com\/avatar\/a219d5bfc4edb565f18e514e880d2c069d54aa23155c4dc20dfccbc26749f76c?s=96&d=mm&r=g\",\"caption\":\"raphaeldupertuis\"}}]}<\/script>\n<!-- \/ Yoast SEO plugin. -->","yoast_head_json":{"title":"Patinoire de Morges : position du groupe des Vert\u00b7e\u00b7s - Les Vert\u00b7e\u00b7s du district de Morges","description":"Les Vert\u00b7e\u00b7s de Morges sont pour l\u2019assainissement \u00e9nerg\u00e9tique de la patinoire des Eaux-Min\u00e9rales et la cr\u00e9ation d\u2019un v\u00e9ritable centre sportif utilisable toute l\u2019ann\u00e9e, mais d\u00e9noncent un concept 4-saisons \u00e0 CHF 24 millions qui ne tient pas la route. Elles et ils appellent la population qui le souhaite \u00e0 exprimer son opinion par le biais du r\u00e9f\u00e9rendum populaire lanc\u00e9 ce jour par un comit\u00e9 citoyen externe aux partis politiques.","robots":{"index":"index","follow":"follow","max-snippet":"max-snippet:-1","max-image-preview":"max-image-preview:large","max-video-preview":"max-video-preview:-1"},"canonical":"https:\/\/vert-e-s-vd.ch\/morges\/blog\/interventions-communales\/patinoire-de-morges-position-du-groupe-des-vert\u00b7e\u00b7s","og_locale":"fr_FR","og_type":"article","og_title":"Patinoire de Morges: position du groupe des Vert\u00b7e\u00b7s","og_description":"Communiqu\u00e9 du 2 avril 2025 suite au lancement d'un r\u00e9f\u00e9rendum par des citoyennes et citoyens.","og_url":"https:\/\/vert-e-s-vd.ch\/morges\/blog\/interventions-communales\/patinoire-de-morges-position-du-groupe-des-vert\u00b7e\u00b7s","og_site_name":"Les Vert\u00b7e\u00b7s du district de Morges","article_published_time":"2025-04-02T14:21:51+00:00","article_modified_time":"2025-04-02T14:30:36+00:00","og_image":[{"width":1200,"height":630,"url":"https:\/\/vert-e-s-vd.ch\/morges\/wp-content\/uploads\/sites\/8\/2025\/04\/Copie-de-VM-CP-position-referendum-patinoire-1200x630-c-center.jpg","type":"image\/png"}],"author":"raphaeldupertuis","twitter_card":"summary_large_image","twitter_misc":{"\u00c9crit par":"raphaeldupertuis","Dur\u00e9e de lecture estim\u00e9e":"3 minutes"},"schema":{"@context":"https:\/\/schema.org","@graph":[{"@type":"Article","@id":"https:\/\/vert-e-s-vd.ch\/morges\/blog\/interventions-communales\/patinoire-de-morges-position-du-groupe-des-vert%c2%b7e%c2%b7s#article","isPartOf":{"@id":"https:\/\/vert-e-s-vd.ch\/morges\/blog\/interventions-communales\/patinoire-de-morges-position-du-groupe-des-vert%c2%b7e%c2%b7s"},"author":{"name":"raphaeldupertuis","@id":"https:\/\/vert-e-s-vd.ch\/morges\/#\/schema\/person\/b4392fe86354601685453b9e7639a997"},"headline":"Patinoire de Morges : position du groupe des Vert\u00b7e\u00b7s","datePublished":"2025-04-02T14:21:51+00:00","dateModified":"2025-04-02T14:30:36+00:00","mainEntityOfPage":{"@id":"https:\/\/vert-e-s-vd.ch\/morges\/blog\/interventions-communales\/patinoire-de-morges-position-du-groupe-des-vert%c2%b7e%c2%b7s"},"wordCount":10,"keywords":["4 saisons","Morges","patinoire","sport"],"articleSection":["Communiqu\u00e9s de presse","Interventions communales","Morges"],"inLanguage":"fr-FR"},{"@type":"WebPage","@id":"https:\/\/vert-e-s-vd.ch\/morges\/blog\/interventions-communales\/patinoire-de-morges-position-du-groupe-des-vert%c2%b7e%c2%b7s","url":"https:\/\/vert-e-s-vd.ch\/morges\/blog\/interventions-communales\/patinoire-de-morges-position-du-groupe-des-vert%c2%b7e%c2%b7s","name":"Patinoire de Morges : position du groupe des Vert\u00b7e\u00b7s - Les Vert\u00b7e\u00b7s du district de Morges","isPartOf":{"@id":"https:\/\/vert-e-s-vd.ch\/morges\/#website"},"datePublished":"2025-04-02T14:21:51+00:00","dateModified":"2025-04-02T14:30:36+00:00","author":{"@id":"https:\/\/vert-e-s-vd.ch\/morges\/#\/schema\/person\/b4392fe86354601685453b9e7639a997"},"description":"Les Vert\u00b7e\u00b7s de Morges sont pour l\u2019assainissement \u00e9nerg\u00e9tique de la patinoire des Eaux-Min\u00e9rales et la cr\u00e9ation d\u2019un v\u00e9ritable centre sportif utilisable toute l\u2019ann\u00e9e, mais d\u00e9noncent un concept 4-saisons \u00e0 CHF 24 millions qui ne tient pas la route. Elles et ils appellent la population qui le souhaite \u00e0 exprimer son opinion par le biais du r\u00e9f\u00e9rendum populaire lanc\u00e9 ce jour par un comit\u00e9 citoyen externe aux partis politiques.","breadcrumb":{"@id":"https:\/\/vert-e-s-vd.ch\/morges\/blog\/interventions-communales\/patinoire-de-morges-position-du-groupe-des-vert%c2%b7e%c2%b7s#breadcrumb"},"inLanguage":"fr-FR","potentialAction":[{"@type":"ReadAction","target":["https:\/\/vert-e-s-vd.ch\/morges\/blog\/interventions-communales\/patinoire-de-morges-position-du-groupe-des-vert%c2%b7e%c2%b7s"]}]},{"@type":"BreadcrumbList","@id":"https:\/\/vert-e-s-vd.ch\/morges\/blog\/interventions-communales\/patinoire-de-morges-position-du-groupe-des-vert%c2%b7e%c2%b7s#breadcrumb","itemListElement":[{"@type":"ListItem","position":1,"name":"Accueil","item":"https:\/\/vert-e-s-vd.ch\/morges\/"},{"@type":"ListItem","position":2,"name":"Interventions communales","item":"https:\/\/vert-e-s-vd.ch\/morges\/blog\/category\/interventions-communales"},{"@type":"ListItem","position":3,"name":"Patinoire de Morges : position du groupe des Vert\u00b7e\u00b7s"}]},{"@type":"WebSite","@id":"https:\/\/vert-e-s-vd.ch\/morges\/#website","url":"https:\/\/vert-e-s-vd.ch\/morges\/","name":"Les Vert\u00b7e\u00b7s du district de Morges","description":"Les Vert\u00b7e\u00b7s du district de Morges","potentialAction":[{"@type":"SearchAction","target":{"@type":"EntryPoint","urlTemplate":"https:\/\/vert-e-s-vd.ch\/morges\/?s={search_term_string}"},"query-input":{"@type":"PropertyValueSpecification","valueRequired":true,"valueName":"search_term_string"}}],"inLanguage":"fr-FR"},{"@type":"Person","@id":"https:\/\/vert-e-s-vd.ch\/morges\/#\/schema\/person\/b4392fe86354601685453b9e7639a997","name":"raphaeldupertuis","image":{"@type":"ImageObject","inLanguage":"fr-FR","@id":"https:\/\/vert-e-s-vd.ch\/morges\/#\/schema\/person\/image\/","url":"https:\/\/secure.gravatar.com\/avatar\/a219d5bfc4edb565f18e514e880d2c069d54aa23155c4dc20dfccbc26749f76c?s=96&d=mm&r=g","contentUrl":"https:\/\/secure.gravatar.com\/avatar\/a219d5bfc4edb565f18e514e880d2c069d54aa23155c4dc20dfccbc26749f76c?s=96&d=mm&r=g","caption":"raphaeldupertuis"}}]}},"_links":{"self":[{"href":"https:\/\/vert-e-s-vd.ch\/morges\/wp-json\/wp\/v2\/posts\/73059","targetHints":{"allow":["GET"]}}],"collection":[{"href":"https:\/\/vert-e-s-vd.ch\/morges\/wp-json\/wp\/v2\/posts"}],"about":[{"href":"https:\/\/vert-e-s-vd.ch\/morges\/wp-json\/wp\/v2\/types\/post"}],"author":[{"embeddable":true,"href":"https:\/\/vert-e-s-vd.ch\/morges\/wp-json\/wp\/v2\/users\/60"}],"replies":[{"embeddable":true,"href":"https:\/\/vert-e-s-vd.ch\/morges\/wp-json\/wp\/v2\/comments?post=73059"}],"version-history":[{"count":3,"href":"https:\/\/vert-e-s-vd.ch\/morges\/wp-json\/wp\/v2\/posts\/73059\/revisions"}],"predecessor-version":[{"id":73063,"href":"https:\/\/vert-e-s-vd.ch\/morges\/wp-json\/wp\/v2\/posts\/73059\/revisions\/73063"}],"wp:attachment":[{"href":"https:\/\/vert-e-s-vd.ch\/morges\/wp-json\/wp\/v2\/media?parent=73059"}],"wp:term":[{"taxonomy":"category","embeddable":true,"href":"https:\/\/vert-e-s-vd.ch\/morges\/wp-json\/wp\/v2\/categories?post=73059"},{"taxonomy":"post_tag","embeddable":true,"href":"https:\/\/vert-e-s-vd.ch\/morges\/wp-json\/wp\/v2\/tags?post=73059"}],"curies":[{"name":"wp","href":"https:\/\/api.w.org\/{rel}","templated":true}]}}