{"id":73056,"date":"2025-03-06T20:39:39","date_gmt":"2025-03-06T19:39:39","guid":{"rendered":"https:\/\/vert-e-s-vd.ch\/morges\/?p=73056"},"modified":"2025-03-06T20:40:43","modified_gmt":"2025-03-06T19:40:43","slug":"patinoire-de-morges-un-projet-precipite-et-pas-assez-adapte-aux-besoins-des-morgien-ne-s","status":"publish","type":"post","link":"https:\/\/vert-e-s-vd.ch\/morges\/blog\/communiques\/patinoire-de-morges-un-projet-precipite-et-pas-assez-adapte-aux-besoins-des-morgien-ne-s","title":{"rendered":"Patinoire de Morges : un projet pr\u00e9cipit\u00e9 et pas assez adapt\u00e9 aux besoins des Morgien\u00b7ne\u00b7s"},"content":{"rendered":"","protected":false},"excerpt":{"rendered":"","protected":false},"author":60,"featured_media":0,"comment_status":"closed","ping_status":"closed","sticky":false,"template":"single_press_release.php","format":"standard","meta":{"_acf_changed":false,"inline_featured_image":false,"footnotes":""},"categories":[417,393,396],"tags":[324,409,492],"class_list":["post-73056","post","type-post","status-publish","format-standard","hentry","category-communiques","category-communiques-de-presse","category-morges","tag-conseil-communal","tag-morges","tag-patinoire"],"acf":[],"yoast_head":"<!-- This site is optimized with the Yoast SEO plugin v26.9 - https:\/\/yoast.com\/product\/yoast-seo-wordpress\/ -->\n<title>Patinoire de Morges : un projet pr\u00e9cipit\u00e9 et pas assez adapt\u00e9 aux besoins des Morgien\u00b7ne\u00b7s - Les Vert\u00b7e\u00b7s du district de Morges<\/title>\n<meta name=\"description\" content=\"Le groupe des Vert\u00b7e\u00b7s du Conseil communal de Morges regrette l\u2019adoption mercredi soir du projet de r\u00e9fection et de transformation de la patinoire. Alors qu\u2019il s\u2019agit d\u2019un engagement financier colossal pour la Ville, \u00e0 la charge des g\u00e9n\u00e9rations futures pour les 30 prochaines ann\u00e9es, de nombreuses zones d\u2019ombre subsistent sur son financement et sa pertinence. Nous demandions un renvoi \u00e0 la Municipalit\u00e9 pour une \u00e9tude approfondie, non par opposition de principe, mais pour garantir un projet r\u00e9ellement abouti, moins on\u00e9reux, durable et adapt\u00e9 aux besoins et \u00e0 la volont\u00e9 de la population morgienne.\" \/>\n<meta name=\"robots\" content=\"index, follow, max-snippet:-1, max-image-preview:large, max-video-preview:-1\" \/>\n<link rel=\"canonical\" href=\"https:\/\/vert-e-s-vd.ch\/morges\/blog\/communiques\/patinoire-de-morges-un-projet-precipite-et-pas-assez-adapte-aux-besoins-des-morgien-ne-s\" \/>\n<meta property=\"og:locale\" content=\"fr_FR\" \/>\n<meta property=\"og:type\" content=\"article\" \/>\n<meta property=\"og:title\" content=\"Patinoire de Morges : un projet pr\u00e9cipit\u00e9 et pas assez adapt\u00e9 aux besoins des Morgien\u00b7ne\u00b7s - Les Vert\u00b7e\u00b7s du district de Morges\" \/>\n<meta property=\"og:description\" content=\"Le groupe des Vert\u00b7e\u00b7s du Conseil communal de Morges regrette l\u2019adoption mercredi soir du projet de r\u00e9fection et de transformation de \u2026\" \/>\n<meta property=\"og:url\" content=\"https:\/\/vert-e-s-vd.ch\/morges\/blog\/communiques\/patinoire-de-morges-un-projet-precipite-et-pas-assez-adapte-aux-besoins-des-morgien-ne-s\" \/>\n<meta property=\"og:site_name\" content=\"Les Vert\u00b7e\u00b7s du district de Morges\" \/>\n<meta property=\"article:published_time\" content=\"2025-03-06T19:39:39+00:00\" \/>\n<meta property=\"article:modified_time\" content=\"2025-03-06T19:40:43+00:00\" \/>\n<meta name=\"author\" content=\"raphaeldupertuis\" \/>\n<meta name=\"twitter:card\" content=\"summary_large_image\" \/>\n<meta name=\"twitter:label1\" content=\"\u00c9crit par\" \/>\n\t<meta name=\"twitter:data1\" content=\"raphaeldupertuis\" \/>\n\t<meta name=\"twitter:label2\" content=\"Dur\u00e9e de lecture estim\u00e9e\" \/>\n\t<meta name=\"twitter:data2\" content=\"3 minutes\" \/>\n<script type=\"application\/ld+json\" class=\"yoast-schema-graph\">{\"@context\":\"https:\/\/schema.org\",\"@graph\":[{\"@type\":\"Article\",\"@id\":\"https:\/\/vert-e-s-vd.ch\/morges\/blog\/communiques\/patinoire-de-morges-un-projet-precipite-et-pas-assez-adapte-aux-besoins-des-morgien-ne-s#article\",\"isPartOf\":{\"@id\":\"https:\/\/vert-e-s-vd.ch\/morges\/blog\/communiques\/patinoire-de-morges-un-projet-precipite-et-pas-assez-adapte-aux-besoins-des-morgien-ne-s\"},\"author\":{\"name\":\"raphaeldupertuis\",\"@id\":\"https:\/\/vert-e-s-vd.ch\/morges\/#\/schema\/person\/b4392fe86354601685453b9e7639a997\"},\"headline\":\"Patinoire de Morges : un projet pr\u00e9cipit\u00e9 et pas assez adapt\u00e9 aux besoins des Morgien\u00b7ne\u00b7s\",\"datePublished\":\"2025-03-06T19:39:39+00:00\",\"dateModified\":\"2025-03-06T19:40:43+00:00\",\"mainEntityOfPage\":{\"@id\":\"https:\/\/vert-e-s-vd.ch\/morges\/blog\/communiques\/patinoire-de-morges-un-projet-precipite-et-pas-assez-adapte-aux-besoins-des-morgien-ne-s\"},\"wordCount\":17,\"keywords\":[\"conseil communal\",\"Morges\",\"patinoire\"],\"articleSection\":[\"Communiqu\u00e9s\",\"Communiqu\u00e9s de presse\",\"Morges\"],\"inLanguage\":\"fr-FR\"},{\"@type\":\"WebPage\",\"@id\":\"https:\/\/vert-e-s-vd.ch\/morges\/blog\/communiques\/patinoire-de-morges-un-projet-precipite-et-pas-assez-adapte-aux-besoins-des-morgien-ne-s\",\"url\":\"https:\/\/vert-e-s-vd.ch\/morges\/blog\/communiques\/patinoire-de-morges-un-projet-precipite-et-pas-assez-adapte-aux-besoins-des-morgien-ne-s\",\"name\":\"Patinoire de Morges : un projet pr\u00e9cipit\u00e9 et pas assez adapt\u00e9 aux besoins des Morgien\u00b7ne\u00b7s - Les Vert\u00b7e\u00b7s du district de Morges\",\"isPartOf\":{\"@id\":\"https:\/\/vert-e-s-vd.ch\/morges\/#website\"},\"datePublished\":\"2025-03-06T19:39:39+00:00\",\"dateModified\":\"2025-03-06T19:40:43+00:00\",\"author\":{\"@id\":\"https:\/\/vert-e-s-vd.ch\/morges\/#\/schema\/person\/b4392fe86354601685453b9e7639a997\"},\"description\":\"Le groupe des Vert\u00b7e\u00b7s du Conseil communal de Morges regrette l\u2019adoption mercredi soir du projet de r\u00e9fection et de transformation de la patinoire. Alors qu\u2019il s\u2019agit d\u2019un engagement financier colossal pour la Ville, \u00e0 la charge des g\u00e9n\u00e9rations futures pour les 30 prochaines ann\u00e9es, de nombreuses zones d\u2019ombre subsistent sur son financement et sa pertinence. Nous demandions un renvoi \u00e0 la Municipalit\u00e9 pour une \u00e9tude approfondie, non par opposition de principe, mais pour garantir un projet r\u00e9ellement abouti, moins on\u00e9reux, durable et adapt\u00e9 aux besoins et \u00e0 la volont\u00e9 de la population morgienne.\",\"breadcrumb\":{\"@id\":\"https:\/\/vert-e-s-vd.ch\/morges\/blog\/communiques\/patinoire-de-morges-un-projet-precipite-et-pas-assez-adapte-aux-besoins-des-morgien-ne-s#breadcrumb\"},\"inLanguage\":\"fr-FR\",\"potentialAction\":[{\"@type\":\"ReadAction\",\"target\":[\"https:\/\/vert-e-s-vd.ch\/morges\/blog\/communiques\/patinoire-de-morges-un-projet-precipite-et-pas-assez-adapte-aux-besoins-des-morgien-ne-s\"]}]},{\"@type\":\"BreadcrumbList\",\"@id\":\"https:\/\/vert-e-s-vd.ch\/morges\/blog\/communiques\/patinoire-de-morges-un-projet-precipite-et-pas-assez-adapte-aux-besoins-des-morgien-ne-s#breadcrumb\",\"itemListElement\":[{\"@type\":\"ListItem\",\"position\":1,\"name\":\"Accueil\",\"item\":\"https:\/\/vert-e-s-vd.ch\/morges\/\"},{\"@type\":\"ListItem\",\"position\":2,\"name\":\"Actualit\u00e9s\",\"item\":\"https:\/\/vert-e-s-vd.ch\/morges\/blog\/category\/communiques#menu-item-72625\"},{\"@type\":\"ListItem\",\"position\":3,\"name\":\"Patinoire de Morges : un projet pr\u00e9cipit\u00e9 et pas assez adapt\u00e9 aux besoins des Morgien\u00b7ne\u00b7s\"}]},{\"@type\":\"WebSite\",\"@id\":\"https:\/\/vert-e-s-vd.ch\/morges\/#website\",\"url\":\"https:\/\/vert-e-s-vd.ch\/morges\/\",\"name\":\"Les Vert\u00b7e\u00b7s du district de Morges\",\"description\":\"Les Vert\u00b7e\u00b7s du district de Morges\",\"potentialAction\":[{\"@type\":\"SearchAction\",\"target\":{\"@type\":\"EntryPoint\",\"urlTemplate\":\"https:\/\/vert-e-s-vd.ch\/morges\/?s={search_term_string}\"},\"query-input\":{\"@type\":\"PropertyValueSpecification\",\"valueRequired\":true,\"valueName\":\"search_term_string\"}}],\"inLanguage\":\"fr-FR\"},{\"@type\":\"Person\",\"@id\":\"https:\/\/vert-e-s-vd.ch\/morges\/#\/schema\/person\/b4392fe86354601685453b9e7639a997\",\"name\":\"raphaeldupertuis\",\"image\":{\"@type\":\"ImageObject\",\"inLanguage\":\"fr-FR\",\"@id\":\"https:\/\/vert-e-s-vd.ch\/morges\/#\/schema\/person\/image\/\",\"url\":\"https:\/\/secure.gravatar.com\/avatar\/a219d5bfc4edb565f18e514e880d2c069d54aa23155c4dc20dfccbc26749f76c?s=96&d=mm&r=g\",\"contentUrl\":\"https:\/\/secure.gravatar.com\/avatar\/a219d5bfc4edb565f18e514e880d2c069d54aa23155c4dc20dfccbc26749f76c?s=96&d=mm&r=g\",\"caption\":\"raphaeldupertuis\"}}]}<\/script>\n<!-- \/ Yoast SEO plugin. -->","yoast_head_json":{"title":"Patinoire de Morges : un projet pr\u00e9cipit\u00e9 et pas assez adapt\u00e9 aux besoins des Morgien\u00b7ne\u00b7s - Les Vert\u00b7e\u00b7s du district de Morges","description":"Le groupe des Vert\u00b7e\u00b7s du Conseil communal de Morges regrette l\u2019adoption mercredi soir du projet de r\u00e9fection et de transformation de la patinoire. Alors qu\u2019il s\u2019agit d\u2019un engagement financier colossal pour la Ville, \u00e0 la charge des g\u00e9n\u00e9rations futures pour les 30 prochaines ann\u00e9es, de nombreuses zones d\u2019ombre subsistent sur son financement et sa pertinence. Nous demandions un renvoi \u00e0 la Municipalit\u00e9 pour une \u00e9tude approfondie, non par opposition de principe, mais pour garantir un projet r\u00e9ellement abouti, moins on\u00e9reux, durable et adapt\u00e9 aux besoins et \u00e0 la volont\u00e9 de la population morgienne.","robots":{"index":"index","follow":"follow","max-snippet":"max-snippet:-1","max-image-preview":"max-image-preview:large","max-video-preview":"max-video-preview:-1"},"canonical":"https:\/\/vert-e-s-vd.ch\/morges\/blog\/communiques\/patinoire-de-morges-un-projet-precipite-et-pas-assez-adapte-aux-besoins-des-morgien-ne-s","og_locale":"fr_FR","og_type":"article","og_title":"Patinoire de Morges : un projet pr\u00e9cipit\u00e9 et pas assez adapt\u00e9 aux besoins des Morgien\u00b7ne\u00b7s - Les Vert\u00b7e\u00b7s du district de Morges","og_description":"Le groupe des Vert\u00b7e\u00b7s du Conseil communal de Morges regrette l\u2019adoption mercredi soir du projet de r\u00e9fection et de transformation de \u2026","og_url":"https:\/\/vert-e-s-vd.ch\/morges\/blog\/communiques\/patinoire-de-morges-un-projet-precipite-et-pas-assez-adapte-aux-besoins-des-morgien-ne-s","og_site_name":"Les Vert\u00b7e\u00b7s du district de Morges","article_published_time":"2025-03-06T19:39:39+00:00","article_modified_time":"2025-03-06T19:40:43+00:00","author":"raphaeldupertuis","twitter_card":"summary_large_image","twitter_misc":{"\u00c9crit par":"raphaeldupertuis","Dur\u00e9e de lecture estim\u00e9e":"3 minutes"},"schema":{"@context":"https:\/\/schema.org","@graph":[{"@type":"Article","@id":"https:\/\/vert-e-s-vd.ch\/morges\/blog\/communiques\/patinoire-de-morges-un-projet-precipite-et-pas-assez-adapte-aux-besoins-des-morgien-ne-s#article","isPartOf":{"@id":"https:\/\/vert-e-s-vd.ch\/morges\/blog\/communiques\/patinoire-de-morges-un-projet-precipite-et-pas-assez-adapte-aux-besoins-des-morgien-ne-s"},"author":{"name":"raphaeldupertuis","@id":"https:\/\/vert-e-s-vd.ch\/morges\/#\/schema\/person\/b4392fe86354601685453b9e7639a997"},"headline":"Patinoire de Morges : un projet pr\u00e9cipit\u00e9 et pas assez adapt\u00e9 aux besoins des Morgien\u00b7ne\u00b7s","datePublished":"2025-03-06T19:39:39+00:00","dateModified":"2025-03-06T19:40:43+00:00","mainEntityOfPage":{"@id":"https:\/\/vert-e-s-vd.ch\/morges\/blog\/communiques\/patinoire-de-morges-un-projet-precipite-et-pas-assez-adapte-aux-besoins-des-morgien-ne-s"},"wordCount":17,"keywords":["conseil communal","Morges","patinoire"],"articleSection":["Communiqu\u00e9s","Communiqu\u00e9s de presse","Morges"],"inLanguage":"fr-FR"},{"@type":"WebPage","@id":"https:\/\/vert-e-s-vd.ch\/morges\/blog\/communiques\/patinoire-de-morges-un-projet-precipite-et-pas-assez-adapte-aux-besoins-des-morgien-ne-s","url":"https:\/\/vert-e-s-vd.ch\/morges\/blog\/communiques\/patinoire-de-morges-un-projet-precipite-et-pas-assez-adapte-aux-besoins-des-morgien-ne-s","name":"Patinoire de Morges : un projet pr\u00e9cipit\u00e9 et pas assez adapt\u00e9 aux besoins des Morgien\u00b7ne\u00b7s - Les Vert\u00b7e\u00b7s du district de Morges","isPartOf":{"@id":"https:\/\/vert-e-s-vd.ch\/morges\/#website"},"datePublished":"2025-03-06T19:39:39+00:00","dateModified":"2025-03-06T19:40:43+00:00","author":{"@id":"https:\/\/vert-e-s-vd.ch\/morges\/#\/schema\/person\/b4392fe86354601685453b9e7639a997"},"description":"Le groupe des Vert\u00b7e\u00b7s du Conseil communal de Morges regrette l\u2019adoption mercredi soir du projet de r\u00e9fection et de transformation de la patinoire. Alors qu\u2019il s\u2019agit d\u2019un engagement financier colossal pour la Ville, \u00e0 la charge des g\u00e9n\u00e9rations futures pour les 30 prochaines ann\u00e9es, de nombreuses zones d\u2019ombre subsistent sur son financement et sa pertinence. Nous demandions un renvoi \u00e0 la Municipalit\u00e9 pour une \u00e9tude approfondie, non par opposition de principe, mais pour garantir un projet r\u00e9ellement abouti, moins on\u00e9reux, durable et adapt\u00e9 aux besoins et \u00e0 la volont\u00e9 de la population morgienne.","breadcrumb":{"@id":"https:\/\/vert-e-s-vd.ch\/morges\/blog\/communiques\/patinoire-de-morges-un-projet-precipite-et-pas-assez-adapte-aux-besoins-des-morgien-ne-s#breadcrumb"},"inLanguage":"fr-FR","potentialAction":[{"@type":"ReadAction","target":["https:\/\/vert-e-s-vd.ch\/morges\/blog\/communiques\/patinoire-de-morges-un-projet-precipite-et-pas-assez-adapte-aux-besoins-des-morgien-ne-s"]}]},{"@type":"BreadcrumbList","@id":"https:\/\/vert-e-s-vd.ch\/morges\/blog\/communiques\/patinoire-de-morges-un-projet-precipite-et-pas-assez-adapte-aux-besoins-des-morgien-ne-s#breadcrumb","itemListElement":[{"@type":"ListItem","position":1,"name":"Accueil","item":"https:\/\/vert-e-s-vd.ch\/morges\/"},{"@type":"ListItem","position":2,"name":"Actualit\u00e9s","item":"https:\/\/vert-e-s-vd.ch\/morges\/blog\/category\/communiques#menu-item-72625"},{"@type":"ListItem","position":3,"name":"Patinoire de Morges : un projet pr\u00e9cipit\u00e9 et pas assez adapt\u00e9 aux besoins des Morgien\u00b7ne\u00b7s"}]},{"@type":"WebSite","@id":"https:\/\/vert-e-s-vd.ch\/morges\/#website","url":"https:\/\/vert-e-s-vd.ch\/morges\/","name":"Les Vert\u00b7e\u00b7s du district de Morges","description":"Les Vert\u00b7e\u00b7s du district de Morges","potentialAction":[{"@type":"SearchAction","target":{"@type":"EntryPoint","urlTemplate":"https:\/\/vert-e-s-vd.ch\/morges\/?s={search_term_string}"},"query-input":{"@type":"PropertyValueSpecification","valueRequired":true,"valueName":"search_term_string"}}],"inLanguage":"fr-FR"},{"@type":"Person","@id":"https:\/\/vert-e-s-vd.ch\/morges\/#\/schema\/person\/b4392fe86354601685453b9e7639a997","name":"raphaeldupertuis","image":{"@type":"ImageObject","inLanguage":"fr-FR","@id":"https:\/\/vert-e-s-vd.ch\/morges\/#\/schema\/person\/image\/","url":"https:\/\/secure.gravatar.com\/avatar\/a219d5bfc4edb565f18e514e880d2c069d54aa23155c4dc20dfccbc26749f76c?s=96&d=mm&r=g","contentUrl":"https:\/\/secure.gravatar.com\/avatar\/a219d5bfc4edb565f18e514e880d2c069d54aa23155c4dc20dfccbc26749f76c?s=96&d=mm&r=g","caption":"raphaeldupertuis"}}]}},"_links":{"self":[{"href":"https:\/\/vert-e-s-vd.ch\/morges\/wp-json\/wp\/v2\/posts\/73056","targetHints":{"allow":["GET"]}}],"collection":[{"href":"https:\/\/vert-e-s-vd.ch\/morges\/wp-json\/wp\/v2\/posts"}],"about":[{"href":"https:\/\/vert-e-s-vd.ch\/morges\/wp-json\/wp\/v2\/types\/post"}],"author":[{"embeddable":true,"href":"https:\/\/vert-e-s-vd.ch\/morges\/wp-json\/wp\/v2\/users\/60"}],"replies":[{"embeddable":true,"href":"https:\/\/vert-e-s-vd.ch\/morges\/wp-json\/wp\/v2\/comments?post=73056"}],"version-history":[{"count":1,"href":"https:\/\/vert-e-s-vd.ch\/morges\/wp-json\/wp\/v2\/posts\/73056\/revisions"}],"predecessor-version":[{"id":73057,"href":"https:\/\/vert-e-s-vd.ch\/morges\/wp-json\/wp\/v2\/posts\/73056\/revisions\/73057"}],"wp:attachment":[{"href":"https:\/\/vert-e-s-vd.ch\/morges\/wp-json\/wp\/v2\/media?parent=73056"}],"wp:term":[{"taxonomy":"category","embeddable":true,"href":"https:\/\/vert-e-s-vd.ch\/morges\/wp-json\/wp\/v2\/categories?post=73056"},{"taxonomy":"post_tag","embeddable":true,"href":"https:\/\/vert-e-s-vd.ch\/morges\/wp-json\/wp\/v2\/tags?post=73056"}],"curies":[{"name":"wp","href":"https:\/\/api.w.org\/{rel}","templated":true}]}}