{"id":72984,"date":"2024-07-16T08:11:37","date_gmt":"2024-07-16T06:11:37","guid":{"rendered":"https:\/\/vert-e-s-vd.ch\/morges\/?p=72984"},"modified":"2024-07-16T15:25:50","modified_gmt":"2024-07-16T13:25:50","slug":"immense-succes-pour-linitiative-communale-pour-davantage-de-logements-abordables-a-morges","status":"publish","type":"post","link":"https:\/\/vert-e-s-vd.ch\/morges\/blog\/morges\/communiques-de-presse\/immense-succes-pour-linitiative-communale-pour-davantage-de-logements-abordables-a-morges","title":{"rendered":"Immense succ\u00e8s pour l\u2019initiative communale \u201cPour davantage de logements abordables \u00e0 Morges\u201d"},"content":{"rendered":"","protected":false},"excerpt":{"rendered":"","protected":false},"author":60,"featured_media":0,"comment_status":"closed","ping_status":"closed","sticky":false,"template":"single_press_release.php","format":"standard","meta":{"_acf_changed":false,"inline_featured_image":false,"footnotes":""},"categories":[577,393,413,396],"tags":[],"class_list":["post-72984","post","type-post","status-publish","format-standard","hentry","category-actualites","category-communiques-de-presse","category-initiatives-petitions","category-morges"],"acf":[],"yoast_head":"<!-- This site is optimized with the Yoast SEO plugin v26.9 - https:\/\/yoast.com\/product\/yoast-seo-wordpress\/ -->\n<title>Immense succ\u00e8s pour l\u2019initiative communale \u201cPour davantage de logements abordables \u00e0 Morges\u201d - Les Vert\u00b7e\u00b7s du district de Morges<\/title>\n<meta name=\"description\" content=\"Ce lundi 15 juillet, le comit\u00e9 d\u2019initiative \u201cPour davantage de logements abordables \u00e0 Morges\u201d a d\u00e9pos\u00e9 plus de 2\u2019400 signatures au greffe municipal. Tout au long de la r\u00e9colte des signatures, l\u2019accueil de la population a \u00e9t\u00e9 enthousiaste et chaleureux. De tr\u00e8s nombreuses personnes soul\u00e8vent que l\u2019initiative r\u00e9pond \u00e0 un r\u00e9el besoin. Notre initiative communale est la toute premi\u00e8re \u00e0 r\u00e9unir autant de paraphes en Ville de Morges.\" \/>\n<meta name=\"robots\" content=\"index, follow, max-snippet:-1, max-image-preview:large, max-video-preview:-1\" \/>\n<link rel=\"canonical\" href=\"https:\/\/vert-e-s-vd.ch\/morges\/blog\/morges\/communiques-de-presse\/immense-succes-pour-linitiative-communale-pour-davantage-de-logements-abordables-a-morges\" \/>\n<meta property=\"og:locale\" content=\"fr_FR\" \/>\n<meta property=\"og:type\" content=\"article\" \/>\n<meta property=\"og:title\" content=\"Immense succ\u00e8s pour l\u2019initiative communale \u201cPour davantage de logements abordables \u00e0 Morges\u201d - Les Vert\u00b7e\u00b7s du district de Morges\" \/>\n<meta property=\"og:description\" content=\"Ce lundi 15 juillet, le comit\u00e9 d\u2019initiative \u201cPour davantage de logements abordables \u00e0 Morges\u201d a d\u00e9pos\u00e9 plus de 2\u2019400 signatures \u2026\" \/>\n<meta property=\"og:url\" content=\"https:\/\/vert-e-s-vd.ch\/morges\/blog\/morges\/communiques-de-presse\/immense-succes-pour-linitiative-communale-pour-davantage-de-logements-abordables-a-morges\" \/>\n<meta property=\"og:site_name\" content=\"Les Vert\u00b7e\u00b7s du district de Morges\" \/>\n<meta property=\"article:published_time\" content=\"2024-07-16T06:11:37+00:00\" \/>\n<meta property=\"article:modified_time\" content=\"2024-07-16T13:25:50+00:00\" \/>\n<meta name=\"author\" content=\"raphaeldupertuis\" \/>\n<meta name=\"twitter:card\" content=\"summary_large_image\" \/>\n<meta name=\"twitter:label1\" content=\"\u00c9crit par\" \/>\n\t<meta name=\"twitter:data1\" content=\"raphaeldupertuis\" \/>\n\t<meta name=\"twitter:label2\" content=\"Dur\u00e9e de lecture estim\u00e9e\" \/>\n\t<meta name=\"twitter:data2\" content=\"3 minutes\" \/>\n<script type=\"application\/ld+json\" class=\"yoast-schema-graph\">{\"@context\":\"https:\/\/schema.org\",\"@graph\":[{\"@type\":\"Article\",\"@id\":\"https:\/\/vert-e-s-vd.ch\/morges\/blog\/morges\/communiques-de-presse\/immense-succes-pour-linitiative-communale-pour-davantage-de-logements-abordables-a-morges#article\",\"isPartOf\":{\"@id\":\"https:\/\/vert-e-s-vd.ch\/morges\/blog\/morges\/communiques-de-presse\/immense-succes-pour-linitiative-communale-pour-davantage-de-logements-abordables-a-morges\"},\"author\":{\"name\":\"raphaeldupertuis\",\"@id\":\"https:\/\/vert-e-s-vd.ch\/morges\/#\/schema\/person\/b4392fe86354601685453b9e7639a997\"},\"headline\":\"Immense succ\u00e8s pour l\u2019initiative communale \u201cPour davantage de logements abordables \u00e0 Morges\u201d\",\"datePublished\":\"2024-07-16T06:11:37+00:00\",\"dateModified\":\"2024-07-16T13:25:50+00:00\",\"mainEntityOfPage\":{\"@id\":\"https:\/\/vert-e-s-vd.ch\/morges\/blog\/morges\/communiques-de-presse\/immense-succes-pour-linitiative-communale-pour-davantage-de-logements-abordables-a-morges\"},\"wordCount\":13,\"articleSection\":[\"Actualit\u00e9s\",\"Communiqu\u00e9s de presse\",\"Initiatives, p\u00e9titions, etc\",\"Morges\"],\"inLanguage\":\"fr-FR\"},{\"@type\":\"WebPage\",\"@id\":\"https:\/\/vert-e-s-vd.ch\/morges\/blog\/morges\/communiques-de-presse\/immense-succes-pour-linitiative-communale-pour-davantage-de-logements-abordables-a-morges\",\"url\":\"https:\/\/vert-e-s-vd.ch\/morges\/blog\/morges\/communiques-de-presse\/immense-succes-pour-linitiative-communale-pour-davantage-de-logements-abordables-a-morges\",\"name\":\"Immense succ\u00e8s pour l\u2019initiative communale \u201cPour davantage de logements abordables \u00e0 Morges\u201d - Les Vert\u00b7e\u00b7s du district de Morges\",\"isPartOf\":{\"@id\":\"https:\/\/vert-e-s-vd.ch\/morges\/#website\"},\"datePublished\":\"2024-07-16T06:11:37+00:00\",\"dateModified\":\"2024-07-16T13:25:50+00:00\",\"author\":{\"@id\":\"https:\/\/vert-e-s-vd.ch\/morges\/#\/schema\/person\/b4392fe86354601685453b9e7639a997\"},\"description\":\"Ce lundi 15 juillet, le comit\u00e9 d\u2019initiative \u201cPour davantage de logements abordables \u00e0 Morges\u201d a d\u00e9pos\u00e9 plus de 2\u2019400 signatures au greffe municipal. Tout au long de la r\u00e9colte des signatures, l\u2019accueil de la population a \u00e9t\u00e9 enthousiaste et chaleureux. De tr\u00e8s nombreuses personnes soul\u00e8vent que l\u2019initiative r\u00e9pond \u00e0 un r\u00e9el besoin. Notre initiative communale est la toute premi\u00e8re \u00e0 r\u00e9unir autant de paraphes en Ville de Morges.\",\"breadcrumb\":{\"@id\":\"https:\/\/vert-e-s-vd.ch\/morges\/blog\/morges\/communiques-de-presse\/immense-succes-pour-linitiative-communale-pour-davantage-de-logements-abordables-a-morges#breadcrumb\"},\"inLanguage\":\"fr-FR\",\"potentialAction\":[{\"@type\":\"ReadAction\",\"target\":[\"https:\/\/vert-e-s-vd.ch\/morges\/blog\/morges\/communiques-de-presse\/immense-succes-pour-linitiative-communale-pour-davantage-de-logements-abordables-a-morges\"]}]},{\"@type\":\"BreadcrumbList\",\"@id\":\"https:\/\/vert-e-s-vd.ch\/morges\/blog\/morges\/communiques-de-presse\/immense-succes-pour-linitiative-communale-pour-davantage-de-logements-abordables-a-morges#breadcrumb\",\"itemListElement\":[{\"@type\":\"ListItem\",\"position\":1,\"name\":\"Accueil\",\"item\":\"https:\/\/vert-e-s-vd.ch\/morges\/\"},{\"@type\":\"ListItem\",\"position\":2,\"name\":\"Morges\",\"item\":\"https:\/\/vert-e-s-vd.ch\/morges\/blog\/category\/morges\"},{\"@type\":\"ListItem\",\"position\":3,\"name\":\"Communiqu\u00e9s de presse\",\"item\":\"https:\/\/vert-e-s-vd.ch\/morges\/blog\/category\/morges\/communiques-de-presse\"},{\"@type\":\"ListItem\",\"position\":4,\"name\":\"Immense succ\u00e8s pour l\u2019initiative communale \u201cPour davantage de logements abordables \u00e0 Morges\u201d\"}]},{\"@type\":\"WebSite\",\"@id\":\"https:\/\/vert-e-s-vd.ch\/morges\/#website\",\"url\":\"https:\/\/vert-e-s-vd.ch\/morges\/\",\"name\":\"Les Vert\u00b7e\u00b7s du district de Morges\",\"description\":\"Les Vert\u00b7e\u00b7s du district de Morges\",\"potentialAction\":[{\"@type\":\"SearchAction\",\"target\":{\"@type\":\"EntryPoint\",\"urlTemplate\":\"https:\/\/vert-e-s-vd.ch\/morges\/?s={search_term_string}\"},\"query-input\":{\"@type\":\"PropertyValueSpecification\",\"valueRequired\":true,\"valueName\":\"search_term_string\"}}],\"inLanguage\":\"fr-FR\"},{\"@type\":\"Person\",\"@id\":\"https:\/\/vert-e-s-vd.ch\/morges\/#\/schema\/person\/b4392fe86354601685453b9e7639a997\",\"name\":\"raphaeldupertuis\",\"image\":{\"@type\":\"ImageObject\",\"inLanguage\":\"fr-FR\",\"@id\":\"https:\/\/vert-e-s-vd.ch\/morges\/#\/schema\/person\/image\/\",\"url\":\"https:\/\/secure.gravatar.com\/avatar\/a219d5bfc4edb565f18e514e880d2c069d54aa23155c4dc20dfccbc26749f76c?s=96&d=mm&r=g\",\"contentUrl\":\"https:\/\/secure.gravatar.com\/avatar\/a219d5bfc4edb565f18e514e880d2c069d54aa23155c4dc20dfccbc26749f76c?s=96&d=mm&r=g\",\"caption\":\"raphaeldupertuis\"}}]}<\/script>\n<!-- \/ Yoast SEO plugin. -->","yoast_head_json":{"title":"Immense succ\u00e8s pour l\u2019initiative communale \u201cPour davantage de logements abordables \u00e0 Morges\u201d - Les Vert\u00b7e\u00b7s du district de Morges","description":"Ce lundi 15 juillet, le comit\u00e9 d\u2019initiative \u201cPour davantage de logements abordables \u00e0 Morges\u201d a d\u00e9pos\u00e9 plus de 2\u2019400 signatures au greffe municipal. Tout au long de la r\u00e9colte des signatures, l\u2019accueil de la population a \u00e9t\u00e9 enthousiaste et chaleureux. De tr\u00e8s nombreuses personnes soul\u00e8vent que l\u2019initiative r\u00e9pond \u00e0 un r\u00e9el besoin. Notre initiative communale est la toute premi\u00e8re \u00e0 r\u00e9unir autant de paraphes en Ville de Morges.","robots":{"index":"index","follow":"follow","max-snippet":"max-snippet:-1","max-image-preview":"max-image-preview:large","max-video-preview":"max-video-preview:-1"},"canonical":"https:\/\/vert-e-s-vd.ch\/morges\/blog\/morges\/communiques-de-presse\/immense-succes-pour-linitiative-communale-pour-davantage-de-logements-abordables-a-morges","og_locale":"fr_FR","og_type":"article","og_title":"Immense succ\u00e8s pour l\u2019initiative communale \u201cPour davantage de logements abordables \u00e0 Morges\u201d - Les Vert\u00b7e\u00b7s du district de Morges","og_description":"Ce lundi 15 juillet, le comit\u00e9 d\u2019initiative \u201cPour davantage de logements abordables \u00e0 Morges\u201d a d\u00e9pos\u00e9 plus de 2\u2019400 signatures \u2026","og_url":"https:\/\/vert-e-s-vd.ch\/morges\/blog\/morges\/communiques-de-presse\/immense-succes-pour-linitiative-communale-pour-davantage-de-logements-abordables-a-morges","og_site_name":"Les Vert\u00b7e\u00b7s du district de Morges","article_published_time":"2024-07-16T06:11:37+00:00","article_modified_time":"2024-07-16T13:25:50+00:00","author":"raphaeldupertuis","twitter_card":"summary_large_image","twitter_misc":{"\u00c9crit par":"raphaeldupertuis","Dur\u00e9e de lecture estim\u00e9e":"3 minutes"},"schema":{"@context":"https:\/\/schema.org","@graph":[{"@type":"Article","@id":"https:\/\/vert-e-s-vd.ch\/morges\/blog\/morges\/communiques-de-presse\/immense-succes-pour-linitiative-communale-pour-davantage-de-logements-abordables-a-morges#article","isPartOf":{"@id":"https:\/\/vert-e-s-vd.ch\/morges\/blog\/morges\/communiques-de-presse\/immense-succes-pour-linitiative-communale-pour-davantage-de-logements-abordables-a-morges"},"author":{"name":"raphaeldupertuis","@id":"https:\/\/vert-e-s-vd.ch\/morges\/#\/schema\/person\/b4392fe86354601685453b9e7639a997"},"headline":"Immense succ\u00e8s pour l\u2019initiative communale \u201cPour davantage de logements abordables \u00e0 Morges\u201d","datePublished":"2024-07-16T06:11:37+00:00","dateModified":"2024-07-16T13:25:50+00:00","mainEntityOfPage":{"@id":"https:\/\/vert-e-s-vd.ch\/morges\/blog\/morges\/communiques-de-presse\/immense-succes-pour-linitiative-communale-pour-davantage-de-logements-abordables-a-morges"},"wordCount":13,"articleSection":["Actualit\u00e9s","Communiqu\u00e9s de presse","Initiatives, p\u00e9titions, etc","Morges"],"inLanguage":"fr-FR"},{"@type":"WebPage","@id":"https:\/\/vert-e-s-vd.ch\/morges\/blog\/morges\/communiques-de-presse\/immense-succes-pour-linitiative-communale-pour-davantage-de-logements-abordables-a-morges","url":"https:\/\/vert-e-s-vd.ch\/morges\/blog\/morges\/communiques-de-presse\/immense-succes-pour-linitiative-communale-pour-davantage-de-logements-abordables-a-morges","name":"Immense succ\u00e8s pour l\u2019initiative communale \u201cPour davantage de logements abordables \u00e0 Morges\u201d - Les Vert\u00b7e\u00b7s du district de Morges","isPartOf":{"@id":"https:\/\/vert-e-s-vd.ch\/morges\/#website"},"datePublished":"2024-07-16T06:11:37+00:00","dateModified":"2024-07-16T13:25:50+00:00","author":{"@id":"https:\/\/vert-e-s-vd.ch\/morges\/#\/schema\/person\/b4392fe86354601685453b9e7639a997"},"description":"Ce lundi 15 juillet, le comit\u00e9 d\u2019initiative \u201cPour davantage de logements abordables \u00e0 Morges\u201d a d\u00e9pos\u00e9 plus de 2\u2019400 signatures au greffe municipal. Tout au long de la r\u00e9colte des signatures, l\u2019accueil de la population a \u00e9t\u00e9 enthousiaste et chaleureux. De tr\u00e8s nombreuses personnes soul\u00e8vent que l\u2019initiative r\u00e9pond \u00e0 un r\u00e9el besoin. Notre initiative communale est la toute premi\u00e8re \u00e0 r\u00e9unir autant de paraphes en Ville de Morges.","breadcrumb":{"@id":"https:\/\/vert-e-s-vd.ch\/morges\/blog\/morges\/communiques-de-presse\/immense-succes-pour-linitiative-communale-pour-davantage-de-logements-abordables-a-morges#breadcrumb"},"inLanguage":"fr-FR","potentialAction":[{"@type":"ReadAction","target":["https:\/\/vert-e-s-vd.ch\/morges\/blog\/morges\/communiques-de-presse\/immense-succes-pour-linitiative-communale-pour-davantage-de-logements-abordables-a-morges"]}]},{"@type":"BreadcrumbList","@id":"https:\/\/vert-e-s-vd.ch\/morges\/blog\/morges\/communiques-de-presse\/immense-succes-pour-linitiative-communale-pour-davantage-de-logements-abordables-a-morges#breadcrumb","itemListElement":[{"@type":"ListItem","position":1,"name":"Accueil","item":"https:\/\/vert-e-s-vd.ch\/morges\/"},{"@type":"ListItem","position":2,"name":"Morges","item":"https:\/\/vert-e-s-vd.ch\/morges\/blog\/category\/morges"},{"@type":"ListItem","position":3,"name":"Communiqu\u00e9s de presse","item":"https:\/\/vert-e-s-vd.ch\/morges\/blog\/category\/morges\/communiques-de-presse"},{"@type":"ListItem","position":4,"name":"Immense succ\u00e8s pour l\u2019initiative communale \u201cPour davantage de logements abordables \u00e0 Morges\u201d"}]},{"@type":"WebSite","@id":"https:\/\/vert-e-s-vd.ch\/morges\/#website","url":"https:\/\/vert-e-s-vd.ch\/morges\/","name":"Les Vert\u00b7e\u00b7s du district de Morges","description":"Les Vert\u00b7e\u00b7s du district de Morges","potentialAction":[{"@type":"SearchAction","target":{"@type":"EntryPoint","urlTemplate":"https:\/\/vert-e-s-vd.ch\/morges\/?s={search_term_string}"},"query-input":{"@type":"PropertyValueSpecification","valueRequired":true,"valueName":"search_term_string"}}],"inLanguage":"fr-FR"},{"@type":"Person","@id":"https:\/\/vert-e-s-vd.ch\/morges\/#\/schema\/person\/b4392fe86354601685453b9e7639a997","name":"raphaeldupertuis","image":{"@type":"ImageObject","inLanguage":"fr-FR","@id":"https:\/\/vert-e-s-vd.ch\/morges\/#\/schema\/person\/image\/","url":"https:\/\/secure.gravatar.com\/avatar\/a219d5bfc4edb565f18e514e880d2c069d54aa23155c4dc20dfccbc26749f76c?s=96&d=mm&r=g","contentUrl":"https:\/\/secure.gravatar.com\/avatar\/a219d5bfc4edb565f18e514e880d2c069d54aa23155c4dc20dfccbc26749f76c?s=96&d=mm&r=g","caption":"raphaeldupertuis"}}]}},"_links":{"self":[{"href":"https:\/\/vert-e-s-vd.ch\/morges\/wp-json\/wp\/v2\/posts\/72984","targetHints":{"allow":["GET"]}}],"collection":[{"href":"https:\/\/vert-e-s-vd.ch\/morges\/wp-json\/wp\/v2\/posts"}],"about":[{"href":"https:\/\/vert-e-s-vd.ch\/morges\/wp-json\/wp\/v2\/types\/post"}],"author":[{"embeddable":true,"href":"https:\/\/vert-e-s-vd.ch\/morges\/wp-json\/wp\/v2\/users\/60"}],"replies":[{"embeddable":true,"href":"https:\/\/vert-e-s-vd.ch\/morges\/wp-json\/wp\/v2\/comments?post=72984"}],"version-history":[{"count":2,"href":"https:\/\/vert-e-s-vd.ch\/morges\/wp-json\/wp\/v2\/posts\/72984\/revisions"}],"predecessor-version":[{"id":72987,"href":"https:\/\/vert-e-s-vd.ch\/morges\/wp-json\/wp\/v2\/posts\/72984\/revisions\/72987"}],"wp:attachment":[{"href":"https:\/\/vert-e-s-vd.ch\/morges\/wp-json\/wp\/v2\/media?parent=72984"}],"wp:term":[{"taxonomy":"category","embeddable":true,"href":"https:\/\/vert-e-s-vd.ch\/morges\/wp-json\/wp\/v2\/categories?post=72984"},{"taxonomy":"post_tag","embeddable":true,"href":"https:\/\/vert-e-s-vd.ch\/morges\/wp-json\/wp\/v2\/tags?post=72984"}],"curies":[{"name":"wp","href":"https:\/\/api.w.org\/{rel}","templated":true}]}}