{"id":72964,"date":"2024-03-12T18:08:39","date_gmt":"2024-03-12T17:08:39","guid":{"rendered":"https:\/\/vert-e-s-vd.ch\/morges\/?p=72964"},"modified":"2024-07-16T15:26:52","modified_gmt":"2024-07-16T13:26:52","slug":"fermeture-de-vetropack-a-saint-prex-des-impacts-economiques-sociaux-et-environnementaux-graves","status":"publish","type":"post","link":"https:\/\/vert-e-s-vd.ch\/morges\/blog\/communiques\/fermeture-de-vetropack-a-saint-prex-des-impacts-economiques-sociaux-et-environnementaux-graves","title":{"rendered":"Fermeture de Vetropack \u00e0 Saint-Prex : des impacts \u00e9conomiques, sociaux et environnementaux graves !"},"content":{"rendered":"","protected":false},"excerpt":{"rendered":"","protected":false},"author":60,"featured_media":0,"comment_status":"closed","ping_status":"closed","sticky":false,"template":"single_press_release.php","format":"standard","meta":{"_acf_changed":false,"inline_featured_image":false,"footnotes":""},"categories":[577,417,393],"tags":[576,575,573,574,572],"class_list":["post-72964","post","type-post","status-publish","format-standard","hentry","category-actualites","category-communiques","category-communiques-de-presse","tag-economie-circulaire","tag-emplois","tag-industrie","tag-saint-prex","tag-verre"],"acf":[],"yoast_head":"<!-- This site is optimized with the Yoast SEO plugin v26.9 - https:\/\/yoast.com\/product\/yoast-seo-wordpress\/ -->\n<title>Fermeture de Vetropack \u00e0 Saint-Prex : des impacts \u00e9conomiques, sociaux et environnementaux graves ! - Les Vert\u00b7e\u00b7s du district de Morges<\/title>\n<meta name=\"description\" content=\"Suite \u00e0 l\u2019annonce du groupe Vetropack d\u2019envisager une fermeture de l\u2019usine de Saint-Prex, les Vert\u00b7e\u00b7s font part de leur inqui\u00e9tude \u00e0 propos des 180 emplois menac\u00e9s et des cons\u00e9quences environnementales engendr\u00e9es par le transfert de ces activit\u00e9s \u00e0 l\u2019\u00e9tranger, tout en envoyant un signal n\u00e9gatif \u00e0 l\u2019\u00e9conomie circulaire qui se met en place dans notre canton. Une interpellation a \u00e9t\u00e9 d\u00e9pos\u00e9e aujourd\u2019hui au Grand Conseil \u00e0 ce sujet.\" \/>\n<meta name=\"robots\" content=\"index, follow, max-snippet:-1, max-image-preview:large, max-video-preview:-1\" \/>\n<link rel=\"canonical\" href=\"https:\/\/vert-e-s-vd.ch\/morges\/blog\/morges\/communiques-de-presse\/fermeture-de-vetropack-a-saint-prex-des-impacts-economiques-sociaux-et-environnementaux-graves\" \/>\n<meta property=\"og:locale\" content=\"fr_FR\" \/>\n<meta property=\"og:type\" content=\"article\" \/>\n<meta property=\"og:title\" content=\"Fermeture de Vetropack \u00e0 Saint-Prex : des impacts \u00e9conomiques, sociaux et environnementaux graves ! - Les Vert\u00b7e\u00b7s du district de Morges\" \/>\n<meta property=\"og:description\" content=\"Suite \u00e0 l\u2019annonce du groupe Vetropack d\u2019envisager une fermeture de l\u2019usine de Saint-Prex, les Vert\u00b7e\u00b7s font part de leur \u2026\" \/>\n<meta property=\"og:url\" content=\"https:\/\/vert-e-s-vd.ch\/morges\/blog\/morges\/communiques-de-presse\/fermeture-de-vetropack-a-saint-prex-des-impacts-economiques-sociaux-et-environnementaux-graves\" \/>\n<meta property=\"og:site_name\" content=\"Les Vert\u00b7e\u00b7s du district de Morges\" \/>\n<meta property=\"article:published_time\" content=\"2024-03-12T17:08:39+00:00\" \/>\n<meta property=\"article:modified_time\" content=\"2024-07-16T13:26:52+00:00\" \/>\n<meta name=\"author\" content=\"raphaeldupertuis\" \/>\n<meta name=\"twitter:card\" content=\"summary_large_image\" \/>\n<meta name=\"twitter:label1\" content=\"\u00c9crit par\" \/>\n\t<meta name=\"twitter:data1\" content=\"raphaeldupertuis\" \/>\n\t<meta name=\"twitter:label2\" content=\"Dur\u00e9e de lecture estim\u00e9e\" \/>\n\t<meta name=\"twitter:data2\" content=\"3 minutes\" \/>\n<script type=\"application\/ld+json\" class=\"yoast-schema-graph\">{\"@context\":\"https:\/\/schema.org\",\"@graph\":[{\"@type\":\"Article\",\"@id\":\"https:\/\/vert-e-s-vd.ch\/morges\/blog\/morges\/communiques-de-presse\/fermeture-de-vetropack-a-saint-prex-des-impacts-economiques-sociaux-et-environnementaux-graves#article\",\"isPartOf\":{\"@id\":\"https:\/\/vert-e-s-vd.ch\/morges\/blog\/morges\/communiques-de-presse\/fermeture-de-vetropack-a-saint-prex-des-impacts-economiques-sociaux-et-environnementaux-graves\"},\"author\":{\"name\":\"raphaeldupertuis\",\"@id\":\"https:\/\/vert-e-s-vd.ch\/morges\/#\/schema\/person\/b4392fe86354601685453b9e7639a997\"},\"headline\":\"Fermeture de Vetropack \u00e0 Saint-Prex : des impacts \u00e9conomiques, sociaux et environnementaux graves !\",\"datePublished\":\"2024-03-12T17:08:39+00:00\",\"dateModified\":\"2024-07-16T13:26:52+00:00\",\"mainEntityOfPage\":{\"@id\":\"https:\/\/vert-e-s-vd.ch\/morges\/blog\/morges\/communiques-de-presse\/fermeture-de-vetropack-a-saint-prex-des-impacts-economiques-sociaux-et-environnementaux-graves\"},\"wordCount\":11,\"keywords\":[\"\u00e9conomie circulaire\",\"emplois\",\"industrie\",\"saint-prex\",\"verre\"],\"articleSection\":[\"Actualit\u00e9s\",\"Communiqu\u00e9s\",\"Communiqu\u00e9s de presse\"],\"inLanguage\":\"fr-FR\"},{\"@type\":\"WebPage\",\"@id\":\"https:\/\/vert-e-s-vd.ch\/morges\/blog\/morges\/communiques-de-presse\/fermeture-de-vetropack-a-saint-prex-des-impacts-economiques-sociaux-et-environnementaux-graves\",\"url\":\"https:\/\/vert-e-s-vd.ch\/morges\/blog\/morges\/communiques-de-presse\/fermeture-de-vetropack-a-saint-prex-des-impacts-economiques-sociaux-et-environnementaux-graves\",\"name\":\"Fermeture de Vetropack \u00e0 Saint-Prex : des impacts \u00e9conomiques, sociaux et environnementaux graves ! - Les Vert\u00b7e\u00b7s du district de Morges\",\"isPartOf\":{\"@id\":\"https:\/\/vert-e-s-vd.ch\/morges\/#website\"},\"datePublished\":\"2024-03-12T17:08:39+00:00\",\"dateModified\":\"2024-07-16T13:26:52+00:00\",\"author\":{\"@id\":\"https:\/\/vert-e-s-vd.ch\/morges\/#\/schema\/person\/b4392fe86354601685453b9e7639a997\"},\"description\":\"Suite \u00e0 l\u2019annonce du groupe Vetropack d\u2019envisager une fermeture de l\u2019usine de Saint-Prex, les Vert\u00b7e\u00b7s font part de leur inqui\u00e9tude \u00e0 propos des 180 emplois menac\u00e9s et des cons\u00e9quences environnementales engendr\u00e9es par le transfert de ces activit\u00e9s \u00e0 l\u2019\u00e9tranger, tout en envoyant un signal n\u00e9gatif \u00e0 l\u2019\u00e9conomie circulaire qui se met en place dans notre canton. Une interpellation a \u00e9t\u00e9 d\u00e9pos\u00e9e aujourd\u2019hui au Grand Conseil \u00e0 ce sujet.\",\"breadcrumb\":{\"@id\":\"https:\/\/vert-e-s-vd.ch\/morges\/blog\/morges\/communiques-de-presse\/fermeture-de-vetropack-a-saint-prex-des-impacts-economiques-sociaux-et-environnementaux-graves#breadcrumb\"},\"inLanguage\":\"fr-FR\",\"potentialAction\":[{\"@type\":\"ReadAction\",\"target\":[\"https:\/\/vert-e-s-vd.ch\/morges\/blog\/morges\/communiques-de-presse\/fermeture-de-vetropack-a-saint-prex-des-impacts-economiques-sociaux-et-environnementaux-graves\"]}]},{\"@type\":\"BreadcrumbList\",\"@id\":\"https:\/\/vert-e-s-vd.ch\/morges\/blog\/morges\/communiques-de-presse\/fermeture-de-vetropack-a-saint-prex-des-impacts-economiques-sociaux-et-environnementaux-graves#breadcrumb\",\"itemListElement\":[{\"@type\":\"ListItem\",\"position\":1,\"name\":\"Accueil\",\"item\":\"https:\/\/vert-e-s-vd.ch\/morges\/\"},{\"@type\":\"ListItem\",\"position\":2,\"name\":\"Actualit\u00e9s\",\"item\":\"https:\/\/vert-e-s-vd.ch\/morges\/blog\/category\/communiques#menu-item-72625\"},{\"@type\":\"ListItem\",\"position\":3,\"name\":\"Fermeture de Vetropack \u00e0 Saint-Prex : des impacts \u00e9conomiques, sociaux et environnementaux graves !\"}]},{\"@type\":\"WebSite\",\"@id\":\"https:\/\/vert-e-s-vd.ch\/morges\/#website\",\"url\":\"https:\/\/vert-e-s-vd.ch\/morges\/\",\"name\":\"Les Vert\u00b7e\u00b7s du district de Morges\",\"description\":\"Les Vert\u00b7e\u00b7s du district de Morges\",\"potentialAction\":[{\"@type\":\"SearchAction\",\"target\":{\"@type\":\"EntryPoint\",\"urlTemplate\":\"https:\/\/vert-e-s-vd.ch\/morges\/?s={search_term_string}\"},\"query-input\":{\"@type\":\"PropertyValueSpecification\",\"valueRequired\":true,\"valueName\":\"search_term_string\"}}],\"inLanguage\":\"fr-FR\"},{\"@type\":\"Person\",\"@id\":\"https:\/\/vert-e-s-vd.ch\/morges\/#\/schema\/person\/b4392fe86354601685453b9e7639a997\",\"name\":\"raphaeldupertuis\",\"image\":{\"@type\":\"ImageObject\",\"inLanguage\":\"fr-FR\",\"@id\":\"https:\/\/vert-e-s-vd.ch\/morges\/#\/schema\/person\/image\/\",\"url\":\"https:\/\/secure.gravatar.com\/avatar\/a219d5bfc4edb565f18e514e880d2c069d54aa23155c4dc20dfccbc26749f76c?s=96&d=mm&r=g\",\"contentUrl\":\"https:\/\/secure.gravatar.com\/avatar\/a219d5bfc4edb565f18e514e880d2c069d54aa23155c4dc20dfccbc26749f76c?s=96&d=mm&r=g\",\"caption\":\"raphaeldupertuis\"}}]}<\/script>\n<!-- \/ Yoast SEO plugin. -->","yoast_head_json":{"title":"Fermeture de Vetropack \u00e0 Saint-Prex : des impacts \u00e9conomiques, sociaux et environnementaux graves ! - Les Vert\u00b7e\u00b7s du district de Morges","description":"Suite \u00e0 l\u2019annonce du groupe Vetropack d\u2019envisager une fermeture de l\u2019usine de Saint-Prex, les Vert\u00b7e\u00b7s font part de leur inqui\u00e9tude \u00e0 propos des 180 emplois menac\u00e9s et des cons\u00e9quences environnementales engendr\u00e9es par le transfert de ces activit\u00e9s \u00e0 l\u2019\u00e9tranger, tout en envoyant un signal n\u00e9gatif \u00e0 l\u2019\u00e9conomie circulaire qui se met en place dans notre canton. Une interpellation a \u00e9t\u00e9 d\u00e9pos\u00e9e aujourd\u2019hui au Grand Conseil \u00e0 ce sujet.","robots":{"index":"index","follow":"follow","max-snippet":"max-snippet:-1","max-image-preview":"max-image-preview:large","max-video-preview":"max-video-preview:-1"},"canonical":"https:\/\/vert-e-s-vd.ch\/morges\/blog\/morges\/communiques-de-presse\/fermeture-de-vetropack-a-saint-prex-des-impacts-economiques-sociaux-et-environnementaux-graves","og_locale":"fr_FR","og_type":"article","og_title":"Fermeture de Vetropack \u00e0 Saint-Prex : des impacts \u00e9conomiques, sociaux et environnementaux graves ! - Les Vert\u00b7e\u00b7s du district de Morges","og_description":"Suite \u00e0 l\u2019annonce du groupe Vetropack d\u2019envisager une fermeture de l\u2019usine de Saint-Prex, les Vert\u00b7e\u00b7s font part de leur \u2026","og_url":"https:\/\/vert-e-s-vd.ch\/morges\/blog\/morges\/communiques-de-presse\/fermeture-de-vetropack-a-saint-prex-des-impacts-economiques-sociaux-et-environnementaux-graves","og_site_name":"Les Vert\u00b7e\u00b7s du district de Morges","article_published_time":"2024-03-12T17:08:39+00:00","article_modified_time":"2024-07-16T13:26:52+00:00","author":"raphaeldupertuis","twitter_card":"summary_large_image","twitter_misc":{"\u00c9crit par":"raphaeldupertuis","Dur\u00e9e de lecture estim\u00e9e":"3 minutes"},"schema":{"@context":"https:\/\/schema.org","@graph":[{"@type":"Article","@id":"https:\/\/vert-e-s-vd.ch\/morges\/blog\/morges\/communiques-de-presse\/fermeture-de-vetropack-a-saint-prex-des-impacts-economiques-sociaux-et-environnementaux-graves#article","isPartOf":{"@id":"https:\/\/vert-e-s-vd.ch\/morges\/blog\/morges\/communiques-de-presse\/fermeture-de-vetropack-a-saint-prex-des-impacts-economiques-sociaux-et-environnementaux-graves"},"author":{"name":"raphaeldupertuis","@id":"https:\/\/vert-e-s-vd.ch\/morges\/#\/schema\/person\/b4392fe86354601685453b9e7639a997"},"headline":"Fermeture de Vetropack \u00e0 Saint-Prex : des impacts \u00e9conomiques, sociaux et environnementaux graves !","datePublished":"2024-03-12T17:08:39+00:00","dateModified":"2024-07-16T13:26:52+00:00","mainEntityOfPage":{"@id":"https:\/\/vert-e-s-vd.ch\/morges\/blog\/morges\/communiques-de-presse\/fermeture-de-vetropack-a-saint-prex-des-impacts-economiques-sociaux-et-environnementaux-graves"},"wordCount":11,"keywords":["\u00e9conomie circulaire","emplois","industrie","saint-prex","verre"],"articleSection":["Actualit\u00e9s","Communiqu\u00e9s","Communiqu\u00e9s de presse"],"inLanguage":"fr-FR"},{"@type":"WebPage","@id":"https:\/\/vert-e-s-vd.ch\/morges\/blog\/morges\/communiques-de-presse\/fermeture-de-vetropack-a-saint-prex-des-impacts-economiques-sociaux-et-environnementaux-graves","url":"https:\/\/vert-e-s-vd.ch\/morges\/blog\/morges\/communiques-de-presse\/fermeture-de-vetropack-a-saint-prex-des-impacts-economiques-sociaux-et-environnementaux-graves","name":"Fermeture de Vetropack \u00e0 Saint-Prex : des impacts \u00e9conomiques, sociaux et environnementaux graves ! - Les Vert\u00b7e\u00b7s du district de Morges","isPartOf":{"@id":"https:\/\/vert-e-s-vd.ch\/morges\/#website"},"datePublished":"2024-03-12T17:08:39+00:00","dateModified":"2024-07-16T13:26:52+00:00","author":{"@id":"https:\/\/vert-e-s-vd.ch\/morges\/#\/schema\/person\/b4392fe86354601685453b9e7639a997"},"description":"Suite \u00e0 l\u2019annonce du groupe Vetropack d\u2019envisager une fermeture de l\u2019usine de Saint-Prex, les Vert\u00b7e\u00b7s font part de leur inqui\u00e9tude \u00e0 propos des 180 emplois menac\u00e9s et des cons\u00e9quences environnementales engendr\u00e9es par le transfert de ces activit\u00e9s \u00e0 l\u2019\u00e9tranger, tout en envoyant un signal n\u00e9gatif \u00e0 l\u2019\u00e9conomie circulaire qui se met en place dans notre canton. Une interpellation a \u00e9t\u00e9 d\u00e9pos\u00e9e aujourd\u2019hui au Grand Conseil \u00e0 ce sujet.","breadcrumb":{"@id":"https:\/\/vert-e-s-vd.ch\/morges\/blog\/morges\/communiques-de-presse\/fermeture-de-vetropack-a-saint-prex-des-impacts-economiques-sociaux-et-environnementaux-graves#breadcrumb"},"inLanguage":"fr-FR","potentialAction":[{"@type":"ReadAction","target":["https:\/\/vert-e-s-vd.ch\/morges\/blog\/morges\/communiques-de-presse\/fermeture-de-vetropack-a-saint-prex-des-impacts-economiques-sociaux-et-environnementaux-graves"]}]},{"@type":"BreadcrumbList","@id":"https:\/\/vert-e-s-vd.ch\/morges\/blog\/morges\/communiques-de-presse\/fermeture-de-vetropack-a-saint-prex-des-impacts-economiques-sociaux-et-environnementaux-graves#breadcrumb","itemListElement":[{"@type":"ListItem","position":1,"name":"Accueil","item":"https:\/\/vert-e-s-vd.ch\/morges\/"},{"@type":"ListItem","position":2,"name":"Actualit\u00e9s","item":"https:\/\/vert-e-s-vd.ch\/morges\/blog\/category\/communiques#menu-item-72625"},{"@type":"ListItem","position":3,"name":"Fermeture de Vetropack \u00e0 Saint-Prex : des impacts \u00e9conomiques, sociaux et environnementaux graves !"}]},{"@type":"WebSite","@id":"https:\/\/vert-e-s-vd.ch\/morges\/#website","url":"https:\/\/vert-e-s-vd.ch\/morges\/","name":"Les Vert\u00b7e\u00b7s du district de Morges","description":"Les Vert\u00b7e\u00b7s du district de Morges","potentialAction":[{"@type":"SearchAction","target":{"@type":"EntryPoint","urlTemplate":"https:\/\/vert-e-s-vd.ch\/morges\/?s={search_term_string}"},"query-input":{"@type":"PropertyValueSpecification","valueRequired":true,"valueName":"search_term_string"}}],"inLanguage":"fr-FR"},{"@type":"Person","@id":"https:\/\/vert-e-s-vd.ch\/morges\/#\/schema\/person\/b4392fe86354601685453b9e7639a997","name":"raphaeldupertuis","image":{"@type":"ImageObject","inLanguage":"fr-FR","@id":"https:\/\/vert-e-s-vd.ch\/morges\/#\/schema\/person\/image\/","url":"https:\/\/secure.gravatar.com\/avatar\/a219d5bfc4edb565f18e514e880d2c069d54aa23155c4dc20dfccbc26749f76c?s=96&d=mm&r=g","contentUrl":"https:\/\/secure.gravatar.com\/avatar\/a219d5bfc4edb565f18e514e880d2c069d54aa23155c4dc20dfccbc26749f76c?s=96&d=mm&r=g","caption":"raphaeldupertuis"}}]}},"_links":{"self":[{"href":"https:\/\/vert-e-s-vd.ch\/morges\/wp-json\/wp\/v2\/posts\/72964","targetHints":{"allow":["GET"]}}],"collection":[{"href":"https:\/\/vert-e-s-vd.ch\/morges\/wp-json\/wp\/v2\/posts"}],"about":[{"href":"https:\/\/vert-e-s-vd.ch\/morges\/wp-json\/wp\/v2\/types\/post"}],"author":[{"embeddable":true,"href":"https:\/\/vert-e-s-vd.ch\/morges\/wp-json\/wp\/v2\/users\/60"}],"replies":[{"embeddable":true,"href":"https:\/\/vert-e-s-vd.ch\/morges\/wp-json\/wp\/v2\/comments?post=72964"}],"version-history":[{"count":2,"href":"https:\/\/vert-e-s-vd.ch\/morges\/wp-json\/wp\/v2\/posts\/72964\/revisions"}],"predecessor-version":[{"id":72971,"href":"https:\/\/vert-e-s-vd.ch\/morges\/wp-json\/wp\/v2\/posts\/72964\/revisions\/72971"}],"wp:attachment":[{"href":"https:\/\/vert-e-s-vd.ch\/morges\/wp-json\/wp\/v2\/media?parent=72964"}],"wp:term":[{"taxonomy":"category","embeddable":true,"href":"https:\/\/vert-e-s-vd.ch\/morges\/wp-json\/wp\/v2\/categories?post=72964"},{"taxonomy":"post_tag","embeddable":true,"href":"https:\/\/vert-e-s-vd.ch\/morges\/wp-json\/wp\/v2\/tags?post=72964"}],"curies":[{"name":"wp","href":"https:\/\/api.w.org\/{rel}","templated":true}]}}