{"id":72610,"date":"2022-05-31T16:13:16","date_gmt":"2022-05-31T14:13:16","guid":{"rendered":"https:\/\/vert-e-s-vd.ch\/morges\/?p=72610"},"modified":"2022-05-31T21:15:53","modified_gmt":"2022-05-31T19:15:53","slug":"nouvelle-presidence-pour-les-vert%c2%b7e%c2%b7s-du-district-de-morges","status":"publish","type":"post","link":"https:\/\/vert-e-s-vd.ch\/morges\/blog\/communiques\/nouvelle-presidence-pour-les-vert%c2%b7e%c2%b7s-du-district-de-morges","title":{"rendered":"Nouvelle pr\u00e9sidence pour les Vert\u00b7e\u00b7s du District de Morges"},"content":{"rendered":"","protected":false},"excerpt":{"rendered":"","protected":false},"author":10,"featured_media":0,"comment_status":"closed","ping_status":"closed","sticky":false,"template":"single_press_release.php","format":"standard","meta":{"_acf_changed":false,"inline_featured_image":false,"footnotes":""},"categories":[417,393],"tags":[],"class_list":["post-72610","post","type-post","status-publish","format-standard","hentry","category-communiques","category-communiques-de-presse"],"acf":[],"yoast_head":"<!-- This site is optimized with the Yoast SEO plugin v26.9 - https:\/\/yoast.com\/product\/yoast-seo-wordpress\/ -->\n<title>Nouvelle pr\u00e9sidence pour les Vert\u00b7e\u00b7s du District de Morges - Les Vert\u00b7e\u00b7s du district de Morges<\/title>\n<meta name=\"description\" content=\"R\u00e9unie en assembl\u00e9e g\u00e9n\u00e9rale ordinaire le 25 mai dernier, la section des Vert\u00b7e\u00b7s du district de Morges a \u00e9lu son nouveau comit\u00e9. Si la majorit\u00e9 de ses membres a souhait\u00e9 poursuivre leur engagement, le pr\u00e9sident Xavier Durussel a pass\u00e9 le flambeau \u00e0 une nouvelle copr\u00e9sidence mixte et repr\u00e9sentative de la diversit\u00e9 ville\/campagne du district de Morges.\" \/>\n<meta name=\"robots\" content=\"index, follow, max-snippet:-1, max-image-preview:large, max-video-preview:-1\" \/>\n<link rel=\"canonical\" href=\"https:\/\/vert-e-s-vd.ch\/morges\/blog\/communiques\/nouvelle-presidence-pour-les-vert\u00b7e\u00b7s-du-district-de-morges\" \/>\n<meta property=\"og:locale\" content=\"fr_FR\" \/>\n<meta property=\"og:type\" content=\"article\" \/>\n<meta property=\"og:title\" content=\"Nouvelle pr\u00e9sidence pour les Vert\u00b7e\u00b7s du District de Morges\" \/>\n<meta property=\"og:description\" content=\"R\u00e9unie en assembl\u00e9e g\u00e9n\u00e9rale ordinaire le 25 mai dernier, la section des Vert\u00b7e\u00b7s du district de Morges a \u00e9lu son nouveau comit\u00e9. \u2026\" \/>\n<meta property=\"og:url\" content=\"https:\/\/vert-e-s-vd.ch\/morges\/blog\/communiques\/nouvelle-presidence-pour-les-vert\u00b7e\u00b7s-du-district-de-morges\" \/>\n<meta property=\"og:site_name\" content=\"Les Vert\u00b7e\u00b7s du district de Morges\" \/>\n<meta property=\"article:published_time\" content=\"2022-05-31T14:13:16+00:00\" \/>\n<meta property=\"article:modified_time\" content=\"2022-05-31T19:15:53+00:00\" \/>\n<meta property=\"og:image\" content=\"https:\/\/vert-e-s-vd.ch\/morges\/wp-content\/uploads\/sites\/8\/2022\/05\/DJI_0076-1200x0-c-default.jpg\" \/>\n\t<meta property=\"og:image:width\" content=\"1200\" \/>\n\t<meta property=\"og:image:height\" content=\"628\" \/>\n\t<meta property=\"og:image:type\" content=\"image\/jpeg\" \/>\n<meta name=\"author\" content=\"morges\" \/>\n<meta name=\"twitter:card\" content=\"summary_large_image\" \/>\n<meta name=\"twitter:title\" content=\"Nouvelle pr\u00e9sidence pour les Vert\u00b7e\u00b7s du District de Morges\" \/>\n<meta name=\"twitter:description\" content=\"R\u00e9unie en assembl\u00e9e g\u00e9n\u00e9rale ordinaire le 25 mai dernier, la section des Vert\u00b7e\u00b7s du district de Morges a \u00e9lu son nouveau comit\u00e9. Si la majorit\u00e9 de ses membres a souhait\u00e9 poursuivre leur engagement, le pr\u00e9sident Xavier Durussel a pass\u00e9 le flambeau \u00e0 une nouvelle copr\u00e9sidence mixte et repr\u00e9sentative de la diversit\u00e9 ville\/campagne du district de Morges.\" \/>\n<meta name=\"twitter:image\" content=\"https:\/\/vert-e-s-vd.ch\/morges\/wp-content\/uploads\/sites\/8\/2022\/05\/DJI_0076-1200x0-c-default.jpg\" \/>\n<meta name=\"twitter:label1\" content=\"\u00c9crit par\" \/>\n\t<meta name=\"twitter:data1\" content=\"morges\" \/>\n<script type=\"application\/ld+json\" class=\"yoast-schema-graph\">{\"@context\":\"https:\/\/schema.org\",\"@graph\":[{\"@type\":\"Article\",\"@id\":\"https:\/\/vert-e-s-vd.ch\/morges\/blog\/communiques\/nouvelle-presidence-pour-les-vert%c2%b7e%c2%b7s-du-district-de-morges#article\",\"isPartOf\":{\"@id\":\"https:\/\/vert-e-s-vd.ch\/morges\/blog\/communiques\/nouvelle-presidence-pour-les-vert%c2%b7e%c2%b7s-du-district-de-morges\"},\"author\":{\"name\":\"morges\",\"@id\":\"https:\/\/vert-e-s-vd.ch\/morges\/#\/schema\/person\/9b5233a25645f5adef1db0107ed8f544\"},\"headline\":\"Nouvelle pr\u00e9sidence pour les Vert\u00b7e\u00b7s du District de Morges\",\"datePublished\":\"2022-05-31T14:13:16+00:00\",\"dateModified\":\"2022-05-31T19:15:53+00:00\",\"mainEntityOfPage\":{\"@id\":\"https:\/\/vert-e-s-vd.ch\/morges\/blog\/communiques\/nouvelle-presidence-pour-les-vert%c2%b7e%c2%b7s-du-district-de-morges\"},\"wordCount\":12,\"articleSection\":[\"Communiqu\u00e9s\",\"Communiqu\u00e9s de presse\"],\"inLanguage\":\"fr-FR\"},{\"@type\":\"WebPage\",\"@id\":\"https:\/\/vert-e-s-vd.ch\/morges\/blog\/communiques\/nouvelle-presidence-pour-les-vert%c2%b7e%c2%b7s-du-district-de-morges\",\"url\":\"https:\/\/vert-e-s-vd.ch\/morges\/blog\/communiques\/nouvelle-presidence-pour-les-vert%c2%b7e%c2%b7s-du-district-de-morges\",\"name\":\"Nouvelle pr\u00e9sidence pour les Vert\u00b7e\u00b7s du District de Morges - Les Vert\u00b7e\u00b7s du district de Morges\",\"isPartOf\":{\"@id\":\"https:\/\/vert-e-s-vd.ch\/morges\/#website\"},\"datePublished\":\"2022-05-31T14:13:16+00:00\",\"dateModified\":\"2022-05-31T19:15:53+00:00\",\"author\":{\"@id\":\"https:\/\/vert-e-s-vd.ch\/morges\/#\/schema\/person\/9b5233a25645f5adef1db0107ed8f544\"},\"description\":\"R\u00e9unie en assembl\u00e9e g\u00e9n\u00e9rale ordinaire le 25 mai dernier, la section des Vert\u00b7e\u00b7s du district de Morges a \u00e9lu son nouveau comit\u00e9. Si la majorit\u00e9 de ses membres a souhait\u00e9 poursuivre leur engagement, le pr\u00e9sident Xavier Durussel a pass\u00e9 le flambeau \u00e0 une nouvelle copr\u00e9sidence mixte et repr\u00e9sentative de la diversit\u00e9 ville\/campagne du district de Morges.\",\"breadcrumb\":{\"@id\":\"https:\/\/vert-e-s-vd.ch\/morges\/blog\/communiques\/nouvelle-presidence-pour-les-vert%c2%b7e%c2%b7s-du-district-de-morges#breadcrumb\"},\"inLanguage\":\"fr-FR\",\"potentialAction\":[{\"@type\":\"ReadAction\",\"target\":[\"https:\/\/vert-e-s-vd.ch\/morges\/blog\/communiques\/nouvelle-presidence-pour-les-vert%c2%b7e%c2%b7s-du-district-de-morges\"]}]},{\"@type\":\"BreadcrumbList\",\"@id\":\"https:\/\/vert-e-s-vd.ch\/morges\/blog\/communiques\/nouvelle-presidence-pour-les-vert%c2%b7e%c2%b7s-du-district-de-morges#breadcrumb\",\"itemListElement\":[{\"@type\":\"ListItem\",\"position\":1,\"name\":\"Accueil\",\"item\":\"https:\/\/vert-e-s-vd.ch\/morges\/\"},{\"@type\":\"ListItem\",\"position\":2,\"name\":\"Actualit\u00e9s\",\"item\":\"https:\/\/vert-e-s-vd.ch\/morges\/blog\/category\/communiques#menu-item-72625\"},{\"@type\":\"ListItem\",\"position\":3,\"name\":\"Nouvelle pr\u00e9sidence pour les Vert\u00b7e\u00b7s du District de Morges\"}]},{\"@type\":\"WebSite\",\"@id\":\"https:\/\/vert-e-s-vd.ch\/morges\/#website\",\"url\":\"https:\/\/vert-e-s-vd.ch\/morges\/\",\"name\":\"Les Vert\u00b7e\u00b7s du district de Morges\",\"description\":\"Les Vert\u00b7e\u00b7s du district de Morges\",\"potentialAction\":[{\"@type\":\"SearchAction\",\"target\":{\"@type\":\"EntryPoint\",\"urlTemplate\":\"https:\/\/vert-e-s-vd.ch\/morges\/?s={search_term_string}\"},\"query-input\":{\"@type\":\"PropertyValueSpecification\",\"valueRequired\":true,\"valueName\":\"search_term_string\"}}],\"inLanguage\":\"fr-FR\"},{\"@type\":\"Person\",\"@id\":\"https:\/\/vert-e-s-vd.ch\/morges\/#\/schema\/person\/9b5233a25645f5adef1db0107ed8f544\",\"name\":\"morges\",\"image\":{\"@type\":\"ImageObject\",\"inLanguage\":\"fr-FR\",\"@id\":\"https:\/\/vert-e-s-vd.ch\/morges\/#\/schema\/person\/image\/\",\"url\":\"https:\/\/secure.gravatar.com\/avatar\/edf9ba07df71295f11acba83f73755c2641eea60c1223e0fc38fc19716f697de?s=96&d=mm&r=g\",\"contentUrl\":\"https:\/\/secure.gravatar.com\/avatar\/edf9ba07df71295f11acba83f73755c2641eea60c1223e0fc38fc19716f697de?s=96&d=mm&r=g\",\"caption\":\"morges\"}}]}<\/script>\n<!-- \/ Yoast SEO plugin. -->","yoast_head_json":{"title":"Nouvelle pr\u00e9sidence pour les Vert\u00b7e\u00b7s du District de Morges - Les Vert\u00b7e\u00b7s du district de Morges","description":"R\u00e9unie en assembl\u00e9e g\u00e9n\u00e9rale ordinaire le 25 mai dernier, la section des Vert\u00b7e\u00b7s du district de Morges a \u00e9lu son nouveau comit\u00e9. Si la majorit\u00e9 de ses membres a souhait\u00e9 poursuivre leur engagement, le pr\u00e9sident Xavier Durussel a pass\u00e9 le flambeau \u00e0 une nouvelle copr\u00e9sidence mixte et repr\u00e9sentative de la diversit\u00e9 ville\/campagne du district de Morges.","robots":{"index":"index","follow":"follow","max-snippet":"max-snippet:-1","max-image-preview":"max-image-preview:large","max-video-preview":"max-video-preview:-1"},"canonical":"https:\/\/vert-e-s-vd.ch\/morges\/blog\/communiques\/nouvelle-presidence-pour-les-vert\u00b7e\u00b7s-du-district-de-morges","og_locale":"fr_FR","og_type":"article","og_title":"Nouvelle pr\u00e9sidence pour les Vert\u00b7e\u00b7s du District de Morges","og_description":"R\u00e9unie en assembl\u00e9e g\u00e9n\u00e9rale ordinaire le 25 mai dernier, la section des Vert\u00b7e\u00b7s du district de Morges a \u00e9lu son nouveau comit\u00e9. \u2026","og_url":"https:\/\/vert-e-s-vd.ch\/morges\/blog\/communiques\/nouvelle-presidence-pour-les-vert\u00b7e\u00b7s-du-district-de-morges","og_site_name":"Les Vert\u00b7e\u00b7s du district de Morges","article_published_time":"2022-05-31T14:13:16+00:00","article_modified_time":"2022-05-31T19:15:53+00:00","og_image":[{"width":1200,"height":628,"url":"https:\/\/vert-e-s-vd.ch\/morges\/wp-content\/uploads\/sites\/8\/2022\/05\/DJI_0076-1200x0-c-default.jpg","type":"image\/jpeg"}],"author":"morges","twitter_card":"summary_large_image","twitter_title":"Nouvelle pr\u00e9sidence pour les Vert\u00b7e\u00b7s du District de Morges","twitter_description":"R\u00e9unie en assembl\u00e9e g\u00e9n\u00e9rale ordinaire le 25 mai dernier, la section des Vert\u00b7e\u00b7s du district de Morges a \u00e9lu son nouveau comit\u00e9. Si la majorit\u00e9 de ses membres a souhait\u00e9 poursuivre leur engagement, le pr\u00e9sident Xavier Durussel a pass\u00e9 le flambeau \u00e0 une nouvelle copr\u00e9sidence mixte et repr\u00e9sentative de la diversit\u00e9 ville\/campagne du district de Morges.","twitter_image":"https:\/\/vert-e-s-vd.ch\/morges\/wp-content\/uploads\/sites\/8\/2022\/05\/DJI_0076-1200x0-c-default.jpg","twitter_misc":{"\u00c9crit par":"morges"},"schema":{"@context":"https:\/\/schema.org","@graph":[{"@type":"Article","@id":"https:\/\/vert-e-s-vd.ch\/morges\/blog\/communiques\/nouvelle-presidence-pour-les-vert%c2%b7e%c2%b7s-du-district-de-morges#article","isPartOf":{"@id":"https:\/\/vert-e-s-vd.ch\/morges\/blog\/communiques\/nouvelle-presidence-pour-les-vert%c2%b7e%c2%b7s-du-district-de-morges"},"author":{"name":"morges","@id":"https:\/\/vert-e-s-vd.ch\/morges\/#\/schema\/person\/9b5233a25645f5adef1db0107ed8f544"},"headline":"Nouvelle pr\u00e9sidence pour les Vert\u00b7e\u00b7s du District de Morges","datePublished":"2022-05-31T14:13:16+00:00","dateModified":"2022-05-31T19:15:53+00:00","mainEntityOfPage":{"@id":"https:\/\/vert-e-s-vd.ch\/morges\/blog\/communiques\/nouvelle-presidence-pour-les-vert%c2%b7e%c2%b7s-du-district-de-morges"},"wordCount":12,"articleSection":["Communiqu\u00e9s","Communiqu\u00e9s de presse"],"inLanguage":"fr-FR"},{"@type":"WebPage","@id":"https:\/\/vert-e-s-vd.ch\/morges\/blog\/communiques\/nouvelle-presidence-pour-les-vert%c2%b7e%c2%b7s-du-district-de-morges","url":"https:\/\/vert-e-s-vd.ch\/morges\/blog\/communiques\/nouvelle-presidence-pour-les-vert%c2%b7e%c2%b7s-du-district-de-morges","name":"Nouvelle pr\u00e9sidence pour les Vert\u00b7e\u00b7s du District de Morges - Les Vert\u00b7e\u00b7s du district de Morges","isPartOf":{"@id":"https:\/\/vert-e-s-vd.ch\/morges\/#website"},"datePublished":"2022-05-31T14:13:16+00:00","dateModified":"2022-05-31T19:15:53+00:00","author":{"@id":"https:\/\/vert-e-s-vd.ch\/morges\/#\/schema\/person\/9b5233a25645f5adef1db0107ed8f544"},"description":"R\u00e9unie en assembl\u00e9e g\u00e9n\u00e9rale ordinaire le 25 mai dernier, la section des Vert\u00b7e\u00b7s du district de Morges a \u00e9lu son nouveau comit\u00e9. Si la majorit\u00e9 de ses membres a souhait\u00e9 poursuivre leur engagement, le pr\u00e9sident Xavier Durussel a pass\u00e9 le flambeau \u00e0 une nouvelle copr\u00e9sidence mixte et repr\u00e9sentative de la diversit\u00e9 ville\/campagne du district de Morges.","breadcrumb":{"@id":"https:\/\/vert-e-s-vd.ch\/morges\/blog\/communiques\/nouvelle-presidence-pour-les-vert%c2%b7e%c2%b7s-du-district-de-morges#breadcrumb"},"inLanguage":"fr-FR","potentialAction":[{"@type":"ReadAction","target":["https:\/\/vert-e-s-vd.ch\/morges\/blog\/communiques\/nouvelle-presidence-pour-les-vert%c2%b7e%c2%b7s-du-district-de-morges"]}]},{"@type":"BreadcrumbList","@id":"https:\/\/vert-e-s-vd.ch\/morges\/blog\/communiques\/nouvelle-presidence-pour-les-vert%c2%b7e%c2%b7s-du-district-de-morges#breadcrumb","itemListElement":[{"@type":"ListItem","position":1,"name":"Accueil","item":"https:\/\/vert-e-s-vd.ch\/morges\/"},{"@type":"ListItem","position":2,"name":"Actualit\u00e9s","item":"https:\/\/vert-e-s-vd.ch\/morges\/blog\/category\/communiques#menu-item-72625"},{"@type":"ListItem","position":3,"name":"Nouvelle pr\u00e9sidence pour les Vert\u00b7e\u00b7s du District de Morges"}]},{"@type":"WebSite","@id":"https:\/\/vert-e-s-vd.ch\/morges\/#website","url":"https:\/\/vert-e-s-vd.ch\/morges\/","name":"Les Vert\u00b7e\u00b7s du district de Morges","description":"Les Vert\u00b7e\u00b7s du district de Morges","potentialAction":[{"@type":"SearchAction","target":{"@type":"EntryPoint","urlTemplate":"https:\/\/vert-e-s-vd.ch\/morges\/?s={search_term_string}"},"query-input":{"@type":"PropertyValueSpecification","valueRequired":true,"valueName":"search_term_string"}}],"inLanguage":"fr-FR"},{"@type":"Person","@id":"https:\/\/vert-e-s-vd.ch\/morges\/#\/schema\/person\/9b5233a25645f5adef1db0107ed8f544","name":"morges","image":{"@type":"ImageObject","inLanguage":"fr-FR","@id":"https:\/\/vert-e-s-vd.ch\/morges\/#\/schema\/person\/image\/","url":"https:\/\/secure.gravatar.com\/avatar\/edf9ba07df71295f11acba83f73755c2641eea60c1223e0fc38fc19716f697de?s=96&d=mm&r=g","contentUrl":"https:\/\/secure.gravatar.com\/avatar\/edf9ba07df71295f11acba83f73755c2641eea60c1223e0fc38fc19716f697de?s=96&d=mm&r=g","caption":"morges"}}]}},"_links":{"self":[{"href":"https:\/\/vert-e-s-vd.ch\/morges\/wp-json\/wp\/v2\/posts\/72610","targetHints":{"allow":["GET"]}}],"collection":[{"href":"https:\/\/vert-e-s-vd.ch\/morges\/wp-json\/wp\/v2\/posts"}],"about":[{"href":"https:\/\/vert-e-s-vd.ch\/morges\/wp-json\/wp\/v2\/types\/post"}],"author":[{"embeddable":true,"href":"https:\/\/vert-e-s-vd.ch\/morges\/wp-json\/wp\/v2\/users\/10"}],"replies":[{"embeddable":true,"href":"https:\/\/vert-e-s-vd.ch\/morges\/wp-json\/wp\/v2\/comments?post=72610"}],"version-history":[{"count":8,"href":"https:\/\/vert-e-s-vd.ch\/morges\/wp-json\/wp\/v2\/posts\/72610\/revisions"}],"predecessor-version":[{"id":72631,"href":"https:\/\/vert-e-s-vd.ch\/morges\/wp-json\/wp\/v2\/posts\/72610\/revisions\/72631"}],"wp:attachment":[{"href":"https:\/\/vert-e-s-vd.ch\/morges\/wp-json\/wp\/v2\/media?parent=72610"}],"wp:term":[{"taxonomy":"category","embeddable":true,"href":"https:\/\/vert-e-s-vd.ch\/morges\/wp-json\/wp\/v2\/categories?post=72610"},{"taxonomy":"post_tag","embeddable":true,"href":"https:\/\/vert-e-s-vd.ch\/morges\/wp-json\/wp\/v2\/tags?post=72610"}],"curies":[{"name":"wp","href":"https:\/\/api.w.org\/{rel}","templated":true}]}}