{"id":72276,"date":"2021-12-10T08:54:19","date_gmt":"2021-12-10T07:54:19","guid":{"rendered":"https:\/\/vert-e-s-vd.ch\/morges\/blog\/morges\/communiques-de-presse\/morges-se-donne-les-moyens-pour-la-strategie-energetique-2035-copy"},"modified":"2021-12-10T08:57:10","modified_gmt":"2021-12-10T07:57:10","slug":"morges-se-donne-les-moyens-pour-la-strategie-energetique-2035-copy","status":"publish","type":"post","link":"https:\/\/vert-e-s-vd.ch\/morges\/blog\/morges\/communiques-de-presse\/morges-se-donne-les-moyens-pour-la-strategie-energetique-2035-copy","title":{"rendered":"Agir \u00e0 notre \u00e9chelle pour prot\u00e9ger le climat"},"content":{"rendered":"","protected":false},"excerpt":{"rendered":"","protected":false},"author":10,"featured_media":0,"comment_status":"closed","ping_status":"closed","sticky":false,"template":"single_press_release.php","format":"standard","meta":{"_acf_changed":false,"inline_featured_image":false,"footnotes":""},"categories":[393,396],"tags":[],"class_list":["post-72276","post","type-post","status-publish","format-standard","hentry","category-communiques-de-presse","category-morges"],"acf":[],"yoast_head":"<!-- This site is optimized with the Yoast SEO plugin v26.9 - https:\/\/yoast.com\/product\/yoast-seo-wordpress\/ -->\n<title>Agir \u00e0 notre \u00e9chelle pour prot\u00e9ger le climat - Les Vert\u00b7e\u00b7s du district de Morges<\/title>\n<meta name=\"description\" content=\"C&#039;est avec \u00e9tonnement et consternation que les Vert\u00b7e\u00b7s apprennent le lancement d&#039;un r\u00e9f\u00e9rendum contre la r\u00e9cente d\u00e9cision du Conseil communal d&#039;affecter un point d&#039;imp\u00f4ts \u00e0 la strat\u00e9gie \u00e9nerg\u00e9tique de la commune.\" \/>\n<meta name=\"robots\" content=\"index, follow, max-snippet:-1, max-image-preview:large, max-video-preview:-1\" \/>\n<link rel=\"canonical\" href=\"https:\/\/vert-e-s-vd.ch\/morges\/blog\/morges\/communiques-de-presse\/morges-se-donne-les-moyens-pour-la-strategie-energetique-2035-copy\" \/>\n<meta property=\"og:locale\" content=\"fr_FR\" \/>\n<meta property=\"og:type\" content=\"article\" \/>\n<meta property=\"og:title\" content=\"Agir \u00e0 notre \u00e9chelle pour prot\u00e9ger le climat - Les Vert\u00b7e\u00b7s du district de Morges\" \/>\n<meta property=\"og:description\" content=\"C&#039;est avec \u00e9tonnement et consternation que les Vert\u00b7e\u00b7s apprennent le lancement d&#039;un r\u00e9f\u00e9rendum contre la r\u00e9cente d\u00e9cision du \u2026\" \/>\n<meta property=\"og:url\" content=\"https:\/\/vert-e-s-vd.ch\/morges\/blog\/morges\/communiques-de-presse\/morges-se-donne-les-moyens-pour-la-strategie-energetique-2035-copy\" \/>\n<meta property=\"og:site_name\" content=\"Les Vert\u00b7e\u00b7s du district de Morges\" \/>\n<meta property=\"article:published_time\" content=\"2021-12-10T07:54:19+00:00\" \/>\n<meta property=\"article:modified_time\" content=\"2021-12-10T07:57:10+00:00\" \/>\n<meta name=\"author\" content=\"morges\" \/>\n<meta name=\"twitter:card\" content=\"summary_large_image\" \/>\n<meta name=\"twitter:label1\" content=\"\u00c9crit par\" \/>\n\t<meta name=\"twitter:data1\" content=\"morges\" \/>\n<script type=\"application\/ld+json\" class=\"yoast-schema-graph\">{\"@context\":\"https:\/\/schema.org\",\"@graph\":[{\"@type\":\"Article\",\"@id\":\"https:\/\/vert-e-s-vd.ch\/morges\/blog\/morges\/communiques-de-presse\/morges-se-donne-les-moyens-pour-la-strategie-energetique-2035-copy#article\",\"isPartOf\":{\"@id\":\"https:\/\/vert-e-s-vd.ch\/morges\/blog\/morges\/communiques-de-presse\/morges-se-donne-les-moyens-pour-la-strategie-energetique-2035-copy\"},\"author\":{\"name\":\"morges\",\"@id\":\"https:\/\/vert-e-s-vd.ch\/morges\/#\/schema\/person\/9b5233a25645f5adef1db0107ed8f544\"},\"headline\":\"Agir \u00e0 notre \u00e9chelle pour prot\u00e9ger le climat\",\"datePublished\":\"2021-12-10T07:54:19+00:00\",\"dateModified\":\"2021-12-10T07:57:10+00:00\",\"mainEntityOfPage\":{\"@id\":\"https:\/\/vert-e-s-vd.ch\/morges\/blog\/morges\/communiques-de-presse\/morges-se-donne-les-moyens-pour-la-strategie-energetique-2035-copy\"},\"wordCount\":8,\"articleSection\":[\"Communiqu\u00e9s de presse\",\"Morges\"],\"inLanguage\":\"fr-FR\"},{\"@type\":\"WebPage\",\"@id\":\"https:\/\/vert-e-s-vd.ch\/morges\/blog\/morges\/communiques-de-presse\/morges-se-donne-les-moyens-pour-la-strategie-energetique-2035-copy\",\"url\":\"https:\/\/vert-e-s-vd.ch\/morges\/blog\/morges\/communiques-de-presse\/morges-se-donne-les-moyens-pour-la-strategie-energetique-2035-copy\",\"name\":\"Agir \u00e0 notre \u00e9chelle pour prot\u00e9ger le climat - Les Vert\u00b7e\u00b7s du district de Morges\",\"isPartOf\":{\"@id\":\"https:\/\/vert-e-s-vd.ch\/morges\/#website\"},\"datePublished\":\"2021-12-10T07:54:19+00:00\",\"dateModified\":\"2021-12-10T07:57:10+00:00\",\"author\":{\"@id\":\"https:\/\/vert-e-s-vd.ch\/morges\/#\/schema\/person\/9b5233a25645f5adef1db0107ed8f544\"},\"description\":\"C'est avec \u00e9tonnement et consternation que les Vert\u00b7e\u00b7s apprennent le lancement d'un r\u00e9f\u00e9rendum contre la r\u00e9cente d\u00e9cision du Conseil communal d'affecter un point d'imp\u00f4ts \u00e0 la strat\u00e9gie \u00e9nerg\u00e9tique de la commune.\",\"breadcrumb\":{\"@id\":\"https:\/\/vert-e-s-vd.ch\/morges\/blog\/morges\/communiques-de-presse\/morges-se-donne-les-moyens-pour-la-strategie-energetique-2035-copy#breadcrumb\"},\"inLanguage\":\"fr-FR\",\"potentialAction\":[{\"@type\":\"ReadAction\",\"target\":[\"https:\/\/vert-e-s-vd.ch\/morges\/blog\/morges\/communiques-de-presse\/morges-se-donne-les-moyens-pour-la-strategie-energetique-2035-copy\"]}]},{\"@type\":\"BreadcrumbList\",\"@id\":\"https:\/\/vert-e-s-vd.ch\/morges\/blog\/morges\/communiques-de-presse\/morges-se-donne-les-moyens-pour-la-strategie-energetique-2035-copy#breadcrumb\",\"itemListElement\":[{\"@type\":\"ListItem\",\"position\":1,\"name\":\"Accueil\",\"item\":\"https:\/\/vert-e-s-vd.ch\/morges\/\"},{\"@type\":\"ListItem\",\"position\":2,\"name\":\"Morges\",\"item\":\"https:\/\/vert-e-s-vd.ch\/morges\/blog\/category\/morges\"},{\"@type\":\"ListItem\",\"position\":3,\"name\":\"Communiqu\u00e9s de presse\",\"item\":\"https:\/\/vert-e-s-vd.ch\/morges\/blog\/category\/morges\/communiques-de-presse\"},{\"@type\":\"ListItem\",\"position\":4,\"name\":\"Agir \u00e0 notre \u00e9chelle pour prot\u00e9ger le climat\"}]},{\"@type\":\"WebSite\",\"@id\":\"https:\/\/vert-e-s-vd.ch\/morges\/#website\",\"url\":\"https:\/\/vert-e-s-vd.ch\/morges\/\",\"name\":\"Les Vert\u00b7e\u00b7s du district de Morges\",\"description\":\"Les Vert\u00b7e\u00b7s du district de Morges\",\"potentialAction\":[{\"@type\":\"SearchAction\",\"target\":{\"@type\":\"EntryPoint\",\"urlTemplate\":\"https:\/\/vert-e-s-vd.ch\/morges\/?s={search_term_string}\"},\"query-input\":{\"@type\":\"PropertyValueSpecification\",\"valueRequired\":true,\"valueName\":\"search_term_string\"}}],\"inLanguage\":\"fr-FR\"},{\"@type\":\"Person\",\"@id\":\"https:\/\/vert-e-s-vd.ch\/morges\/#\/schema\/person\/9b5233a25645f5adef1db0107ed8f544\",\"name\":\"morges\",\"image\":{\"@type\":\"ImageObject\",\"inLanguage\":\"fr-FR\",\"@id\":\"https:\/\/vert-e-s-vd.ch\/morges\/#\/schema\/person\/image\/\",\"url\":\"https:\/\/secure.gravatar.com\/avatar\/edf9ba07df71295f11acba83f73755c2641eea60c1223e0fc38fc19716f697de?s=96&d=mm&r=g\",\"contentUrl\":\"https:\/\/secure.gravatar.com\/avatar\/edf9ba07df71295f11acba83f73755c2641eea60c1223e0fc38fc19716f697de?s=96&d=mm&r=g\",\"caption\":\"morges\"}}]}<\/script>\n<!-- \/ Yoast SEO plugin. -->","yoast_head_json":{"title":"Agir \u00e0 notre \u00e9chelle pour prot\u00e9ger le climat - Les Vert\u00b7e\u00b7s du district de Morges","description":"C'est avec \u00e9tonnement et consternation que les Vert\u00b7e\u00b7s apprennent le lancement d'un r\u00e9f\u00e9rendum contre la r\u00e9cente d\u00e9cision du Conseil communal d'affecter un point d'imp\u00f4ts \u00e0 la strat\u00e9gie \u00e9nerg\u00e9tique de la commune.","robots":{"index":"index","follow":"follow","max-snippet":"max-snippet:-1","max-image-preview":"max-image-preview:large","max-video-preview":"max-video-preview:-1"},"canonical":"https:\/\/vert-e-s-vd.ch\/morges\/blog\/morges\/communiques-de-presse\/morges-se-donne-les-moyens-pour-la-strategie-energetique-2035-copy","og_locale":"fr_FR","og_type":"article","og_title":"Agir \u00e0 notre \u00e9chelle pour prot\u00e9ger le climat - Les Vert\u00b7e\u00b7s du district de Morges","og_description":"C'est avec \u00e9tonnement et consternation que les Vert\u00b7e\u00b7s apprennent le lancement d'un r\u00e9f\u00e9rendum contre la r\u00e9cente d\u00e9cision du \u2026","og_url":"https:\/\/vert-e-s-vd.ch\/morges\/blog\/morges\/communiques-de-presse\/morges-se-donne-les-moyens-pour-la-strategie-energetique-2035-copy","og_site_name":"Les Vert\u00b7e\u00b7s du district de Morges","article_published_time":"2021-12-10T07:54:19+00:00","article_modified_time":"2021-12-10T07:57:10+00:00","author":"morges","twitter_card":"summary_large_image","twitter_misc":{"\u00c9crit par":"morges"},"schema":{"@context":"https:\/\/schema.org","@graph":[{"@type":"Article","@id":"https:\/\/vert-e-s-vd.ch\/morges\/blog\/morges\/communiques-de-presse\/morges-se-donne-les-moyens-pour-la-strategie-energetique-2035-copy#article","isPartOf":{"@id":"https:\/\/vert-e-s-vd.ch\/morges\/blog\/morges\/communiques-de-presse\/morges-se-donne-les-moyens-pour-la-strategie-energetique-2035-copy"},"author":{"name":"morges","@id":"https:\/\/vert-e-s-vd.ch\/morges\/#\/schema\/person\/9b5233a25645f5adef1db0107ed8f544"},"headline":"Agir \u00e0 notre \u00e9chelle pour prot\u00e9ger le climat","datePublished":"2021-12-10T07:54:19+00:00","dateModified":"2021-12-10T07:57:10+00:00","mainEntityOfPage":{"@id":"https:\/\/vert-e-s-vd.ch\/morges\/blog\/morges\/communiques-de-presse\/morges-se-donne-les-moyens-pour-la-strategie-energetique-2035-copy"},"wordCount":8,"articleSection":["Communiqu\u00e9s de presse","Morges"],"inLanguage":"fr-FR"},{"@type":"WebPage","@id":"https:\/\/vert-e-s-vd.ch\/morges\/blog\/morges\/communiques-de-presse\/morges-se-donne-les-moyens-pour-la-strategie-energetique-2035-copy","url":"https:\/\/vert-e-s-vd.ch\/morges\/blog\/morges\/communiques-de-presse\/morges-se-donne-les-moyens-pour-la-strategie-energetique-2035-copy","name":"Agir \u00e0 notre \u00e9chelle pour prot\u00e9ger le climat - Les Vert\u00b7e\u00b7s du district de Morges","isPartOf":{"@id":"https:\/\/vert-e-s-vd.ch\/morges\/#website"},"datePublished":"2021-12-10T07:54:19+00:00","dateModified":"2021-12-10T07:57:10+00:00","author":{"@id":"https:\/\/vert-e-s-vd.ch\/morges\/#\/schema\/person\/9b5233a25645f5adef1db0107ed8f544"},"description":"C'est avec \u00e9tonnement et consternation que les Vert\u00b7e\u00b7s apprennent le lancement d'un r\u00e9f\u00e9rendum contre la r\u00e9cente d\u00e9cision du Conseil communal d'affecter un point d'imp\u00f4ts \u00e0 la strat\u00e9gie \u00e9nerg\u00e9tique de la commune.","breadcrumb":{"@id":"https:\/\/vert-e-s-vd.ch\/morges\/blog\/morges\/communiques-de-presse\/morges-se-donne-les-moyens-pour-la-strategie-energetique-2035-copy#breadcrumb"},"inLanguage":"fr-FR","potentialAction":[{"@type":"ReadAction","target":["https:\/\/vert-e-s-vd.ch\/morges\/blog\/morges\/communiques-de-presse\/morges-se-donne-les-moyens-pour-la-strategie-energetique-2035-copy"]}]},{"@type":"BreadcrumbList","@id":"https:\/\/vert-e-s-vd.ch\/morges\/blog\/morges\/communiques-de-presse\/morges-se-donne-les-moyens-pour-la-strategie-energetique-2035-copy#breadcrumb","itemListElement":[{"@type":"ListItem","position":1,"name":"Accueil","item":"https:\/\/vert-e-s-vd.ch\/morges\/"},{"@type":"ListItem","position":2,"name":"Morges","item":"https:\/\/vert-e-s-vd.ch\/morges\/blog\/category\/morges"},{"@type":"ListItem","position":3,"name":"Communiqu\u00e9s de presse","item":"https:\/\/vert-e-s-vd.ch\/morges\/blog\/category\/morges\/communiques-de-presse"},{"@type":"ListItem","position":4,"name":"Agir \u00e0 notre \u00e9chelle pour prot\u00e9ger le climat"}]},{"@type":"WebSite","@id":"https:\/\/vert-e-s-vd.ch\/morges\/#website","url":"https:\/\/vert-e-s-vd.ch\/morges\/","name":"Les Vert\u00b7e\u00b7s du district de Morges","description":"Les Vert\u00b7e\u00b7s du district de Morges","potentialAction":[{"@type":"SearchAction","target":{"@type":"EntryPoint","urlTemplate":"https:\/\/vert-e-s-vd.ch\/morges\/?s={search_term_string}"},"query-input":{"@type":"PropertyValueSpecification","valueRequired":true,"valueName":"search_term_string"}}],"inLanguage":"fr-FR"},{"@type":"Person","@id":"https:\/\/vert-e-s-vd.ch\/morges\/#\/schema\/person\/9b5233a25645f5adef1db0107ed8f544","name":"morges","image":{"@type":"ImageObject","inLanguage":"fr-FR","@id":"https:\/\/vert-e-s-vd.ch\/morges\/#\/schema\/person\/image\/","url":"https:\/\/secure.gravatar.com\/avatar\/edf9ba07df71295f11acba83f73755c2641eea60c1223e0fc38fc19716f697de?s=96&d=mm&r=g","contentUrl":"https:\/\/secure.gravatar.com\/avatar\/edf9ba07df71295f11acba83f73755c2641eea60c1223e0fc38fc19716f697de?s=96&d=mm&r=g","caption":"morges"}}]}},"_links":{"self":[{"href":"https:\/\/vert-e-s-vd.ch\/morges\/wp-json\/wp\/v2\/posts\/72276","targetHints":{"allow":["GET"]}}],"collection":[{"href":"https:\/\/vert-e-s-vd.ch\/morges\/wp-json\/wp\/v2\/posts"}],"about":[{"href":"https:\/\/vert-e-s-vd.ch\/morges\/wp-json\/wp\/v2\/types\/post"}],"author":[{"embeddable":true,"href":"https:\/\/vert-e-s-vd.ch\/morges\/wp-json\/wp\/v2\/users\/10"}],"replies":[{"embeddable":true,"href":"https:\/\/vert-e-s-vd.ch\/morges\/wp-json\/wp\/v2\/comments?post=72276"}],"version-history":[{"count":2,"href":"https:\/\/vert-e-s-vd.ch\/morges\/wp-json\/wp\/v2\/posts\/72276\/revisions"}],"predecessor-version":[{"id":72278,"href":"https:\/\/vert-e-s-vd.ch\/morges\/wp-json\/wp\/v2\/posts\/72276\/revisions\/72278"}],"wp:attachment":[{"href":"https:\/\/vert-e-s-vd.ch\/morges\/wp-json\/wp\/v2\/media?parent=72276"}],"wp:term":[{"taxonomy":"category","embeddable":true,"href":"https:\/\/vert-e-s-vd.ch\/morges\/wp-json\/wp\/v2\/categories?post=72276"},{"taxonomy":"post_tag","embeddable":true,"href":"https:\/\/vert-e-s-vd.ch\/morges\/wp-json\/wp\/v2\/tags?post=72276"}],"curies":[{"name":"wp","href":"https:\/\/api.w.org\/{rel}","templated":true}]}}