{"id":72268,"date":"2021-12-01T14:05:16","date_gmt":"2021-12-01T13:05:16","guid":{"rendered":"https:\/\/vert-e-s-vd.ch\/morges\/blog\/morges\/communiques-de-presse\/morges-lancent-la-campagne-pour-les-elections-cantonales-copy"},"modified":"2021-12-01T15:55:22","modified_gmt":"2021-12-01T14:55:22","slug":"changement-au-sein-de-la-deputation-verte-du-district-de-morges","status":"publish","type":"post","link":"https:\/\/vert-e-s-vd.ch\/morges\/blog\/morges\/communiques-de-presse\/changement-au-sein-de-la-deputation-verte-du-district-de-morges","title":{"rendered":"Changement au sein de la d\u00e9putation verte du district de Morges"},"content":{"rendered":"","protected":false},"excerpt":{"rendered":"","protected":false},"author":44,"featured_media":0,"comment_status":"closed","ping_status":"closed","sticky":false,"template":"single_press_release.php","format":"standard","meta":{"_acf_changed":false,"inline_featured_image":false,"footnotes":""},"categories":[393],"tags":[],"class_list":["post-72268","post","type-post","status-publish","format-standard","hentry","category-communiques-de-presse"],"acf":[],"yoast_head":"<!-- This site is optimized with the Yoast SEO plugin v26.9 - https:\/\/yoast.com\/product\/yoast-seo-wordpress\/ -->\n<title>Changement au sein de la d\u00e9putation verte du district de Morges - Les Vert\u00b7e\u00b7s du district de Morges<\/title>\n<meta name=\"description\" content=\"Apr\u00e8s plus de quatorze ann\u00e9es pass\u00e9es sur les bancs du Grand Conseil vaudois, le brillant (ex-)d\u00e9put\u00e9 et avocat Rapha\u00ebl Mahaim a pr\u00e9sent\u00e9 sa d\u00e9mission du parlement vaudois \u00e0 l\u2019issue de la s\u00e9ance du mardi 30 novembre. Il pourra ainsi se pr\u00e9parer au mieux \u00e0 la succession de Daniel Br\u00e9laz, qu\u2019il remplacera d\u00e9but mars au Conseil National. M. Mahaim sera remplac\u00e9 par Yannick Maury, conseiller communal \u00e0 Cossonay et enseignant \u00e0 l\u2019ES Morges Beausobre, pour la fin de la l\u00e9gislature 2017 - 2022 \u00e0 partir du mardi 7 d\u00e9cembre.\" \/>\n<meta name=\"robots\" content=\"index, follow, max-snippet:-1, max-image-preview:large, max-video-preview:-1\" \/>\n<link rel=\"canonical\" href=\"https:\/\/vert-e-s-vd.ch\/morges\/blog\/morges\/communiques-de-presse\/changement-au-sein-de-la-deputation-verte-du-district-de-morges\" \/>\n<meta property=\"og:locale\" content=\"fr_FR\" \/>\n<meta property=\"og:type\" content=\"article\" \/>\n<meta property=\"og:title\" content=\"Changement au sein de la d\u00e9putation verte du district de Morges - Les Vert\u00b7e\u00b7s du district de Morges\" \/>\n<meta property=\"og:description\" content=\"Apr\u00e8s plus de quatorze ann\u00e9es pass\u00e9es sur les bancs du Grand Conseil vaudois, le brillant (ex-)d\u00e9put\u00e9 et avocat Rapha\u00ebl Mahaim a \u2026\" \/>\n<meta property=\"og:url\" content=\"https:\/\/vert-e-s-vd.ch\/morges\/blog\/morges\/communiques-de-presse\/changement-au-sein-de-la-deputation-verte-du-district-de-morges\" \/>\n<meta property=\"og:site_name\" content=\"Les Vert\u00b7e\u00b7s du district de Morges\" \/>\n<meta property=\"article:published_time\" content=\"2021-12-01T13:05:16+00:00\" \/>\n<meta property=\"article:modified_time\" content=\"2021-12-01T14:55:22+00:00\" \/>\n<meta name=\"author\" content=\"Antoni Jashari\" \/>\n<meta name=\"twitter:card\" content=\"summary_large_image\" \/>\n<meta name=\"twitter:label1\" content=\"\u00c9crit par\" \/>\n\t<meta name=\"twitter:data1\" content=\"Antoni Jashari\" \/>\n<script type=\"application\/ld+json\" class=\"yoast-schema-graph\">{\"@context\":\"https:\/\/schema.org\",\"@graph\":[{\"@type\":\"Article\",\"@id\":\"https:\/\/vert-e-s-vd.ch\/morges\/blog\/morges\/communiques-de-presse\/changement-au-sein-de-la-deputation-verte-du-district-de-morges#article\",\"isPartOf\":{\"@id\":\"https:\/\/vert-e-s-vd.ch\/morges\/blog\/morges\/communiques-de-presse\/changement-au-sein-de-la-deputation-verte-du-district-de-morges\"},\"author\":{\"name\":\"Antoni Jashari\",\"@id\":\"https:\/\/vert-e-s-vd.ch\/morges\/#\/schema\/person\/a91762c5ae657c4950033e7776f66bbb\"},\"headline\":\"Changement au sein de la d\u00e9putation verte du district de Morges\",\"datePublished\":\"2021-12-01T13:05:16+00:00\",\"dateModified\":\"2021-12-01T14:55:22+00:00\",\"mainEntityOfPage\":{\"@id\":\"https:\/\/vert-e-s-vd.ch\/morges\/blog\/morges\/communiques-de-presse\/changement-au-sein-de-la-deputation-verte-du-district-de-morges\"},\"wordCount\":12,\"articleSection\":[\"Communiqu\u00e9s de presse\"],\"inLanguage\":\"fr-FR\"},{\"@type\":\"WebPage\",\"@id\":\"https:\/\/vert-e-s-vd.ch\/morges\/blog\/morges\/communiques-de-presse\/changement-au-sein-de-la-deputation-verte-du-district-de-morges\",\"url\":\"https:\/\/vert-e-s-vd.ch\/morges\/blog\/morges\/communiques-de-presse\/changement-au-sein-de-la-deputation-verte-du-district-de-morges\",\"name\":\"Changement au sein de la d\u00e9putation verte du district de Morges - Les Vert\u00b7e\u00b7s du district de Morges\",\"isPartOf\":{\"@id\":\"https:\/\/vert-e-s-vd.ch\/morges\/#website\"},\"datePublished\":\"2021-12-01T13:05:16+00:00\",\"dateModified\":\"2021-12-01T14:55:22+00:00\",\"author\":{\"@id\":\"https:\/\/vert-e-s-vd.ch\/morges\/#\/schema\/person\/a91762c5ae657c4950033e7776f66bbb\"},\"description\":\"Apr\u00e8s plus de quatorze ann\u00e9es pass\u00e9es sur les bancs du Grand Conseil vaudois, le brillant (ex-)d\u00e9put\u00e9 et avocat Rapha\u00ebl Mahaim a pr\u00e9sent\u00e9 sa d\u00e9mission du parlement vaudois \u00e0 l\u2019issue de la s\u00e9ance du mardi 30 novembre. Il pourra ainsi se pr\u00e9parer au mieux \u00e0 la succession de Daniel Br\u00e9laz, qu\u2019il remplacera d\u00e9but mars au Conseil National. M. Mahaim sera remplac\u00e9 par Yannick Maury, conseiller communal \u00e0 Cossonay et enseignant \u00e0 l\u2019ES Morges Beausobre, pour la fin de la l\u00e9gislature 2017 - 2022 \u00e0 partir du mardi 7 d\u00e9cembre.\",\"breadcrumb\":{\"@id\":\"https:\/\/vert-e-s-vd.ch\/morges\/blog\/morges\/communiques-de-presse\/changement-au-sein-de-la-deputation-verte-du-district-de-morges#breadcrumb\"},\"inLanguage\":\"fr-FR\",\"potentialAction\":[{\"@type\":\"ReadAction\",\"target\":[\"https:\/\/vert-e-s-vd.ch\/morges\/blog\/morges\/communiques-de-presse\/changement-au-sein-de-la-deputation-verte-du-district-de-morges\"]}]},{\"@type\":\"BreadcrumbList\",\"@id\":\"https:\/\/vert-e-s-vd.ch\/morges\/blog\/morges\/communiques-de-presse\/changement-au-sein-de-la-deputation-verte-du-district-de-morges#breadcrumb\",\"itemListElement\":[{\"@type\":\"ListItem\",\"position\":1,\"name\":\"Accueil\",\"item\":\"https:\/\/vert-e-s-vd.ch\/morges\/\"},{\"@type\":\"ListItem\",\"position\":2,\"name\":\"Morges\",\"item\":\"https:\/\/vert-e-s-vd.ch\/morges\/blog\/category\/morges\"},{\"@type\":\"ListItem\",\"position\":3,\"name\":\"Communiqu\u00e9s de presse\",\"item\":\"https:\/\/vert-e-s-vd.ch\/morges\/blog\/category\/morges\/communiques-de-presse\"},{\"@type\":\"ListItem\",\"position\":4,\"name\":\"Changement au sein de la d\u00e9putation verte du district de Morges\"}]},{\"@type\":\"WebSite\",\"@id\":\"https:\/\/vert-e-s-vd.ch\/morges\/#website\",\"url\":\"https:\/\/vert-e-s-vd.ch\/morges\/\",\"name\":\"Les Vert\u00b7e\u00b7s du district de Morges\",\"description\":\"Les Vert\u00b7e\u00b7s du district de Morges\",\"potentialAction\":[{\"@type\":\"SearchAction\",\"target\":{\"@type\":\"EntryPoint\",\"urlTemplate\":\"https:\/\/vert-e-s-vd.ch\/morges\/?s={search_term_string}\"},\"query-input\":{\"@type\":\"PropertyValueSpecification\",\"valueRequired\":true,\"valueName\":\"search_term_string\"}}],\"inLanguage\":\"fr-FR\"},{\"@type\":\"Person\",\"@id\":\"https:\/\/vert-e-s-vd.ch\/morges\/#\/schema\/person\/a91762c5ae657c4950033e7776f66bbb\",\"name\":\"Antoni Jashari\",\"image\":{\"@type\":\"ImageObject\",\"inLanguage\":\"fr-FR\",\"@id\":\"https:\/\/vert-e-s-vd.ch\/morges\/#\/schema\/person\/image\/\",\"url\":\"https:\/\/secure.gravatar.com\/avatar\/513d4c958a144cb7aa52daf9126602ece1460eadab515216db5047fd87cc302e?s=96&d=mm&r=g\",\"contentUrl\":\"https:\/\/secure.gravatar.com\/avatar\/513d4c958a144cb7aa52daf9126602ece1460eadab515216db5047fd87cc302e?s=96&d=mm&r=g\",\"caption\":\"Antoni Jashari\"}}]}<\/script>\n<!-- \/ Yoast SEO plugin. -->","yoast_head_json":{"title":"Changement au sein de la d\u00e9putation verte du district de Morges - Les Vert\u00b7e\u00b7s du district de Morges","description":"Apr\u00e8s plus de quatorze ann\u00e9es pass\u00e9es sur les bancs du Grand Conseil vaudois, le brillant (ex-)d\u00e9put\u00e9 et avocat Rapha\u00ebl Mahaim a pr\u00e9sent\u00e9 sa d\u00e9mission du parlement vaudois \u00e0 l\u2019issue de la s\u00e9ance du mardi 30 novembre. Il pourra ainsi se pr\u00e9parer au mieux \u00e0 la succession de Daniel Br\u00e9laz, qu\u2019il remplacera d\u00e9but mars au Conseil National. M. Mahaim sera remplac\u00e9 par Yannick Maury, conseiller communal \u00e0 Cossonay et enseignant \u00e0 l\u2019ES Morges Beausobre, pour la fin de la l\u00e9gislature 2017 - 2022 \u00e0 partir du mardi 7 d\u00e9cembre.","robots":{"index":"index","follow":"follow","max-snippet":"max-snippet:-1","max-image-preview":"max-image-preview:large","max-video-preview":"max-video-preview:-1"},"canonical":"https:\/\/vert-e-s-vd.ch\/morges\/blog\/morges\/communiques-de-presse\/changement-au-sein-de-la-deputation-verte-du-district-de-morges","og_locale":"fr_FR","og_type":"article","og_title":"Changement au sein de la d\u00e9putation verte du district de Morges - Les Vert\u00b7e\u00b7s du district de Morges","og_description":"Apr\u00e8s plus de quatorze ann\u00e9es pass\u00e9es sur les bancs du Grand Conseil vaudois, le brillant (ex-)d\u00e9put\u00e9 et avocat Rapha\u00ebl Mahaim a \u2026","og_url":"https:\/\/vert-e-s-vd.ch\/morges\/blog\/morges\/communiques-de-presse\/changement-au-sein-de-la-deputation-verte-du-district-de-morges","og_site_name":"Les Vert\u00b7e\u00b7s du district de Morges","article_published_time":"2021-12-01T13:05:16+00:00","article_modified_time":"2021-12-01T14:55:22+00:00","author":"Antoni Jashari","twitter_card":"summary_large_image","twitter_misc":{"\u00c9crit par":"Antoni Jashari"},"schema":{"@context":"https:\/\/schema.org","@graph":[{"@type":"Article","@id":"https:\/\/vert-e-s-vd.ch\/morges\/blog\/morges\/communiques-de-presse\/changement-au-sein-de-la-deputation-verte-du-district-de-morges#article","isPartOf":{"@id":"https:\/\/vert-e-s-vd.ch\/morges\/blog\/morges\/communiques-de-presse\/changement-au-sein-de-la-deputation-verte-du-district-de-morges"},"author":{"name":"Antoni Jashari","@id":"https:\/\/vert-e-s-vd.ch\/morges\/#\/schema\/person\/a91762c5ae657c4950033e7776f66bbb"},"headline":"Changement au sein de la d\u00e9putation verte du district de Morges","datePublished":"2021-12-01T13:05:16+00:00","dateModified":"2021-12-01T14:55:22+00:00","mainEntityOfPage":{"@id":"https:\/\/vert-e-s-vd.ch\/morges\/blog\/morges\/communiques-de-presse\/changement-au-sein-de-la-deputation-verte-du-district-de-morges"},"wordCount":12,"articleSection":["Communiqu\u00e9s de presse"],"inLanguage":"fr-FR"},{"@type":"WebPage","@id":"https:\/\/vert-e-s-vd.ch\/morges\/blog\/morges\/communiques-de-presse\/changement-au-sein-de-la-deputation-verte-du-district-de-morges","url":"https:\/\/vert-e-s-vd.ch\/morges\/blog\/morges\/communiques-de-presse\/changement-au-sein-de-la-deputation-verte-du-district-de-morges","name":"Changement au sein de la d\u00e9putation verte du district de Morges - Les Vert\u00b7e\u00b7s du district de Morges","isPartOf":{"@id":"https:\/\/vert-e-s-vd.ch\/morges\/#website"},"datePublished":"2021-12-01T13:05:16+00:00","dateModified":"2021-12-01T14:55:22+00:00","author":{"@id":"https:\/\/vert-e-s-vd.ch\/morges\/#\/schema\/person\/a91762c5ae657c4950033e7776f66bbb"},"description":"Apr\u00e8s plus de quatorze ann\u00e9es pass\u00e9es sur les bancs du Grand Conseil vaudois, le brillant (ex-)d\u00e9put\u00e9 et avocat Rapha\u00ebl Mahaim a pr\u00e9sent\u00e9 sa d\u00e9mission du parlement vaudois \u00e0 l\u2019issue de la s\u00e9ance du mardi 30 novembre. Il pourra ainsi se pr\u00e9parer au mieux \u00e0 la succession de Daniel Br\u00e9laz, qu\u2019il remplacera d\u00e9but mars au Conseil National. M. Mahaim sera remplac\u00e9 par Yannick Maury, conseiller communal \u00e0 Cossonay et enseignant \u00e0 l\u2019ES Morges Beausobre, pour la fin de la l\u00e9gislature 2017 - 2022 \u00e0 partir du mardi 7 d\u00e9cembre.","breadcrumb":{"@id":"https:\/\/vert-e-s-vd.ch\/morges\/blog\/morges\/communiques-de-presse\/changement-au-sein-de-la-deputation-verte-du-district-de-morges#breadcrumb"},"inLanguage":"fr-FR","potentialAction":[{"@type":"ReadAction","target":["https:\/\/vert-e-s-vd.ch\/morges\/blog\/morges\/communiques-de-presse\/changement-au-sein-de-la-deputation-verte-du-district-de-morges"]}]},{"@type":"BreadcrumbList","@id":"https:\/\/vert-e-s-vd.ch\/morges\/blog\/morges\/communiques-de-presse\/changement-au-sein-de-la-deputation-verte-du-district-de-morges#breadcrumb","itemListElement":[{"@type":"ListItem","position":1,"name":"Accueil","item":"https:\/\/vert-e-s-vd.ch\/morges\/"},{"@type":"ListItem","position":2,"name":"Morges","item":"https:\/\/vert-e-s-vd.ch\/morges\/blog\/category\/morges"},{"@type":"ListItem","position":3,"name":"Communiqu\u00e9s de presse","item":"https:\/\/vert-e-s-vd.ch\/morges\/blog\/category\/morges\/communiques-de-presse"},{"@type":"ListItem","position":4,"name":"Changement au sein de la d\u00e9putation verte du district de Morges"}]},{"@type":"WebSite","@id":"https:\/\/vert-e-s-vd.ch\/morges\/#website","url":"https:\/\/vert-e-s-vd.ch\/morges\/","name":"Les Vert\u00b7e\u00b7s du district de Morges","description":"Les Vert\u00b7e\u00b7s du district de Morges","potentialAction":[{"@type":"SearchAction","target":{"@type":"EntryPoint","urlTemplate":"https:\/\/vert-e-s-vd.ch\/morges\/?s={search_term_string}"},"query-input":{"@type":"PropertyValueSpecification","valueRequired":true,"valueName":"search_term_string"}}],"inLanguage":"fr-FR"},{"@type":"Person","@id":"https:\/\/vert-e-s-vd.ch\/morges\/#\/schema\/person\/a91762c5ae657c4950033e7776f66bbb","name":"Antoni Jashari","image":{"@type":"ImageObject","inLanguage":"fr-FR","@id":"https:\/\/vert-e-s-vd.ch\/morges\/#\/schema\/person\/image\/","url":"https:\/\/secure.gravatar.com\/avatar\/513d4c958a144cb7aa52daf9126602ece1460eadab515216db5047fd87cc302e?s=96&d=mm&r=g","contentUrl":"https:\/\/secure.gravatar.com\/avatar\/513d4c958a144cb7aa52daf9126602ece1460eadab515216db5047fd87cc302e?s=96&d=mm&r=g","caption":"Antoni Jashari"}}]}},"_links":{"self":[{"href":"https:\/\/vert-e-s-vd.ch\/morges\/wp-json\/wp\/v2\/posts\/72268","targetHints":{"allow":["GET"]}}],"collection":[{"href":"https:\/\/vert-e-s-vd.ch\/morges\/wp-json\/wp\/v2\/posts"}],"about":[{"href":"https:\/\/vert-e-s-vd.ch\/morges\/wp-json\/wp\/v2\/types\/post"}],"author":[{"embeddable":true,"href":"https:\/\/vert-e-s-vd.ch\/morges\/wp-json\/wp\/v2\/users\/44"}],"replies":[{"embeddable":true,"href":"https:\/\/vert-e-s-vd.ch\/morges\/wp-json\/wp\/v2\/comments?post=72268"}],"version-history":[{"count":3,"href":"https:\/\/vert-e-s-vd.ch\/morges\/wp-json\/wp\/v2\/posts\/72268\/revisions"}],"predecessor-version":[{"id":72272,"href":"https:\/\/vert-e-s-vd.ch\/morges\/wp-json\/wp\/v2\/posts\/72268\/revisions\/72272"}],"wp:attachment":[{"href":"https:\/\/vert-e-s-vd.ch\/morges\/wp-json\/wp\/v2\/media?parent=72268"}],"wp:term":[{"taxonomy":"category","embeddable":true,"href":"https:\/\/vert-e-s-vd.ch\/morges\/wp-json\/wp\/v2\/categories?post=72268"},{"taxonomy":"post_tag","embeddable":true,"href":"https:\/\/vert-e-s-vd.ch\/morges\/wp-json\/wp\/v2\/tags?post=72268"}],"curies":[{"name":"wp","href":"https:\/\/api.w.org\/{rel}","templated":true}]}}