{"id":72193,"date":"2021-09-30T08:33:37","date_gmt":"2021-09-30T06:33:37","guid":{"rendered":"https:\/\/vert-e-s-vd.ch\/morges\/?p=72193"},"modified":"2021-09-30T08:41:00","modified_gmt":"2021-09-30T06:41:00","slug":"le-ps-et-les-vert%c2%b7e%c2%b7s-de-morges-manifestent-leur-soutien-au-plan-directeur-communal-des-mobilites","status":"publish","type":"post","link":"https:\/\/vert-e-s-vd.ch\/morges\/blog\/morges\/communiques-de-presse\/le-ps-et-les-vert%c2%b7e%c2%b7s-de-morges-manifestent-leur-soutien-au-plan-directeur-communal-des-mobilites","title":{"rendered":"Le PS et les Vert\u00b7e\u00b7s de Morges manifestent leur soutien au Plan directeur communal des mobilit\u00e9s"},"content":{"rendered":"","protected":false},"excerpt":{"rendered":"","protected":false},"author":10,"featured_media":0,"comment_status":"closed","ping_status":"closed","sticky":false,"template":"single_press_release.php","format":"standard","meta":{"_acf_changed":false,"inline_featured_image":false,"footnotes":""},"categories":[393,396,1],"tags":[],"class_list":["post-72193","post","type-post","status-publish","format-standard","hentry","category-communiques-de-presse","category-morges","category-non-classe"],"acf":[],"yoast_head":"<!-- This site is optimized with the Yoast SEO plugin v26.9 - https:\/\/yoast.com\/product\/yoast-seo-wordpress\/ -->\n<title>Le PS et les Vert\u00b7e\u00b7s de Morges manifestent leur soutien au Plan directeur communal des mobilit\u00e9s - Les Vert\u00b7e\u00b7s du district de Morges<\/title>\n<meta name=\"description\" content=\"Le Parti socialiste et le groupe des Vert\u00b7e\u00b7s de Morges ont transmis leurs observations respectives \u00e0 la Municipalit\u00e9 de Morges au sujet du nouveau Plan directeur communal des mobilit\u00e9s (PDMob), mis en consultation jusqu\u2019au 30 septembre 2021.\" \/>\n<meta name=\"robots\" content=\"index, follow, max-snippet:-1, max-image-preview:large, max-video-preview:-1\" \/>\n<link rel=\"canonical\" href=\"https:\/\/vert-e-s-vd.ch\/morges\/blog\/morges\/communiques-de-presse\/le-ps-et-les-vert\u00b7e\u00b7s-de-morges-manifestent-leur-soutien-au-plan-directeur-communal-des-mobilites\" \/>\n<meta property=\"og:locale\" content=\"fr_FR\" \/>\n<meta property=\"og:type\" content=\"article\" \/>\n<meta property=\"og:title\" content=\"Le PS et les Vert\u00b7e\u00b7s de Morges manifestent leur soutien au Plan directeur communal des mobilit\u00e9s - Les Vert\u00b7e\u00b7s du district de Morges\" \/>\n<meta property=\"og:description\" content=\"Le Parti socialiste et le groupe des Vert\u00b7e\u00b7s de Morges ont transmis leurs observations respectives \u00e0 la Municipalit\u00e9 de Morges au \u2026\" \/>\n<meta property=\"og:url\" content=\"https:\/\/vert-e-s-vd.ch\/morges\/blog\/morges\/communiques-de-presse\/le-ps-et-les-vert\u00b7e\u00b7s-de-morges-manifestent-leur-soutien-au-plan-directeur-communal-des-mobilites\" \/>\n<meta property=\"og:site_name\" content=\"Les Vert\u00b7e\u00b7s du district de Morges\" \/>\n<meta property=\"article:published_time\" content=\"2021-09-30T06:33:37+00:00\" \/>\n<meta property=\"article:modified_time\" content=\"2021-09-30T06:41:00+00:00\" \/>\n<meta name=\"author\" content=\"morges\" \/>\n<meta name=\"twitter:card\" content=\"summary_large_image\" \/>\n<meta name=\"twitter:label1\" content=\"\u00c9crit par\" \/>\n\t<meta name=\"twitter:data1\" content=\"morges\" \/>\n<script type=\"application\/ld+json\" class=\"yoast-schema-graph\">{\"@context\":\"https:\/\/schema.org\",\"@graph\":[{\"@type\":\"Article\",\"@id\":\"https:\/\/vert-e-s-vd.ch\/morges\/blog\/morges\/communiques-de-presse\/le-ps-et-les-vert%c2%b7e%c2%b7s-de-morges-manifestent-leur-soutien-au-plan-directeur-communal-des-mobilites#article\",\"isPartOf\":{\"@id\":\"https:\/\/vert-e-s-vd.ch\/morges\/blog\/morges\/communiques-de-presse\/le-ps-et-les-vert%c2%b7e%c2%b7s-de-morges-manifestent-leur-soutien-au-plan-directeur-communal-des-mobilites\"},\"author\":{\"name\":\"morges\",\"@id\":\"https:\/\/vert-e-s-vd.ch\/morges\/#\/schema\/person\/9b5233a25645f5adef1db0107ed8f544\"},\"headline\":\"Le PS et les Vert\u00b7e\u00b7s de Morges manifestent leur soutien au Plan directeur communal des mobilit\u00e9s\",\"datePublished\":\"2021-09-30T06:33:37+00:00\",\"dateModified\":\"2021-09-30T06:41:00+00:00\",\"mainEntityOfPage\":{\"@id\":\"https:\/\/vert-e-s-vd.ch\/morges\/blog\/morges\/communiques-de-presse\/le-ps-et-les-vert%c2%b7e%c2%b7s-de-morges-manifestent-leur-soutien-au-plan-directeur-communal-des-mobilites\"},\"wordCount\":19,\"articleSection\":[\"Communiqu\u00e9s de presse\",\"Morges\"],\"inLanguage\":\"fr-FR\"},{\"@type\":\"WebPage\",\"@id\":\"https:\/\/vert-e-s-vd.ch\/morges\/blog\/morges\/communiques-de-presse\/le-ps-et-les-vert%c2%b7e%c2%b7s-de-morges-manifestent-leur-soutien-au-plan-directeur-communal-des-mobilites\",\"url\":\"https:\/\/vert-e-s-vd.ch\/morges\/blog\/morges\/communiques-de-presse\/le-ps-et-les-vert%c2%b7e%c2%b7s-de-morges-manifestent-leur-soutien-au-plan-directeur-communal-des-mobilites\",\"name\":\"Le PS et les Vert\u00b7e\u00b7s de Morges manifestent leur soutien au Plan directeur communal des mobilit\u00e9s - Les Vert\u00b7e\u00b7s du district de Morges\",\"isPartOf\":{\"@id\":\"https:\/\/vert-e-s-vd.ch\/morges\/#website\"},\"datePublished\":\"2021-09-30T06:33:37+00:00\",\"dateModified\":\"2021-09-30T06:41:00+00:00\",\"author\":{\"@id\":\"https:\/\/vert-e-s-vd.ch\/morges\/#\/schema\/person\/9b5233a25645f5adef1db0107ed8f544\"},\"description\":\"Le Parti socialiste et le groupe des Vert\u00b7e\u00b7s de Morges ont transmis leurs observations respectives \u00e0 la Municipalit\u00e9 de Morges au sujet du nouveau Plan directeur communal des mobilit\u00e9s (PDMob), mis en consultation jusqu\u2019au 30 septembre 2021.\",\"breadcrumb\":{\"@id\":\"https:\/\/vert-e-s-vd.ch\/morges\/blog\/morges\/communiques-de-presse\/le-ps-et-les-vert%c2%b7e%c2%b7s-de-morges-manifestent-leur-soutien-au-plan-directeur-communal-des-mobilites#breadcrumb\"},\"inLanguage\":\"fr-FR\",\"potentialAction\":[{\"@type\":\"ReadAction\",\"target\":[\"https:\/\/vert-e-s-vd.ch\/morges\/blog\/morges\/communiques-de-presse\/le-ps-et-les-vert%c2%b7e%c2%b7s-de-morges-manifestent-leur-soutien-au-plan-directeur-communal-des-mobilites\"]}]},{\"@type\":\"BreadcrumbList\",\"@id\":\"https:\/\/vert-e-s-vd.ch\/morges\/blog\/morges\/communiques-de-presse\/le-ps-et-les-vert%c2%b7e%c2%b7s-de-morges-manifestent-leur-soutien-au-plan-directeur-communal-des-mobilites#breadcrumb\",\"itemListElement\":[{\"@type\":\"ListItem\",\"position\":1,\"name\":\"Accueil\",\"item\":\"https:\/\/vert-e-s-vd.ch\/morges\/\"},{\"@type\":\"ListItem\",\"position\":2,\"name\":\"Morges\",\"item\":\"https:\/\/vert-e-s-vd.ch\/morges\/blog\/category\/morges\"},{\"@type\":\"ListItem\",\"position\":3,\"name\":\"Communiqu\u00e9s de presse\",\"item\":\"https:\/\/vert-e-s-vd.ch\/morges\/blog\/category\/morges\/communiques-de-presse\"},{\"@type\":\"ListItem\",\"position\":4,\"name\":\"Le PS et les Vert\u00b7e\u00b7s de Morges manifestent leur soutien au Plan directeur communal des mobilit\u00e9s\"}]},{\"@type\":\"WebSite\",\"@id\":\"https:\/\/vert-e-s-vd.ch\/morges\/#website\",\"url\":\"https:\/\/vert-e-s-vd.ch\/morges\/\",\"name\":\"Les Vert\u00b7e\u00b7s du district de Morges\",\"description\":\"Les Vert\u00b7e\u00b7s du district de Morges\",\"potentialAction\":[{\"@type\":\"SearchAction\",\"target\":{\"@type\":\"EntryPoint\",\"urlTemplate\":\"https:\/\/vert-e-s-vd.ch\/morges\/?s={search_term_string}\"},\"query-input\":{\"@type\":\"PropertyValueSpecification\",\"valueRequired\":true,\"valueName\":\"search_term_string\"}}],\"inLanguage\":\"fr-FR\"},{\"@type\":\"Person\",\"@id\":\"https:\/\/vert-e-s-vd.ch\/morges\/#\/schema\/person\/9b5233a25645f5adef1db0107ed8f544\",\"name\":\"morges\",\"image\":{\"@type\":\"ImageObject\",\"inLanguage\":\"fr-FR\",\"@id\":\"https:\/\/vert-e-s-vd.ch\/morges\/#\/schema\/person\/image\/\",\"url\":\"https:\/\/secure.gravatar.com\/avatar\/edf9ba07df71295f11acba83f73755c2641eea60c1223e0fc38fc19716f697de?s=96&d=mm&r=g\",\"contentUrl\":\"https:\/\/secure.gravatar.com\/avatar\/edf9ba07df71295f11acba83f73755c2641eea60c1223e0fc38fc19716f697de?s=96&d=mm&r=g\",\"caption\":\"morges\"}}]}<\/script>\n<!-- \/ Yoast SEO plugin. -->","yoast_head_json":{"title":"Le PS et les Vert\u00b7e\u00b7s de Morges manifestent leur soutien au Plan directeur communal des mobilit\u00e9s - Les Vert\u00b7e\u00b7s du district de Morges","description":"Le Parti socialiste et le groupe des Vert\u00b7e\u00b7s de Morges ont transmis leurs observations respectives \u00e0 la Municipalit\u00e9 de Morges au sujet du nouveau Plan directeur communal des mobilit\u00e9s (PDMob), mis en consultation jusqu\u2019au 30 septembre 2021.","robots":{"index":"index","follow":"follow","max-snippet":"max-snippet:-1","max-image-preview":"max-image-preview:large","max-video-preview":"max-video-preview:-1"},"canonical":"https:\/\/vert-e-s-vd.ch\/morges\/blog\/morges\/communiques-de-presse\/le-ps-et-les-vert\u00b7e\u00b7s-de-morges-manifestent-leur-soutien-au-plan-directeur-communal-des-mobilites","og_locale":"fr_FR","og_type":"article","og_title":"Le PS et les Vert\u00b7e\u00b7s de Morges manifestent leur soutien au Plan directeur communal des mobilit\u00e9s - Les Vert\u00b7e\u00b7s du district de Morges","og_description":"Le Parti socialiste et le groupe des Vert\u00b7e\u00b7s de Morges ont transmis leurs observations respectives \u00e0 la Municipalit\u00e9 de Morges au \u2026","og_url":"https:\/\/vert-e-s-vd.ch\/morges\/blog\/morges\/communiques-de-presse\/le-ps-et-les-vert\u00b7e\u00b7s-de-morges-manifestent-leur-soutien-au-plan-directeur-communal-des-mobilites","og_site_name":"Les Vert\u00b7e\u00b7s du district de Morges","article_published_time":"2021-09-30T06:33:37+00:00","article_modified_time":"2021-09-30T06:41:00+00:00","author":"morges","twitter_card":"summary_large_image","twitter_misc":{"\u00c9crit par":"morges"},"schema":{"@context":"https:\/\/schema.org","@graph":[{"@type":"Article","@id":"https:\/\/vert-e-s-vd.ch\/morges\/blog\/morges\/communiques-de-presse\/le-ps-et-les-vert%c2%b7e%c2%b7s-de-morges-manifestent-leur-soutien-au-plan-directeur-communal-des-mobilites#article","isPartOf":{"@id":"https:\/\/vert-e-s-vd.ch\/morges\/blog\/morges\/communiques-de-presse\/le-ps-et-les-vert%c2%b7e%c2%b7s-de-morges-manifestent-leur-soutien-au-plan-directeur-communal-des-mobilites"},"author":{"name":"morges","@id":"https:\/\/vert-e-s-vd.ch\/morges\/#\/schema\/person\/9b5233a25645f5adef1db0107ed8f544"},"headline":"Le PS et les Vert\u00b7e\u00b7s de Morges manifestent leur soutien au Plan directeur communal des mobilit\u00e9s","datePublished":"2021-09-30T06:33:37+00:00","dateModified":"2021-09-30T06:41:00+00:00","mainEntityOfPage":{"@id":"https:\/\/vert-e-s-vd.ch\/morges\/blog\/morges\/communiques-de-presse\/le-ps-et-les-vert%c2%b7e%c2%b7s-de-morges-manifestent-leur-soutien-au-plan-directeur-communal-des-mobilites"},"wordCount":19,"articleSection":["Communiqu\u00e9s de presse","Morges"],"inLanguage":"fr-FR"},{"@type":"WebPage","@id":"https:\/\/vert-e-s-vd.ch\/morges\/blog\/morges\/communiques-de-presse\/le-ps-et-les-vert%c2%b7e%c2%b7s-de-morges-manifestent-leur-soutien-au-plan-directeur-communal-des-mobilites","url":"https:\/\/vert-e-s-vd.ch\/morges\/blog\/morges\/communiques-de-presse\/le-ps-et-les-vert%c2%b7e%c2%b7s-de-morges-manifestent-leur-soutien-au-plan-directeur-communal-des-mobilites","name":"Le PS et les Vert\u00b7e\u00b7s de Morges manifestent leur soutien au Plan directeur communal des mobilit\u00e9s - Les Vert\u00b7e\u00b7s du district de Morges","isPartOf":{"@id":"https:\/\/vert-e-s-vd.ch\/morges\/#website"},"datePublished":"2021-09-30T06:33:37+00:00","dateModified":"2021-09-30T06:41:00+00:00","author":{"@id":"https:\/\/vert-e-s-vd.ch\/morges\/#\/schema\/person\/9b5233a25645f5adef1db0107ed8f544"},"description":"Le Parti socialiste et le groupe des Vert\u00b7e\u00b7s de Morges ont transmis leurs observations respectives \u00e0 la Municipalit\u00e9 de Morges au sujet du nouveau Plan directeur communal des mobilit\u00e9s (PDMob), mis en consultation jusqu\u2019au 30 septembre 2021.","breadcrumb":{"@id":"https:\/\/vert-e-s-vd.ch\/morges\/blog\/morges\/communiques-de-presse\/le-ps-et-les-vert%c2%b7e%c2%b7s-de-morges-manifestent-leur-soutien-au-plan-directeur-communal-des-mobilites#breadcrumb"},"inLanguage":"fr-FR","potentialAction":[{"@type":"ReadAction","target":["https:\/\/vert-e-s-vd.ch\/morges\/blog\/morges\/communiques-de-presse\/le-ps-et-les-vert%c2%b7e%c2%b7s-de-morges-manifestent-leur-soutien-au-plan-directeur-communal-des-mobilites"]}]},{"@type":"BreadcrumbList","@id":"https:\/\/vert-e-s-vd.ch\/morges\/blog\/morges\/communiques-de-presse\/le-ps-et-les-vert%c2%b7e%c2%b7s-de-morges-manifestent-leur-soutien-au-plan-directeur-communal-des-mobilites#breadcrumb","itemListElement":[{"@type":"ListItem","position":1,"name":"Accueil","item":"https:\/\/vert-e-s-vd.ch\/morges\/"},{"@type":"ListItem","position":2,"name":"Morges","item":"https:\/\/vert-e-s-vd.ch\/morges\/blog\/category\/morges"},{"@type":"ListItem","position":3,"name":"Communiqu\u00e9s de presse","item":"https:\/\/vert-e-s-vd.ch\/morges\/blog\/category\/morges\/communiques-de-presse"},{"@type":"ListItem","position":4,"name":"Le PS et les Vert\u00b7e\u00b7s de Morges manifestent leur soutien au Plan directeur communal des mobilit\u00e9s"}]},{"@type":"WebSite","@id":"https:\/\/vert-e-s-vd.ch\/morges\/#website","url":"https:\/\/vert-e-s-vd.ch\/morges\/","name":"Les Vert\u00b7e\u00b7s du district de Morges","description":"Les Vert\u00b7e\u00b7s du district de Morges","potentialAction":[{"@type":"SearchAction","target":{"@type":"EntryPoint","urlTemplate":"https:\/\/vert-e-s-vd.ch\/morges\/?s={search_term_string}"},"query-input":{"@type":"PropertyValueSpecification","valueRequired":true,"valueName":"search_term_string"}}],"inLanguage":"fr-FR"},{"@type":"Person","@id":"https:\/\/vert-e-s-vd.ch\/morges\/#\/schema\/person\/9b5233a25645f5adef1db0107ed8f544","name":"morges","image":{"@type":"ImageObject","inLanguage":"fr-FR","@id":"https:\/\/vert-e-s-vd.ch\/morges\/#\/schema\/person\/image\/","url":"https:\/\/secure.gravatar.com\/avatar\/edf9ba07df71295f11acba83f73755c2641eea60c1223e0fc38fc19716f697de?s=96&d=mm&r=g","contentUrl":"https:\/\/secure.gravatar.com\/avatar\/edf9ba07df71295f11acba83f73755c2641eea60c1223e0fc38fc19716f697de?s=96&d=mm&r=g","caption":"morges"}}]}},"_links":{"self":[{"href":"https:\/\/vert-e-s-vd.ch\/morges\/wp-json\/wp\/v2\/posts\/72193","targetHints":{"allow":["GET"]}}],"collection":[{"href":"https:\/\/vert-e-s-vd.ch\/morges\/wp-json\/wp\/v2\/posts"}],"about":[{"href":"https:\/\/vert-e-s-vd.ch\/morges\/wp-json\/wp\/v2\/types\/post"}],"author":[{"embeddable":true,"href":"https:\/\/vert-e-s-vd.ch\/morges\/wp-json\/wp\/v2\/users\/10"}],"replies":[{"embeddable":true,"href":"https:\/\/vert-e-s-vd.ch\/morges\/wp-json\/wp\/v2\/comments?post=72193"}],"version-history":[{"count":4,"href":"https:\/\/vert-e-s-vd.ch\/morges\/wp-json\/wp\/v2\/posts\/72193\/revisions"}],"predecessor-version":[{"id":72199,"href":"https:\/\/vert-e-s-vd.ch\/morges\/wp-json\/wp\/v2\/posts\/72193\/revisions\/72199"}],"wp:attachment":[{"href":"https:\/\/vert-e-s-vd.ch\/morges\/wp-json\/wp\/v2\/media?parent=72193"}],"wp:term":[{"taxonomy":"category","embeddable":true,"href":"https:\/\/vert-e-s-vd.ch\/morges\/wp-json\/wp\/v2\/categories?post=72193"},{"taxonomy":"post_tag","embeddable":true,"href":"https:\/\/vert-e-s-vd.ch\/morges\/wp-json\/wp\/v2\/tags?post=72193"}],"curies":[{"name":"wp","href":"https:\/\/api.w.org\/{rel}","templated":true}]}}