{"id":70968,"date":"2015-11-13T09:37:30","date_gmt":"2015-11-13T08:37:30","guid":{"rendered":"https:\/\/vert-e-s-vd.ch\/morges\/?p=424"},"modified":"2021-01-08T12:30:29","modified_gmt":"2021-01-08T11:30:29","slug":"echos-du-conseil-communal-du-11-novembre-2015","status":"publish","type":"post","link":"https:\/\/vert-e-s-vd.ch\/morges\/blog\/non-classe\/echos-du-conseil-communal-du-11-novembre-2015","title":{"rendered":"Echos du Conseil communal du 11 novembre 2015"},"content":{"rendered":"","protected":false},"excerpt":{"rendered":"","protected":false},"author":0,"featured_media":0,"comment_status":"open","ping_status":"open","sticky":false,"template":"","format":"standard","meta":{"_acf_changed":false,"inline_featured_image":false,"footnotes":""},"categories":[1],"tags":[364,436,437,405,438,409,370,439,440,411],"class_list":["post-70968","post","type-post","status-publish","format-standard","hentry","category-non-classe","tag-alimentation","tag-cantine","tag-flexitarien","tag-gestion","tag-handicap","tag-morges","tag-politique","tag-recusation","tag-registre-des-interets","tag-verts"],"acf":[],"yoast_head":"<!-- This site is optimized with the Yoast SEO plugin v26.9 - https:\/\/yoast.com\/product\/yoast-seo-wordpress\/ -->\n<title>Echos du Conseil communal du 11 novembre 2015 - Les Vert\u00b7e\u00b7s du district de Morges<\/title>\n<meta name=\"robots\" content=\"index, follow, max-snippet:-1, max-image-preview:large, max-video-preview:-1\" \/>\n<link rel=\"canonical\" href=\"https:\/\/vert-e-s-vd.ch\/morges\/blog\/non-classe\/echos-du-conseil-communal-du-11-novembre-2015\" \/>\n<meta property=\"og:locale\" content=\"fr_FR\" \/>\n<meta property=\"og:type\" content=\"article\" \/>\n<meta property=\"og:title\" content=\"Echos du Conseil communal du 11 novembre 2015 - Les Vert\u00b7e\u00b7s du district de Morges\" \/>\n<meta property=\"og:url\" content=\"https:\/\/vert-e-s-vd.ch\/morges\/blog\/non-classe\/echos-du-conseil-communal-du-11-novembre-2015\" \/>\n<meta property=\"og:site_name\" content=\"Les Vert\u00b7e\u00b7s du district de Morges\" \/>\n<meta property=\"article:published_time\" content=\"2015-11-13T08:37:30+00:00\" \/>\n<meta property=\"article:modified_time\" content=\"2021-01-08T11:30:29+00:00\" \/>\n<meta name=\"twitter:card\" content=\"summary_large_image\" \/>\n<script type=\"application\/ld+json\" class=\"yoast-schema-graph\">{\"@context\":\"https:\/\/schema.org\",\"@graph\":[{\"@type\":\"Article\",\"@id\":\"https:\/\/vert-e-s-vd.ch\/morges\/blog\/non-classe\/echos-du-conseil-communal-du-11-novembre-2015#article\",\"isPartOf\":{\"@id\":\"https:\/\/vert-e-s-vd.ch\/morges\/blog\/non-classe\/echos-du-conseil-communal-du-11-novembre-2015\"},\"author\":{\"name\":\"\",\"@id\":\"\"},\"headline\":\"Echos du Conseil communal du 11 novembre 2015\",\"datePublished\":\"2015-11-13T08:37:30+00:00\",\"dateModified\":\"2021-01-08T11:30:29+00:00\",\"mainEntityOfPage\":{\"@id\":\"https:\/\/vert-e-s-vd.ch\/morges\/blog\/non-classe\/echos-du-conseil-communal-du-11-novembre-2015\"},\"wordCount\":6,\"commentCount\":0,\"keywords\":[\"alimentation\",\"cantine\",\"flexitarien\",\"gestion\",\"handicap\",\"Morges\",\"politique\",\"r\u00e9cusation\",\"registre des int\u00e9r\u00eats\",\"verts\"],\"inLanguage\":\"fr-FR\"},{\"@type\":\"WebPage\",\"@id\":\"https:\/\/vert-e-s-vd.ch\/morges\/blog\/non-classe\/echos-du-conseil-communal-du-11-novembre-2015\",\"url\":\"https:\/\/vert-e-s-vd.ch\/morges\/blog\/non-classe\/echos-du-conseil-communal-du-11-novembre-2015\",\"name\":\"Echos du Conseil communal du 11 novembre 2015 - Les Vert\u00b7e\u00b7s du district de Morges\",\"isPartOf\":{\"@id\":\"https:\/\/vert-e-s-vd.ch\/morges\/#website\"},\"datePublished\":\"2015-11-13T08:37:30+00:00\",\"dateModified\":\"2021-01-08T11:30:29+00:00\",\"author\":{\"@id\":\"\"},\"breadcrumb\":{\"@id\":\"https:\/\/vert-e-s-vd.ch\/morges\/blog\/non-classe\/echos-du-conseil-communal-du-11-novembre-2015#breadcrumb\"},\"inLanguage\":\"fr-FR\",\"potentialAction\":[{\"@type\":\"ReadAction\",\"target\":[\"https:\/\/vert-e-s-vd.ch\/morges\/blog\/non-classe\/echos-du-conseil-communal-du-11-novembre-2015\"]}]},{\"@type\":\"BreadcrumbList\",\"@id\":\"https:\/\/vert-e-s-vd.ch\/morges\/blog\/non-classe\/echos-du-conseil-communal-du-11-novembre-2015#breadcrumb\",\"itemListElement\":[{\"@type\":\"ListItem\",\"position\":1,\"name\":\"Accueil\",\"item\":\"https:\/\/vert-e-s-vd.ch\/morges\/\"},{\"@type\":\"ListItem\",\"position\":2,\"name\":\"Non class\u00e9\",\"item\":\"https:\/\/vert-e-s-vd.ch\/morges\/blog\/category\/non-classe\"},{\"@type\":\"ListItem\",\"position\":3,\"name\":\"Echos du Conseil communal du 11 novembre 2015\"}]},{\"@type\":\"WebSite\",\"@id\":\"https:\/\/vert-e-s-vd.ch\/morges\/#website\",\"url\":\"https:\/\/vert-e-s-vd.ch\/morges\/\",\"name\":\"Les Vert\u00b7e\u00b7s du district de Morges\",\"description\":\"Les Vert\u00b7e\u00b7s du district de Morges\",\"potentialAction\":[{\"@type\":\"SearchAction\",\"target\":{\"@type\":\"EntryPoint\",\"urlTemplate\":\"https:\/\/vert-e-s-vd.ch\/morges\/?s={search_term_string}\"},\"query-input\":{\"@type\":\"PropertyValueSpecification\",\"valueRequired\":true,\"valueName\":\"search_term_string\"}}],\"inLanguage\":\"fr-FR\"}]}<\/script>\n<!-- \/ Yoast SEO plugin. -->","yoast_head_json":{"title":"Echos du Conseil communal du 11 novembre 2015 - Les Vert\u00b7e\u00b7s du district de Morges","robots":{"index":"index","follow":"follow","max-snippet":"max-snippet:-1","max-image-preview":"max-image-preview:large","max-video-preview":"max-video-preview:-1"},"canonical":"https:\/\/vert-e-s-vd.ch\/morges\/blog\/non-classe\/echos-du-conseil-communal-du-11-novembre-2015","og_locale":"fr_FR","og_type":"article","og_title":"Echos du Conseil communal du 11 novembre 2015 - Les Vert\u00b7e\u00b7s du district de Morges","og_url":"https:\/\/vert-e-s-vd.ch\/morges\/blog\/non-classe\/echos-du-conseil-communal-du-11-novembre-2015","og_site_name":"Les Vert\u00b7e\u00b7s du district de Morges","article_published_time":"2015-11-13T08:37:30+00:00","article_modified_time":"2021-01-08T11:30:29+00:00","twitter_card":"summary_large_image","schema":{"@context":"https:\/\/schema.org","@graph":[{"@type":"Article","@id":"https:\/\/vert-e-s-vd.ch\/morges\/blog\/non-classe\/echos-du-conseil-communal-du-11-novembre-2015#article","isPartOf":{"@id":"https:\/\/vert-e-s-vd.ch\/morges\/blog\/non-classe\/echos-du-conseil-communal-du-11-novembre-2015"},"author":{"name":"","@id":""},"headline":"Echos du Conseil communal du 11 novembre 2015","datePublished":"2015-11-13T08:37:30+00:00","dateModified":"2021-01-08T11:30:29+00:00","mainEntityOfPage":{"@id":"https:\/\/vert-e-s-vd.ch\/morges\/blog\/non-classe\/echos-du-conseil-communal-du-11-novembre-2015"},"wordCount":6,"commentCount":0,"keywords":["alimentation","cantine","flexitarien","gestion","handicap","Morges","politique","r\u00e9cusation","registre des int\u00e9r\u00eats","verts"],"inLanguage":"fr-FR"},{"@type":"WebPage","@id":"https:\/\/vert-e-s-vd.ch\/morges\/blog\/non-classe\/echos-du-conseil-communal-du-11-novembre-2015","url":"https:\/\/vert-e-s-vd.ch\/morges\/blog\/non-classe\/echos-du-conseil-communal-du-11-novembre-2015","name":"Echos du Conseil communal du 11 novembre 2015 - Les Vert\u00b7e\u00b7s du district de Morges","isPartOf":{"@id":"https:\/\/vert-e-s-vd.ch\/morges\/#website"},"datePublished":"2015-11-13T08:37:30+00:00","dateModified":"2021-01-08T11:30:29+00:00","author":{"@id":""},"breadcrumb":{"@id":"https:\/\/vert-e-s-vd.ch\/morges\/blog\/non-classe\/echos-du-conseil-communal-du-11-novembre-2015#breadcrumb"},"inLanguage":"fr-FR","potentialAction":[{"@type":"ReadAction","target":["https:\/\/vert-e-s-vd.ch\/morges\/blog\/non-classe\/echos-du-conseil-communal-du-11-novembre-2015"]}]},{"@type":"BreadcrumbList","@id":"https:\/\/vert-e-s-vd.ch\/morges\/blog\/non-classe\/echos-du-conseil-communal-du-11-novembre-2015#breadcrumb","itemListElement":[{"@type":"ListItem","position":1,"name":"Accueil","item":"https:\/\/vert-e-s-vd.ch\/morges\/"},{"@type":"ListItem","position":2,"name":"Non class\u00e9","item":"https:\/\/vert-e-s-vd.ch\/morges\/blog\/category\/non-classe"},{"@type":"ListItem","position":3,"name":"Echos du Conseil communal du 11 novembre 2015"}]},{"@type":"WebSite","@id":"https:\/\/vert-e-s-vd.ch\/morges\/#website","url":"https:\/\/vert-e-s-vd.ch\/morges\/","name":"Les Vert\u00b7e\u00b7s du district de Morges","description":"Les Vert\u00b7e\u00b7s du district de Morges","potentialAction":[{"@type":"SearchAction","target":{"@type":"EntryPoint","urlTemplate":"https:\/\/vert-e-s-vd.ch\/morges\/?s={search_term_string}"},"query-input":{"@type":"PropertyValueSpecification","valueRequired":true,"valueName":"search_term_string"}}],"inLanguage":"fr-FR"}]}},"_links":{"self":[{"href":"https:\/\/vert-e-s-vd.ch\/morges\/wp-json\/wp\/v2\/posts\/70968","targetHints":{"allow":["GET"]}}],"collection":[{"href":"https:\/\/vert-e-s-vd.ch\/morges\/wp-json\/wp\/v2\/posts"}],"about":[{"href":"https:\/\/vert-e-s-vd.ch\/morges\/wp-json\/wp\/v2\/types\/post"}],"replies":[{"embeddable":true,"href":"https:\/\/vert-e-s-vd.ch\/morges\/wp-json\/wp\/v2\/comments?post=70968"}],"version-history":[{"count":1,"href":"https:\/\/vert-e-s-vd.ch\/morges\/wp-json\/wp\/v2\/posts\/70968\/revisions"}],"predecessor-version":[{"id":71068,"href":"https:\/\/vert-e-s-vd.ch\/morges\/wp-json\/wp\/v2\/posts\/70968\/revisions\/71068"}],"wp:attachment":[{"href":"https:\/\/vert-e-s-vd.ch\/morges\/wp-json\/wp\/v2\/media?parent=70968"}],"wp:term":[{"taxonomy":"category","embeddable":true,"href":"https:\/\/vert-e-s-vd.ch\/morges\/wp-json\/wp\/v2\/categories?post=70968"},{"taxonomy":"post_tag","embeddable":true,"href":"https:\/\/vert-e-s-vd.ch\/morges\/wp-json\/wp\/v2\/tags?post=70968"}],"curies":[{"name":"wp","href":"https:\/\/api.w.org\/{rel}","templated":true}]}}