{"id":70965,"date":"2013-05-10T15:07:25","date_gmt":"2013-05-10T14:07:25","guid":{"rendered":"https:\/\/vert-e-s-vd.ch\/morges\/?p=389"},"modified":"2021-01-08T12:30:35","modified_gmt":"2021-01-08T11:30:35","slug":"les-verts-de-morges-sopposent-au-demantelement-des-trains-re","status":"publish","type":"post","link":"https:\/\/vert-e-s-vd.ch\/morges\/blog\/communiques\/les-verts-de-morges-sopposent-au-demantelement-des-trains-re","title":{"rendered":"Les Verts de Morges s&rsquo;opposent au d\u00e9mant\u00e8lement des trains r\u00e9gionaux"},"content":{"rendered":"","protected":false},"excerpt":{"rendered":"","protected":false},"author":0,"featured_media":0,"comment_status":"open","ping_status":"open","sticky":false,"template":"","format":"standard","meta":{"_acf_changed":false,"inline_featured_image":false,"footnotes":""},"categories":[417],"tags":[],"class_list":["post-70965","post","type-post","status-publish","format-standard","hentry","category-communiques"],"acf":[],"yoast_head":"<!-- This site is optimized with the Yoast SEO plugin v26.9 - https:\/\/yoast.com\/product\/yoast-seo-wordpress\/ -->\n<title>Les Verts de Morges s&#039;opposent au d\u00e9mant\u00e8lement des trains r\u00e9gionaux - Les Vert\u00b7e\u00b7s du district de Morges<\/title>\n<meta name=\"robots\" content=\"index, follow, max-snippet:-1, max-image-preview:large, max-video-preview:-1\" \/>\n<link rel=\"canonical\" href=\"https:\/\/vert-e-s-vd.ch\/morges\/blog\/communiques\/les-verts-de-morges-sopposent-au-demantelement-des-trains-re\" \/>\n<meta property=\"og:locale\" content=\"fr_FR\" \/>\n<meta property=\"og:type\" content=\"article\" \/>\n<meta property=\"og:title\" content=\"Les Verts de Morges s&#039;opposent au d\u00e9mant\u00e8lement des trains r\u00e9gionaux - Les Vert\u00b7e\u00b7s du district de Morges\" \/>\n<meta property=\"og:url\" content=\"https:\/\/vert-e-s-vd.ch\/morges\/blog\/communiques\/les-verts-de-morges-sopposent-au-demantelement-des-trains-re\" \/>\n<meta property=\"og:site_name\" content=\"Les Vert\u00b7e\u00b7s du district de Morges\" \/>\n<meta property=\"article:published_time\" content=\"2013-05-10T14:07:25+00:00\" \/>\n<meta property=\"article:modified_time\" content=\"2021-01-08T11:30:35+00:00\" \/>\n<meta name=\"twitter:card\" content=\"summary_large_image\" \/>\n<script type=\"application\/ld+json\" class=\"yoast-schema-graph\">{\"@context\":\"https:\/\/schema.org\",\"@graph\":[{\"@type\":\"Article\",\"@id\":\"https:\/\/vert-e-s-vd.ch\/morges\/blog\/communiques\/les-verts-de-morges-sopposent-au-demantelement-des-trains-re#article\",\"isPartOf\":{\"@id\":\"https:\/\/vert-e-s-vd.ch\/morges\/blog\/communiques\/les-verts-de-morges-sopposent-au-demantelement-des-trains-re\"},\"author\":{\"name\":\"\",\"@id\":\"\"},\"headline\":\"Les Verts de Morges s&rsquo;opposent au d\u00e9mant\u00e8lement des trains r\u00e9gionaux\",\"datePublished\":\"2013-05-10T14:07:25+00:00\",\"dateModified\":\"2021-01-08T11:30:35+00:00\",\"mainEntityOfPage\":{\"@id\":\"https:\/\/vert-e-s-vd.ch\/morges\/blog\/communiques\/les-verts-de-morges-sopposent-au-demantelement-des-trains-re\"},\"wordCount\":14,\"commentCount\":0,\"articleSection\":[\"Communiqu\u00e9s\"],\"inLanguage\":\"fr-FR\"},{\"@type\":\"WebPage\",\"@id\":\"https:\/\/vert-e-s-vd.ch\/morges\/blog\/communiques\/les-verts-de-morges-sopposent-au-demantelement-des-trains-re\",\"url\":\"https:\/\/vert-e-s-vd.ch\/morges\/blog\/communiques\/les-verts-de-morges-sopposent-au-demantelement-des-trains-re\",\"name\":\"Les Verts de Morges s'opposent au d\u00e9mant\u00e8lement des trains r\u00e9gionaux - Les Vert\u00b7e\u00b7s du district de Morges\",\"isPartOf\":{\"@id\":\"https:\/\/vert-e-s-vd.ch\/morges\/#website\"},\"datePublished\":\"2013-05-10T14:07:25+00:00\",\"dateModified\":\"2021-01-08T11:30:35+00:00\",\"author\":{\"@id\":\"\"},\"breadcrumb\":{\"@id\":\"https:\/\/vert-e-s-vd.ch\/morges\/blog\/communiques\/les-verts-de-morges-sopposent-au-demantelement-des-trains-re#breadcrumb\"},\"inLanguage\":\"fr-FR\",\"potentialAction\":[{\"@type\":\"ReadAction\",\"target\":[\"https:\/\/vert-e-s-vd.ch\/morges\/blog\/communiques\/les-verts-de-morges-sopposent-au-demantelement-des-trains-re\"]}]},{\"@type\":\"BreadcrumbList\",\"@id\":\"https:\/\/vert-e-s-vd.ch\/morges\/blog\/communiques\/les-verts-de-morges-sopposent-au-demantelement-des-trains-re#breadcrumb\",\"itemListElement\":[{\"@type\":\"ListItem\",\"position\":1,\"name\":\"Accueil\",\"item\":\"https:\/\/vert-e-s-vd.ch\/morges\/\"},{\"@type\":\"ListItem\",\"position\":2,\"name\":\"Actualit\u00e9s\",\"item\":\"https:\/\/vert-e-s-vd.ch\/morges\/blog\/category\/communiques#menu-item-72625\"},{\"@type\":\"ListItem\",\"position\":3,\"name\":\"Les Verts de Morges s&rsquo;opposent au d\u00e9mant\u00e8lement des trains r\u00e9gionaux\"}]},{\"@type\":\"WebSite\",\"@id\":\"https:\/\/vert-e-s-vd.ch\/morges\/#website\",\"url\":\"https:\/\/vert-e-s-vd.ch\/morges\/\",\"name\":\"Les Vert\u00b7e\u00b7s du district de Morges\",\"description\":\"Les Vert\u00b7e\u00b7s du district de Morges\",\"potentialAction\":[{\"@type\":\"SearchAction\",\"target\":{\"@type\":\"EntryPoint\",\"urlTemplate\":\"https:\/\/vert-e-s-vd.ch\/morges\/?s={search_term_string}\"},\"query-input\":{\"@type\":\"PropertyValueSpecification\",\"valueRequired\":true,\"valueName\":\"search_term_string\"}}],\"inLanguage\":\"fr-FR\"}]}<\/script>\n<!-- \/ Yoast SEO plugin. -->","yoast_head_json":{"title":"Les Verts de Morges s'opposent au d\u00e9mant\u00e8lement des trains r\u00e9gionaux - Les Vert\u00b7e\u00b7s du district de Morges","robots":{"index":"index","follow":"follow","max-snippet":"max-snippet:-1","max-image-preview":"max-image-preview:large","max-video-preview":"max-video-preview:-1"},"canonical":"https:\/\/vert-e-s-vd.ch\/morges\/blog\/communiques\/les-verts-de-morges-sopposent-au-demantelement-des-trains-re","og_locale":"fr_FR","og_type":"article","og_title":"Les Verts de Morges s'opposent au d\u00e9mant\u00e8lement des trains r\u00e9gionaux - Les Vert\u00b7e\u00b7s du district de Morges","og_url":"https:\/\/vert-e-s-vd.ch\/morges\/blog\/communiques\/les-verts-de-morges-sopposent-au-demantelement-des-trains-re","og_site_name":"Les Vert\u00b7e\u00b7s du district de Morges","article_published_time":"2013-05-10T14:07:25+00:00","article_modified_time":"2021-01-08T11:30:35+00:00","twitter_card":"summary_large_image","schema":{"@context":"https:\/\/schema.org","@graph":[{"@type":"Article","@id":"https:\/\/vert-e-s-vd.ch\/morges\/blog\/communiques\/les-verts-de-morges-sopposent-au-demantelement-des-trains-re#article","isPartOf":{"@id":"https:\/\/vert-e-s-vd.ch\/morges\/blog\/communiques\/les-verts-de-morges-sopposent-au-demantelement-des-trains-re"},"author":{"name":"","@id":""},"headline":"Les Verts de Morges s&rsquo;opposent au d\u00e9mant\u00e8lement des trains r\u00e9gionaux","datePublished":"2013-05-10T14:07:25+00:00","dateModified":"2021-01-08T11:30:35+00:00","mainEntityOfPage":{"@id":"https:\/\/vert-e-s-vd.ch\/morges\/blog\/communiques\/les-verts-de-morges-sopposent-au-demantelement-des-trains-re"},"wordCount":14,"commentCount":0,"articleSection":["Communiqu\u00e9s"],"inLanguage":"fr-FR"},{"@type":"WebPage","@id":"https:\/\/vert-e-s-vd.ch\/morges\/blog\/communiques\/les-verts-de-morges-sopposent-au-demantelement-des-trains-re","url":"https:\/\/vert-e-s-vd.ch\/morges\/blog\/communiques\/les-verts-de-morges-sopposent-au-demantelement-des-trains-re","name":"Les Verts de Morges s'opposent au d\u00e9mant\u00e8lement des trains r\u00e9gionaux - Les Vert\u00b7e\u00b7s du district de Morges","isPartOf":{"@id":"https:\/\/vert-e-s-vd.ch\/morges\/#website"},"datePublished":"2013-05-10T14:07:25+00:00","dateModified":"2021-01-08T11:30:35+00:00","author":{"@id":""},"breadcrumb":{"@id":"https:\/\/vert-e-s-vd.ch\/morges\/blog\/communiques\/les-verts-de-morges-sopposent-au-demantelement-des-trains-re#breadcrumb"},"inLanguage":"fr-FR","potentialAction":[{"@type":"ReadAction","target":["https:\/\/vert-e-s-vd.ch\/morges\/blog\/communiques\/les-verts-de-morges-sopposent-au-demantelement-des-trains-re"]}]},{"@type":"BreadcrumbList","@id":"https:\/\/vert-e-s-vd.ch\/morges\/blog\/communiques\/les-verts-de-morges-sopposent-au-demantelement-des-trains-re#breadcrumb","itemListElement":[{"@type":"ListItem","position":1,"name":"Accueil","item":"https:\/\/vert-e-s-vd.ch\/morges\/"},{"@type":"ListItem","position":2,"name":"Actualit\u00e9s","item":"https:\/\/vert-e-s-vd.ch\/morges\/blog\/category\/communiques#menu-item-72625"},{"@type":"ListItem","position":3,"name":"Les Verts de Morges s&rsquo;opposent au d\u00e9mant\u00e8lement des trains r\u00e9gionaux"}]},{"@type":"WebSite","@id":"https:\/\/vert-e-s-vd.ch\/morges\/#website","url":"https:\/\/vert-e-s-vd.ch\/morges\/","name":"Les Vert\u00b7e\u00b7s du district de Morges","description":"Les Vert\u00b7e\u00b7s du district de Morges","potentialAction":[{"@type":"SearchAction","target":{"@type":"EntryPoint","urlTemplate":"https:\/\/vert-e-s-vd.ch\/morges\/?s={search_term_string}"},"query-input":{"@type":"PropertyValueSpecification","valueRequired":true,"valueName":"search_term_string"}}],"inLanguage":"fr-FR"}]}},"_links":{"self":[{"href":"https:\/\/vert-e-s-vd.ch\/morges\/wp-json\/wp\/v2\/posts\/70965","targetHints":{"allow":["GET"]}}],"collection":[{"href":"https:\/\/vert-e-s-vd.ch\/morges\/wp-json\/wp\/v2\/posts"}],"about":[{"href":"https:\/\/vert-e-s-vd.ch\/morges\/wp-json\/wp\/v2\/types\/post"}],"replies":[{"embeddable":true,"href":"https:\/\/vert-e-s-vd.ch\/morges\/wp-json\/wp\/v2\/comments?post=70965"}],"version-history":[{"count":1,"href":"https:\/\/vert-e-s-vd.ch\/morges\/wp-json\/wp\/v2\/posts\/70965\/revisions"}],"predecessor-version":[{"id":71120,"href":"https:\/\/vert-e-s-vd.ch\/morges\/wp-json\/wp\/v2\/posts\/70965\/revisions\/71120"}],"wp:attachment":[{"href":"https:\/\/vert-e-s-vd.ch\/morges\/wp-json\/wp\/v2\/media?parent=70965"}],"wp:term":[{"taxonomy":"category","embeddable":true,"href":"https:\/\/vert-e-s-vd.ch\/morges\/wp-json\/wp\/v2\/categories?post=70965"},{"taxonomy":"post_tag","embeddable":true,"href":"https:\/\/vert-e-s-vd.ch\/morges\/wp-json\/wp\/v2\/tags?post=70965"}],"curies":[{"name":"wp","href":"https:\/\/api.w.org\/{rel}","templated":true}]}}