{"id":70956,"date":"2013-02-05T09:47:54","date_gmt":"2013-02-05T08:47:54","guid":{"rendered":"https:\/\/vert-e-s-vd.ch\/morges\/?p=290"},"modified":"2021-01-08T12:30:35","modified_gmt":"2021-01-08T11:30:35","slug":"depot-de-la-petition-contre-les-exonerations-fiscales-abusives","status":"publish","type":"post","link":"https:\/\/vert-e-s-vd.ch\/morges\/blog\/initiatives-petitions\/depot-de-la-petition-contre-les-exonerations-fiscales-abusives","title":{"rendered":"D\u00e9pot de la p\u00e9tition contre les exon\u00e9rations fiscales abusives"},"content":{"rendered":"","protected":false},"excerpt":{"rendered":"","protected":false},"author":0,"featured_media":0,"comment_status":"open","ping_status":"open","sticky":false,"template":"","format":"standard","meta":{"_acf_changed":false,"inline_featured_image":false,"footnotes":""},"categories":[413],"tags":[],"class_list":["post-70956","post","type-post","status-publish","format-standard","hentry","category-initiatives-petitions"],"acf":[],"yoast_head":"<!-- This site is optimized with the Yoast SEO plugin v26.9 - https:\/\/yoast.com\/product\/yoast-seo-wordpress\/ -->\n<title>D\u00e9pot de la p\u00e9tition contre les exon\u00e9rations fiscales abusives - Les Vert\u00b7e\u00b7s du district de Morges<\/title>\n<meta name=\"robots\" content=\"index, follow, max-snippet:-1, max-image-preview:large, max-video-preview:-1\" \/>\n<link rel=\"canonical\" href=\"https:\/\/vert-e-s-vd.ch\/morges\/blog\/initiatives-petitions\/depot-de-la-petition-contre-les-exonerations-fiscales-abusives\" \/>\n<meta property=\"og:locale\" content=\"fr_FR\" \/>\n<meta property=\"og:type\" content=\"article\" \/>\n<meta property=\"og:title\" content=\"D\u00e9pot de la p\u00e9tition contre les exon\u00e9rations fiscales abusives - Les Vert\u00b7e\u00b7s du district de Morges\" \/>\n<meta property=\"og:url\" content=\"https:\/\/vert-e-s-vd.ch\/morges\/blog\/initiatives-petitions\/depot-de-la-petition-contre-les-exonerations-fiscales-abusives\" \/>\n<meta property=\"og:site_name\" content=\"Les Vert\u00b7e\u00b7s du district de Morges\" \/>\n<meta property=\"article:published_time\" content=\"2013-02-05T08:47:54+00:00\" \/>\n<meta property=\"article:modified_time\" content=\"2021-01-08T11:30:35+00:00\" \/>\n<meta name=\"twitter:card\" content=\"summary_large_image\" \/>\n<script type=\"application\/ld+json\" class=\"yoast-schema-graph\">{\"@context\":\"https:\/\/schema.org\",\"@graph\":[{\"@type\":\"Article\",\"@id\":\"https:\/\/vert-e-s-vd.ch\/morges\/blog\/initiatives-petitions\/depot-de-la-petition-contre-les-exonerations-fiscales-abusives#article\",\"isPartOf\":{\"@id\":\"https:\/\/vert-e-s-vd.ch\/morges\/blog\/initiatives-petitions\/depot-de-la-petition-contre-les-exonerations-fiscales-abusives\"},\"author\":{\"name\":\"\",\"@id\":\"\"},\"headline\":\"D\u00e9pot de la p\u00e9tition contre les exon\u00e9rations fiscales abusives\",\"datePublished\":\"2013-02-05T08:47:54+00:00\",\"dateModified\":\"2021-01-08T11:30:35+00:00\",\"mainEntityOfPage\":{\"@id\":\"https:\/\/vert-e-s-vd.ch\/morges\/blog\/initiatives-petitions\/depot-de-la-petition-contre-les-exonerations-fiscales-abusives\"},\"wordCount\":12,\"commentCount\":0,\"articleSection\":[\"Initiatives, p\u00e9titions, etc\"],\"inLanguage\":\"fr-FR\"},{\"@type\":\"WebPage\",\"@id\":\"https:\/\/vert-e-s-vd.ch\/morges\/blog\/initiatives-petitions\/depot-de-la-petition-contre-les-exonerations-fiscales-abusives\",\"url\":\"https:\/\/vert-e-s-vd.ch\/morges\/blog\/initiatives-petitions\/depot-de-la-petition-contre-les-exonerations-fiscales-abusives\",\"name\":\"D\u00e9pot de la p\u00e9tition contre les exon\u00e9rations fiscales abusives - Les Vert\u00b7e\u00b7s du district de Morges\",\"isPartOf\":{\"@id\":\"https:\/\/vert-e-s-vd.ch\/morges\/#website\"},\"datePublished\":\"2013-02-05T08:47:54+00:00\",\"dateModified\":\"2021-01-08T11:30:35+00:00\",\"author\":{\"@id\":\"\"},\"breadcrumb\":{\"@id\":\"https:\/\/vert-e-s-vd.ch\/morges\/blog\/initiatives-petitions\/depot-de-la-petition-contre-les-exonerations-fiscales-abusives#breadcrumb\"},\"inLanguage\":\"fr-FR\",\"potentialAction\":[{\"@type\":\"ReadAction\",\"target\":[\"https:\/\/vert-e-s-vd.ch\/morges\/blog\/initiatives-petitions\/depot-de-la-petition-contre-les-exonerations-fiscales-abusives\"]}]},{\"@type\":\"BreadcrumbList\",\"@id\":\"https:\/\/vert-e-s-vd.ch\/morges\/blog\/initiatives-petitions\/depot-de-la-petition-contre-les-exonerations-fiscales-abusives#breadcrumb\",\"itemListElement\":[{\"@type\":\"ListItem\",\"position\":1,\"name\":\"Accueil\",\"item\":\"https:\/\/vert-e-s-vd.ch\/morges\/\"},{\"@type\":\"ListItem\",\"position\":2,\"name\":\"Initiatives, p\u00e9titions, etc\",\"item\":\"https:\/\/vert-e-s-vd.ch\/morges\/blog\/category\/initiatives-petitions\"},{\"@type\":\"ListItem\",\"position\":3,\"name\":\"D\u00e9pot de la p\u00e9tition contre les exon\u00e9rations fiscales abusives\"}]},{\"@type\":\"WebSite\",\"@id\":\"https:\/\/vert-e-s-vd.ch\/morges\/#website\",\"url\":\"https:\/\/vert-e-s-vd.ch\/morges\/\",\"name\":\"Les Vert\u00b7e\u00b7s du district de Morges\",\"description\":\"Les Vert\u00b7e\u00b7s du district de Morges\",\"potentialAction\":[{\"@type\":\"SearchAction\",\"target\":{\"@type\":\"EntryPoint\",\"urlTemplate\":\"https:\/\/vert-e-s-vd.ch\/morges\/?s={search_term_string}\"},\"query-input\":{\"@type\":\"PropertyValueSpecification\",\"valueRequired\":true,\"valueName\":\"search_term_string\"}}],\"inLanguage\":\"fr-FR\"}]}<\/script>\n<!-- \/ Yoast SEO plugin. -->","yoast_head_json":{"title":"D\u00e9pot de la p\u00e9tition contre les exon\u00e9rations fiscales abusives - Les Vert\u00b7e\u00b7s du district de Morges","robots":{"index":"index","follow":"follow","max-snippet":"max-snippet:-1","max-image-preview":"max-image-preview:large","max-video-preview":"max-video-preview:-1"},"canonical":"https:\/\/vert-e-s-vd.ch\/morges\/blog\/initiatives-petitions\/depot-de-la-petition-contre-les-exonerations-fiscales-abusives","og_locale":"fr_FR","og_type":"article","og_title":"D\u00e9pot de la p\u00e9tition contre les exon\u00e9rations fiscales abusives - Les Vert\u00b7e\u00b7s du district de Morges","og_url":"https:\/\/vert-e-s-vd.ch\/morges\/blog\/initiatives-petitions\/depot-de-la-petition-contre-les-exonerations-fiscales-abusives","og_site_name":"Les Vert\u00b7e\u00b7s du district de Morges","article_published_time":"2013-02-05T08:47:54+00:00","article_modified_time":"2021-01-08T11:30:35+00:00","twitter_card":"summary_large_image","schema":{"@context":"https:\/\/schema.org","@graph":[{"@type":"Article","@id":"https:\/\/vert-e-s-vd.ch\/morges\/blog\/initiatives-petitions\/depot-de-la-petition-contre-les-exonerations-fiscales-abusives#article","isPartOf":{"@id":"https:\/\/vert-e-s-vd.ch\/morges\/blog\/initiatives-petitions\/depot-de-la-petition-contre-les-exonerations-fiscales-abusives"},"author":{"name":"","@id":""},"headline":"D\u00e9pot de la p\u00e9tition contre les exon\u00e9rations fiscales abusives","datePublished":"2013-02-05T08:47:54+00:00","dateModified":"2021-01-08T11:30:35+00:00","mainEntityOfPage":{"@id":"https:\/\/vert-e-s-vd.ch\/morges\/blog\/initiatives-petitions\/depot-de-la-petition-contre-les-exonerations-fiscales-abusives"},"wordCount":12,"commentCount":0,"articleSection":["Initiatives, p\u00e9titions, etc"],"inLanguage":"fr-FR"},{"@type":"WebPage","@id":"https:\/\/vert-e-s-vd.ch\/morges\/blog\/initiatives-petitions\/depot-de-la-petition-contre-les-exonerations-fiscales-abusives","url":"https:\/\/vert-e-s-vd.ch\/morges\/blog\/initiatives-petitions\/depot-de-la-petition-contre-les-exonerations-fiscales-abusives","name":"D\u00e9pot de la p\u00e9tition contre les exon\u00e9rations fiscales abusives - Les Vert\u00b7e\u00b7s du district de Morges","isPartOf":{"@id":"https:\/\/vert-e-s-vd.ch\/morges\/#website"},"datePublished":"2013-02-05T08:47:54+00:00","dateModified":"2021-01-08T11:30:35+00:00","author":{"@id":""},"breadcrumb":{"@id":"https:\/\/vert-e-s-vd.ch\/morges\/blog\/initiatives-petitions\/depot-de-la-petition-contre-les-exonerations-fiscales-abusives#breadcrumb"},"inLanguage":"fr-FR","potentialAction":[{"@type":"ReadAction","target":["https:\/\/vert-e-s-vd.ch\/morges\/blog\/initiatives-petitions\/depot-de-la-petition-contre-les-exonerations-fiscales-abusives"]}]},{"@type":"BreadcrumbList","@id":"https:\/\/vert-e-s-vd.ch\/morges\/blog\/initiatives-petitions\/depot-de-la-petition-contre-les-exonerations-fiscales-abusives#breadcrumb","itemListElement":[{"@type":"ListItem","position":1,"name":"Accueil","item":"https:\/\/vert-e-s-vd.ch\/morges\/"},{"@type":"ListItem","position":2,"name":"Initiatives, p\u00e9titions, etc","item":"https:\/\/vert-e-s-vd.ch\/morges\/blog\/category\/initiatives-petitions"},{"@type":"ListItem","position":3,"name":"D\u00e9pot de la p\u00e9tition contre les exon\u00e9rations fiscales abusives"}]},{"@type":"WebSite","@id":"https:\/\/vert-e-s-vd.ch\/morges\/#website","url":"https:\/\/vert-e-s-vd.ch\/morges\/","name":"Les Vert\u00b7e\u00b7s du district de Morges","description":"Les Vert\u00b7e\u00b7s du district de Morges","potentialAction":[{"@type":"SearchAction","target":{"@type":"EntryPoint","urlTemplate":"https:\/\/vert-e-s-vd.ch\/morges\/?s={search_term_string}"},"query-input":{"@type":"PropertyValueSpecification","valueRequired":true,"valueName":"search_term_string"}}],"inLanguage":"fr-FR"}]}},"_links":{"self":[{"href":"https:\/\/vert-e-s-vd.ch\/morges\/wp-json\/wp\/v2\/posts\/70956","targetHints":{"allow":["GET"]}}],"collection":[{"href":"https:\/\/vert-e-s-vd.ch\/morges\/wp-json\/wp\/v2\/posts"}],"about":[{"href":"https:\/\/vert-e-s-vd.ch\/morges\/wp-json\/wp\/v2\/types\/post"}],"replies":[{"embeddable":true,"href":"https:\/\/vert-e-s-vd.ch\/morges\/wp-json\/wp\/v2\/comments?post=70956"}],"version-history":[{"count":1,"href":"https:\/\/vert-e-s-vd.ch\/morges\/wp-json\/wp\/v2\/posts\/70956\/revisions"}],"predecessor-version":[{"id":71123,"href":"https:\/\/vert-e-s-vd.ch\/morges\/wp-json\/wp\/v2\/posts\/70956\/revisions\/71123"}],"wp:attachment":[{"href":"https:\/\/vert-e-s-vd.ch\/morges\/wp-json\/wp\/v2\/media?parent=70956"}],"wp:term":[{"taxonomy":"category","embeddable":true,"href":"https:\/\/vert-e-s-vd.ch\/morges\/wp-json\/wp\/v2\/categories?post=70956"},{"taxonomy":"post_tag","embeddable":true,"href":"https:\/\/vert-e-s-vd.ch\/morges\/wp-json\/wp\/v2\/tags?post=70956"}],"curies":[{"name":"wp","href":"https:\/\/api.w.org\/{rel}","templated":true}]}}