{"id":70954,"date":"2014-01-27T14:08:36","date_gmt":"2014-01-27T13:08:36","guid":{"rendered":"https:\/\/vert-e-s-vd.ch\/morges\/?p=225"},"modified":"2021-01-08T12:30:35","modified_gmt":"2021-01-08T11:30:35","slug":"petition-pour-une-fiscalite-plus-juste-en-matiere-dexonerations-une-affaire-classee-par-le-grand-conseil","status":"publish","type":"post","link":"https:\/\/vert-e-s-vd.ch\/morges\/blog\/initiatives-petitions\/petition-pour-une-fiscalite-plus-juste-en-matiere-dexonerations-une-affaire-classee-par-le-grand-conseil","title":{"rendered":"P\u00e9tition pour une fiscalit\u00e9 plus juste en mati\u00e8re d&rsquo;\u00e9xon\u00e9rations? Une affaire class\u00e9e par le Grand Conseil"},"content":{"rendered":"","protected":false},"excerpt":{"rendered":"","protected":false},"author":0,"featured_media":0,"comment_status":"open","ping_status":"open","sticky":false,"template":"","format":"standard","meta":{"_acf_changed":false,"inline_featured_image":false,"footnotes":""},"categories":[413],"tags":[],"class_list":["post-70954","post","type-post","status-publish","format-standard","hentry","category-initiatives-petitions"],"acf":[],"yoast_head":"<!-- This site is optimized with the Yoast SEO plugin v26.9 - https:\/\/yoast.com\/product\/yoast-seo-wordpress\/ -->\n<title>P\u00e9tition pour une fiscalit\u00e9 plus juste en mati\u00e8re d&#039;\u00e9xon\u00e9rations? Une affaire class\u00e9e par le Grand Conseil - Les Vert\u00b7e\u00b7s du district de Morges<\/title>\n<meta name=\"robots\" content=\"index, follow, max-snippet:-1, max-image-preview:large, max-video-preview:-1\" \/>\n<link rel=\"canonical\" href=\"https:\/\/vert-e-s-vd.ch\/morges\/blog\/initiatives-petitions\/petition-pour-une-fiscalite-plus-juste-en-matiere-dexonerations-une-affaire-classee-par-le-grand-conseil\" \/>\n<meta property=\"og:locale\" content=\"fr_FR\" \/>\n<meta property=\"og:type\" content=\"article\" \/>\n<meta property=\"og:title\" content=\"P\u00e9tition pour une fiscalit\u00e9 plus juste en mati\u00e8re d&#039;\u00e9xon\u00e9rations? Une affaire class\u00e9e par le Grand Conseil - Les Vert\u00b7e\u00b7s du district de Morges\" \/>\n<meta property=\"og:url\" content=\"https:\/\/vert-e-s-vd.ch\/morges\/blog\/initiatives-petitions\/petition-pour-une-fiscalite-plus-juste-en-matiere-dexonerations-une-affaire-classee-par-le-grand-conseil\" \/>\n<meta property=\"og:site_name\" content=\"Les Vert\u00b7e\u00b7s du district de Morges\" \/>\n<meta property=\"article:published_time\" content=\"2014-01-27T13:08:36+00:00\" \/>\n<meta property=\"article:modified_time\" content=\"2021-01-08T11:30:35+00:00\" \/>\n<meta name=\"twitter:card\" content=\"summary_large_image\" \/>\n<script type=\"application\/ld+json\" class=\"yoast-schema-graph\">{\"@context\":\"https:\/\/schema.org\",\"@graph\":[{\"@type\":\"Article\",\"@id\":\"https:\/\/vert-e-s-vd.ch\/morges\/blog\/initiatives-petitions\/petition-pour-une-fiscalite-plus-juste-en-matiere-dexonerations-une-affaire-classee-par-le-grand-conseil#article\",\"isPartOf\":{\"@id\":\"https:\/\/vert-e-s-vd.ch\/morges\/blog\/initiatives-petitions\/petition-pour-une-fiscalite-plus-juste-en-matiere-dexonerations-une-affaire-classee-par-le-grand-conseil\"},\"author\":{\"name\":\"\",\"@id\":\"\"},\"headline\":\"P\u00e9tition pour une fiscalit\u00e9 plus juste en mati\u00e8re d&rsquo;\u00e9xon\u00e9rations? Une affaire class\u00e9e par le Grand Conseil\",\"datePublished\":\"2014-01-27T13:08:36+00:00\",\"dateModified\":\"2021-01-08T11:30:35+00:00\",\"mainEntityOfPage\":{\"@id\":\"https:\/\/vert-e-s-vd.ch\/morges\/blog\/initiatives-petitions\/petition-pour-une-fiscalite-plus-juste-en-matiere-dexonerations-une-affaire-classee-par-le-grand-conseil\"},\"wordCount\":21,\"commentCount\":0,\"articleSection\":[\"Initiatives, p\u00e9titions, etc\"],\"inLanguage\":\"fr-FR\"},{\"@type\":\"WebPage\",\"@id\":\"https:\/\/vert-e-s-vd.ch\/morges\/blog\/initiatives-petitions\/petition-pour-une-fiscalite-plus-juste-en-matiere-dexonerations-une-affaire-classee-par-le-grand-conseil\",\"url\":\"https:\/\/vert-e-s-vd.ch\/morges\/blog\/initiatives-petitions\/petition-pour-une-fiscalite-plus-juste-en-matiere-dexonerations-une-affaire-classee-par-le-grand-conseil\",\"name\":\"P\u00e9tition pour une fiscalit\u00e9 plus juste en mati\u00e8re d'\u00e9xon\u00e9rations? Une affaire class\u00e9e par le Grand Conseil - Les Vert\u00b7e\u00b7s du district de Morges\",\"isPartOf\":{\"@id\":\"https:\/\/vert-e-s-vd.ch\/morges\/#website\"},\"datePublished\":\"2014-01-27T13:08:36+00:00\",\"dateModified\":\"2021-01-08T11:30:35+00:00\",\"author\":{\"@id\":\"\"},\"breadcrumb\":{\"@id\":\"https:\/\/vert-e-s-vd.ch\/morges\/blog\/initiatives-petitions\/petition-pour-une-fiscalite-plus-juste-en-matiere-dexonerations-une-affaire-classee-par-le-grand-conseil#breadcrumb\"},\"inLanguage\":\"fr-FR\",\"potentialAction\":[{\"@type\":\"ReadAction\",\"target\":[\"https:\/\/vert-e-s-vd.ch\/morges\/blog\/initiatives-petitions\/petition-pour-une-fiscalite-plus-juste-en-matiere-dexonerations-une-affaire-classee-par-le-grand-conseil\"]}]},{\"@type\":\"BreadcrumbList\",\"@id\":\"https:\/\/vert-e-s-vd.ch\/morges\/blog\/initiatives-petitions\/petition-pour-une-fiscalite-plus-juste-en-matiere-dexonerations-une-affaire-classee-par-le-grand-conseil#breadcrumb\",\"itemListElement\":[{\"@type\":\"ListItem\",\"position\":1,\"name\":\"Accueil\",\"item\":\"https:\/\/vert-e-s-vd.ch\/morges\/\"},{\"@type\":\"ListItem\",\"position\":2,\"name\":\"Initiatives, p\u00e9titions, etc\",\"item\":\"https:\/\/vert-e-s-vd.ch\/morges\/blog\/category\/initiatives-petitions\"},{\"@type\":\"ListItem\",\"position\":3,\"name\":\"P\u00e9tition pour une fiscalit\u00e9 plus juste en mati\u00e8re d&rsquo;\u00e9xon\u00e9rations? Une affaire class\u00e9e par le Grand Conseil\"}]},{\"@type\":\"WebSite\",\"@id\":\"https:\/\/vert-e-s-vd.ch\/morges\/#website\",\"url\":\"https:\/\/vert-e-s-vd.ch\/morges\/\",\"name\":\"Les Vert\u00b7e\u00b7s du district de Morges\",\"description\":\"Les Vert\u00b7e\u00b7s du district de Morges\",\"potentialAction\":[{\"@type\":\"SearchAction\",\"target\":{\"@type\":\"EntryPoint\",\"urlTemplate\":\"https:\/\/vert-e-s-vd.ch\/morges\/?s={search_term_string}\"},\"query-input\":{\"@type\":\"PropertyValueSpecification\",\"valueRequired\":true,\"valueName\":\"search_term_string\"}}],\"inLanguage\":\"fr-FR\"}]}<\/script>\n<!-- \/ Yoast SEO plugin. -->","yoast_head_json":{"title":"P\u00e9tition pour une fiscalit\u00e9 plus juste en mati\u00e8re d'\u00e9xon\u00e9rations? Une affaire class\u00e9e par le Grand Conseil - Les Vert\u00b7e\u00b7s du district de Morges","robots":{"index":"index","follow":"follow","max-snippet":"max-snippet:-1","max-image-preview":"max-image-preview:large","max-video-preview":"max-video-preview:-1"},"canonical":"https:\/\/vert-e-s-vd.ch\/morges\/blog\/initiatives-petitions\/petition-pour-une-fiscalite-plus-juste-en-matiere-dexonerations-une-affaire-classee-par-le-grand-conseil","og_locale":"fr_FR","og_type":"article","og_title":"P\u00e9tition pour une fiscalit\u00e9 plus juste en mati\u00e8re d'\u00e9xon\u00e9rations? Une affaire class\u00e9e par le Grand Conseil - Les Vert\u00b7e\u00b7s du district de Morges","og_url":"https:\/\/vert-e-s-vd.ch\/morges\/blog\/initiatives-petitions\/petition-pour-une-fiscalite-plus-juste-en-matiere-dexonerations-une-affaire-classee-par-le-grand-conseil","og_site_name":"Les Vert\u00b7e\u00b7s du district de Morges","article_published_time":"2014-01-27T13:08:36+00:00","article_modified_time":"2021-01-08T11:30:35+00:00","twitter_card":"summary_large_image","schema":{"@context":"https:\/\/schema.org","@graph":[{"@type":"Article","@id":"https:\/\/vert-e-s-vd.ch\/morges\/blog\/initiatives-petitions\/petition-pour-une-fiscalite-plus-juste-en-matiere-dexonerations-une-affaire-classee-par-le-grand-conseil#article","isPartOf":{"@id":"https:\/\/vert-e-s-vd.ch\/morges\/blog\/initiatives-petitions\/petition-pour-une-fiscalite-plus-juste-en-matiere-dexonerations-une-affaire-classee-par-le-grand-conseil"},"author":{"name":"","@id":""},"headline":"P\u00e9tition pour une fiscalit\u00e9 plus juste en mati\u00e8re d&rsquo;\u00e9xon\u00e9rations? Une affaire class\u00e9e par le Grand Conseil","datePublished":"2014-01-27T13:08:36+00:00","dateModified":"2021-01-08T11:30:35+00:00","mainEntityOfPage":{"@id":"https:\/\/vert-e-s-vd.ch\/morges\/blog\/initiatives-petitions\/petition-pour-une-fiscalite-plus-juste-en-matiere-dexonerations-une-affaire-classee-par-le-grand-conseil"},"wordCount":21,"commentCount":0,"articleSection":["Initiatives, p\u00e9titions, etc"],"inLanguage":"fr-FR"},{"@type":"WebPage","@id":"https:\/\/vert-e-s-vd.ch\/morges\/blog\/initiatives-petitions\/petition-pour-une-fiscalite-plus-juste-en-matiere-dexonerations-une-affaire-classee-par-le-grand-conseil","url":"https:\/\/vert-e-s-vd.ch\/morges\/blog\/initiatives-petitions\/petition-pour-une-fiscalite-plus-juste-en-matiere-dexonerations-une-affaire-classee-par-le-grand-conseil","name":"P\u00e9tition pour une fiscalit\u00e9 plus juste en mati\u00e8re d'\u00e9xon\u00e9rations? Une affaire class\u00e9e par le Grand Conseil - Les Vert\u00b7e\u00b7s du district de Morges","isPartOf":{"@id":"https:\/\/vert-e-s-vd.ch\/morges\/#website"},"datePublished":"2014-01-27T13:08:36+00:00","dateModified":"2021-01-08T11:30:35+00:00","author":{"@id":""},"breadcrumb":{"@id":"https:\/\/vert-e-s-vd.ch\/morges\/blog\/initiatives-petitions\/petition-pour-une-fiscalite-plus-juste-en-matiere-dexonerations-une-affaire-classee-par-le-grand-conseil#breadcrumb"},"inLanguage":"fr-FR","potentialAction":[{"@type":"ReadAction","target":["https:\/\/vert-e-s-vd.ch\/morges\/blog\/initiatives-petitions\/petition-pour-une-fiscalite-plus-juste-en-matiere-dexonerations-une-affaire-classee-par-le-grand-conseil"]}]},{"@type":"BreadcrumbList","@id":"https:\/\/vert-e-s-vd.ch\/morges\/blog\/initiatives-petitions\/petition-pour-une-fiscalite-plus-juste-en-matiere-dexonerations-une-affaire-classee-par-le-grand-conseil#breadcrumb","itemListElement":[{"@type":"ListItem","position":1,"name":"Accueil","item":"https:\/\/vert-e-s-vd.ch\/morges\/"},{"@type":"ListItem","position":2,"name":"Initiatives, p\u00e9titions, etc","item":"https:\/\/vert-e-s-vd.ch\/morges\/blog\/category\/initiatives-petitions"},{"@type":"ListItem","position":3,"name":"P\u00e9tition pour une fiscalit\u00e9 plus juste en mati\u00e8re d&rsquo;\u00e9xon\u00e9rations? Une affaire class\u00e9e par le Grand Conseil"}]},{"@type":"WebSite","@id":"https:\/\/vert-e-s-vd.ch\/morges\/#website","url":"https:\/\/vert-e-s-vd.ch\/morges\/","name":"Les Vert\u00b7e\u00b7s du district de Morges","description":"Les Vert\u00b7e\u00b7s du district de Morges","potentialAction":[{"@type":"SearchAction","target":{"@type":"EntryPoint","urlTemplate":"https:\/\/vert-e-s-vd.ch\/morges\/?s={search_term_string}"},"query-input":{"@type":"PropertyValueSpecification","valueRequired":true,"valueName":"search_term_string"}}],"inLanguage":"fr-FR"}]}},"_links":{"self":[{"href":"https:\/\/vert-e-s-vd.ch\/morges\/wp-json\/wp\/v2\/posts\/70954","targetHints":{"allow":["GET"]}}],"collection":[{"href":"https:\/\/vert-e-s-vd.ch\/morges\/wp-json\/wp\/v2\/posts"}],"about":[{"href":"https:\/\/vert-e-s-vd.ch\/morges\/wp-json\/wp\/v2\/types\/post"}],"replies":[{"embeddable":true,"href":"https:\/\/vert-e-s-vd.ch\/morges\/wp-json\/wp\/v2\/comments?post=70954"}],"version-history":[{"count":1,"href":"https:\/\/vert-e-s-vd.ch\/morges\/wp-json\/wp\/v2\/posts\/70954\/revisions"}],"predecessor-version":[{"id":71118,"href":"https:\/\/vert-e-s-vd.ch\/morges\/wp-json\/wp\/v2\/posts\/70954\/revisions\/71118"}],"wp:attachment":[{"href":"https:\/\/vert-e-s-vd.ch\/morges\/wp-json\/wp\/v2\/media?parent=70954"}],"wp:term":[{"taxonomy":"category","embeddable":true,"href":"https:\/\/vert-e-s-vd.ch\/morges\/wp-json\/wp\/v2\/categories?post=70954"},{"taxonomy":"post_tag","embeddable":true,"href":"https:\/\/vert-e-s-vd.ch\/morges\/wp-json\/wp\/v2\/tags?post=70954"}],"curies":[{"name":"wp","href":"https:\/\/api.w.org\/{rel}","templated":true}]}}