{"id":703,"date":"2016-05-12T10:19:52","date_gmt":"2016-05-12T08:19:52","guid":{"rendered":"https:\/\/vert-e-s-vd.ch\/morges\/?p=703"},"modified":"2021-01-08T12:30:27","modified_gmt":"2021-01-08T11:30:27","slug":"echos-du-conseil-du-11-mai-2016","status":"publish","type":"post","link":"https:\/\/vert-e-s-vd.ch\/morges\/blog\/non-classe\/echos-du-conseil-du-11-mai-2016","title":{"rendered":"\u00c9chos du Conseil du 11 mai 2016"},"content":{"rendered":"","protected":false},"excerpt":{"rendered":"","protected":false},"author":3,"featured_media":0,"comment_status":"closed","ping_status":"closed","sticky":false,"template":"","format":"standard","meta":{"_acf_changed":false,"inline_featured_image":false,"footnotes":""},"categories":[395,1],"tags":[494,400,432,324,343,495,409,496,497,360,498,499,327,500,501,502,411],"class_list":["post-703","post","type-post","status-publish","format-standard","hentry","category-echos_morges","category-non-classe","tag-alimentation-saine","tag-beausobre","tag-circulation","tag-conseil-communal","tag-culture","tag-enfants","tag-morges","tag-plr","tag-politique-culturelle","tag-poste","tag-sante","tag-scolaire","tag-securite","tag-services-publics","tag-sport","tag-vegetarisme","tag-verts"],"acf":[],"yoast_head":"<!-- This site is optimized with the Yoast SEO plugin v26.9 - https:\/\/yoast.com\/product\/yoast-seo-wordpress\/ -->\n<title>\u00c9chos du Conseil du 11 mai 2016 - Les Vert\u00b7e\u00b7s du district de Morges<\/title>\n<meta name=\"robots\" content=\"index, follow, max-snippet:-1, max-image-preview:large, max-video-preview:-1\" \/>\n<link rel=\"canonical\" href=\"https:\/\/vert-e-s-vd.ch\/morges\/blog\/non-classe\/echos-du-conseil-du-11-mai-2016\" \/>\n<meta property=\"og:locale\" content=\"fr_FR\" \/>\n<meta property=\"og:type\" content=\"article\" \/>\n<meta property=\"og:title\" content=\"\u00c9chos du Conseil du 11 mai 2016 - Les Vert\u00b7e\u00b7s du district de Morges\" \/>\n<meta property=\"og:url\" content=\"https:\/\/vert-e-s-vd.ch\/morges\/blog\/non-classe\/echos-du-conseil-du-11-mai-2016\" \/>\n<meta property=\"og:site_name\" content=\"Les Vert\u00b7e\u00b7s du district de Morges\" \/>\n<meta property=\"article:published_time\" content=\"2016-05-12T08:19:52+00:00\" \/>\n<meta property=\"article:modified_time\" content=\"2021-01-08T11:30:27+00:00\" \/>\n<meta name=\"author\" content=\"anne\" \/>\n<meta name=\"twitter:card\" content=\"summary_large_image\" \/>\n<meta name=\"twitter:label1\" content=\"\u00c9crit par\" \/>\n\t<meta name=\"twitter:data1\" content=\"anne\" \/>\n<script type=\"application\/ld+json\" class=\"yoast-schema-graph\">{\"@context\":\"https:\/\/schema.org\",\"@graph\":[{\"@type\":\"Article\",\"@id\":\"https:\/\/vert-e-s-vd.ch\/morges\/blog\/non-classe\/echos-du-conseil-du-11-mai-2016#article\",\"isPartOf\":{\"@id\":\"https:\/\/vert-e-s-vd.ch\/morges\/blog\/non-classe\/echos-du-conseil-du-11-mai-2016\"},\"author\":{\"name\":\"anne\",\"@id\":\"https:\/\/vert-e-s-vd.ch\/morges\/#\/schema\/person\/37417f96e39e515a5b87cd69a2e0a9b9\"},\"headline\":\"\u00c9chos du Conseil du 11 mai 2016\",\"datePublished\":\"2016-05-12T08:19:52+00:00\",\"dateModified\":\"2021-01-08T11:30:27+00:00\",\"mainEntityOfPage\":{\"@id\":\"https:\/\/vert-e-s-vd.ch\/morges\/blog\/non-classe\/echos-du-conseil-du-11-mai-2016\"},\"wordCount\":5,\"keywords\":[\"alimentation saine\",\"Beausobre\",\"circulation\",\"conseil communal\",\"culture\",\"enfants\",\"Morges\",\"PLR\",\"politique culturelle\",\"poste\",\"sant\u00e9\",\"scolaire\",\"s\u00e9curit\u00e9\",\"services publics\",\"sport\",\"v\u00e9g\u00e9tarisme\",\"verts\"],\"articleSection\":[\"Echos du Conseil communal de Morges\"],\"inLanguage\":\"fr-FR\"},{\"@type\":\"WebPage\",\"@id\":\"https:\/\/vert-e-s-vd.ch\/morges\/blog\/non-classe\/echos-du-conseil-du-11-mai-2016\",\"url\":\"https:\/\/vert-e-s-vd.ch\/morges\/blog\/non-classe\/echos-du-conseil-du-11-mai-2016\",\"name\":\"\u00c9chos du Conseil du 11 mai 2016 - Les Vert\u00b7e\u00b7s du district de Morges\",\"isPartOf\":{\"@id\":\"https:\/\/vert-e-s-vd.ch\/morges\/#website\"},\"datePublished\":\"2016-05-12T08:19:52+00:00\",\"dateModified\":\"2021-01-08T11:30:27+00:00\",\"author\":{\"@id\":\"https:\/\/vert-e-s-vd.ch\/morges\/#\/schema\/person\/37417f96e39e515a5b87cd69a2e0a9b9\"},\"breadcrumb\":{\"@id\":\"https:\/\/vert-e-s-vd.ch\/morges\/blog\/non-classe\/echos-du-conseil-du-11-mai-2016#breadcrumb\"},\"inLanguage\":\"fr-FR\",\"potentialAction\":[{\"@type\":\"ReadAction\",\"target\":[\"https:\/\/vert-e-s-vd.ch\/morges\/blog\/non-classe\/echos-du-conseil-du-11-mai-2016\"]}]},{\"@type\":\"BreadcrumbList\",\"@id\":\"https:\/\/vert-e-s-vd.ch\/morges\/blog\/non-classe\/echos-du-conseil-du-11-mai-2016#breadcrumb\",\"itemListElement\":[{\"@type\":\"ListItem\",\"position\":1,\"name\":\"Accueil\",\"item\":\"https:\/\/vert-e-s-vd.ch\/morges\/\"},{\"@type\":\"ListItem\",\"position\":2,\"name\":\"Non class\u00e9\",\"item\":\"https:\/\/vert-e-s-vd.ch\/morges\/blog\/category\/non-classe\"},{\"@type\":\"ListItem\",\"position\":3,\"name\":\"\u00c9chos du Conseil du 11 mai 2016\"}]},{\"@type\":\"WebSite\",\"@id\":\"https:\/\/vert-e-s-vd.ch\/morges\/#website\",\"url\":\"https:\/\/vert-e-s-vd.ch\/morges\/\",\"name\":\"Les Vert\u00b7e\u00b7s du district de Morges\",\"description\":\"Les Vert\u00b7e\u00b7s du district de Morges\",\"potentialAction\":[{\"@type\":\"SearchAction\",\"target\":{\"@type\":\"EntryPoint\",\"urlTemplate\":\"https:\/\/vert-e-s-vd.ch\/morges\/?s={search_term_string}\"},\"query-input\":{\"@type\":\"PropertyValueSpecification\",\"valueRequired\":true,\"valueName\":\"search_term_string\"}}],\"inLanguage\":\"fr-FR\"},{\"@type\":\"Person\",\"@id\":\"https:\/\/vert-e-s-vd.ch\/morges\/#\/schema\/person\/37417f96e39e515a5b87cd69a2e0a9b9\",\"name\":\"anne\",\"image\":{\"@type\":\"ImageObject\",\"inLanguage\":\"fr-FR\",\"@id\":\"https:\/\/vert-e-s-vd.ch\/morges\/#\/schema\/person\/image\/\",\"url\":\"https:\/\/secure.gravatar.com\/avatar\/0570858af84b31d095da3690f5a9966acd8cb2fe533763d24c6510190b6cd0ec?s=96&d=mm&r=g\",\"contentUrl\":\"https:\/\/secure.gravatar.com\/avatar\/0570858af84b31d095da3690f5a9966acd8cb2fe533763d24c6510190b6cd0ec?s=96&d=mm&r=g\",\"caption\":\"anne\"}}]}<\/script>\n<!-- \/ Yoast SEO plugin. -->","yoast_head_json":{"title":"\u00c9chos du Conseil du 11 mai 2016 - Les Vert\u00b7e\u00b7s du district de Morges","robots":{"index":"index","follow":"follow","max-snippet":"max-snippet:-1","max-image-preview":"max-image-preview:large","max-video-preview":"max-video-preview:-1"},"canonical":"https:\/\/vert-e-s-vd.ch\/morges\/blog\/non-classe\/echos-du-conseil-du-11-mai-2016","og_locale":"fr_FR","og_type":"article","og_title":"\u00c9chos du Conseil du 11 mai 2016 - Les Vert\u00b7e\u00b7s du district de Morges","og_url":"https:\/\/vert-e-s-vd.ch\/morges\/blog\/non-classe\/echos-du-conseil-du-11-mai-2016","og_site_name":"Les Vert\u00b7e\u00b7s du district de Morges","article_published_time":"2016-05-12T08:19:52+00:00","article_modified_time":"2021-01-08T11:30:27+00:00","author":"anne","twitter_card":"summary_large_image","twitter_misc":{"\u00c9crit par":"anne"},"schema":{"@context":"https:\/\/schema.org","@graph":[{"@type":"Article","@id":"https:\/\/vert-e-s-vd.ch\/morges\/blog\/non-classe\/echos-du-conseil-du-11-mai-2016#article","isPartOf":{"@id":"https:\/\/vert-e-s-vd.ch\/morges\/blog\/non-classe\/echos-du-conseil-du-11-mai-2016"},"author":{"name":"anne","@id":"https:\/\/vert-e-s-vd.ch\/morges\/#\/schema\/person\/37417f96e39e515a5b87cd69a2e0a9b9"},"headline":"\u00c9chos du Conseil du 11 mai 2016","datePublished":"2016-05-12T08:19:52+00:00","dateModified":"2021-01-08T11:30:27+00:00","mainEntityOfPage":{"@id":"https:\/\/vert-e-s-vd.ch\/morges\/blog\/non-classe\/echos-du-conseil-du-11-mai-2016"},"wordCount":5,"keywords":["alimentation saine","Beausobre","circulation","conseil communal","culture","enfants","Morges","PLR","politique culturelle","poste","sant\u00e9","scolaire","s\u00e9curit\u00e9","services publics","sport","v\u00e9g\u00e9tarisme","verts"],"articleSection":["Echos du Conseil communal de Morges"],"inLanguage":"fr-FR"},{"@type":"WebPage","@id":"https:\/\/vert-e-s-vd.ch\/morges\/blog\/non-classe\/echos-du-conseil-du-11-mai-2016","url":"https:\/\/vert-e-s-vd.ch\/morges\/blog\/non-classe\/echos-du-conseil-du-11-mai-2016","name":"\u00c9chos du Conseil du 11 mai 2016 - Les Vert\u00b7e\u00b7s du district de Morges","isPartOf":{"@id":"https:\/\/vert-e-s-vd.ch\/morges\/#website"},"datePublished":"2016-05-12T08:19:52+00:00","dateModified":"2021-01-08T11:30:27+00:00","author":{"@id":"https:\/\/vert-e-s-vd.ch\/morges\/#\/schema\/person\/37417f96e39e515a5b87cd69a2e0a9b9"},"breadcrumb":{"@id":"https:\/\/vert-e-s-vd.ch\/morges\/blog\/non-classe\/echos-du-conseil-du-11-mai-2016#breadcrumb"},"inLanguage":"fr-FR","potentialAction":[{"@type":"ReadAction","target":["https:\/\/vert-e-s-vd.ch\/morges\/blog\/non-classe\/echos-du-conseil-du-11-mai-2016"]}]},{"@type":"BreadcrumbList","@id":"https:\/\/vert-e-s-vd.ch\/morges\/blog\/non-classe\/echos-du-conseil-du-11-mai-2016#breadcrumb","itemListElement":[{"@type":"ListItem","position":1,"name":"Accueil","item":"https:\/\/vert-e-s-vd.ch\/morges\/"},{"@type":"ListItem","position":2,"name":"Non class\u00e9","item":"https:\/\/vert-e-s-vd.ch\/morges\/blog\/category\/non-classe"},{"@type":"ListItem","position":3,"name":"\u00c9chos du Conseil du 11 mai 2016"}]},{"@type":"WebSite","@id":"https:\/\/vert-e-s-vd.ch\/morges\/#website","url":"https:\/\/vert-e-s-vd.ch\/morges\/","name":"Les Vert\u00b7e\u00b7s du district de Morges","description":"Les Vert\u00b7e\u00b7s du district de Morges","potentialAction":[{"@type":"SearchAction","target":{"@type":"EntryPoint","urlTemplate":"https:\/\/vert-e-s-vd.ch\/morges\/?s={search_term_string}"},"query-input":{"@type":"PropertyValueSpecification","valueRequired":true,"valueName":"search_term_string"}}],"inLanguage":"fr-FR"},{"@type":"Person","@id":"https:\/\/vert-e-s-vd.ch\/morges\/#\/schema\/person\/37417f96e39e515a5b87cd69a2e0a9b9","name":"anne","image":{"@type":"ImageObject","inLanguage":"fr-FR","@id":"https:\/\/vert-e-s-vd.ch\/morges\/#\/schema\/person\/image\/","url":"https:\/\/secure.gravatar.com\/avatar\/0570858af84b31d095da3690f5a9966acd8cb2fe533763d24c6510190b6cd0ec?s=96&d=mm&r=g","contentUrl":"https:\/\/secure.gravatar.com\/avatar\/0570858af84b31d095da3690f5a9966acd8cb2fe533763d24c6510190b6cd0ec?s=96&d=mm&r=g","caption":"anne"}}]}},"_links":{"self":[{"href":"https:\/\/vert-e-s-vd.ch\/morges\/wp-json\/wp\/v2\/posts\/703","targetHints":{"allow":["GET"]}}],"collection":[{"href":"https:\/\/vert-e-s-vd.ch\/morges\/wp-json\/wp\/v2\/posts"}],"about":[{"href":"https:\/\/vert-e-s-vd.ch\/morges\/wp-json\/wp\/v2\/types\/post"}],"author":[{"embeddable":true,"href":"https:\/\/vert-e-s-vd.ch\/morges\/wp-json\/wp\/v2\/users\/3"}],"replies":[{"embeddable":true,"href":"https:\/\/vert-e-s-vd.ch\/morges\/wp-json\/wp\/v2\/comments?post=703"}],"version-history":[{"count":6,"href":"https:\/\/vert-e-s-vd.ch\/morges\/wp-json\/wp\/v2\/posts\/703\/revisions"}],"predecessor-version":[{"id":71549,"href":"https:\/\/vert-e-s-vd.ch\/morges\/wp-json\/wp\/v2\/posts\/703\/revisions\/71549"}],"wp:attachment":[{"href":"https:\/\/vert-e-s-vd.ch\/morges\/wp-json\/wp\/v2\/media?parent=703"}],"wp:term":[{"taxonomy":"category","embeddable":true,"href":"https:\/\/vert-e-s-vd.ch\/morges\/wp-json\/wp\/v2\/categories?post=703"},{"taxonomy":"post_tag","embeddable":true,"href":"https:\/\/vert-e-s-vd.ch\/morges\/wp-json\/wp\/v2\/tags?post=703"}],"curies":[{"name":"wp","href":"https:\/\/api.w.org\/{rel}","templated":true}]}}