{"id":654,"date":"2016-03-21T10:16:06","date_gmt":"2016-03-21T09:16:06","guid":{"rendered":"https:\/\/vert-e-s-vd.ch\/morges\/?p=654"},"modified":"2021-01-08T12:30:27","modified_gmt":"2021-01-08T11:30:27","slug":"sylvie-podio-est-reelue-municipale","status":"publish","type":"post","link":"https:\/\/vert-e-s-vd.ch\/morges\/blog\/non-classe\/sylvie-podio-est-reelue-municipale","title":{"rendered":"Sylvie Podio est r\u00e9\u00e9lue Municipale"},"content":{"rendered":"","protected":false},"excerpt":{"rendered":"","protected":false},"author":0,"featured_media":646,"comment_status":"open","ping_status":"open","sticky":false,"template":"","format":"standard","meta":{"_acf_changed":false,"inline_featured_image":false,"footnotes":""},"categories":[1],"tags":[479,444,409,480,381,481,482,483],"class_list":["post-654","post","type-post","status-publish","format-standard","has-post-thumbnail","hentry","category-non-classe","tag-democratie","tag-elections","tag-morges","tag-municipales","tag-municipalite","tag-parite","tag-resultats","tag-sylvie-podio"],"acf":[],"yoast_head":"<!-- This site is optimized with the Yoast SEO plugin v26.9 - https:\/\/yoast.com\/product\/yoast-seo-wordpress\/ -->\n<title>Sylvie Podio est r\u00e9\u00e9lue Municipale - Les Vert\u00b7e\u00b7s du district de Morges<\/title>\n<meta name=\"robots\" content=\"index, follow, max-snippet:-1, max-image-preview:large, max-video-preview:-1\" \/>\n<link rel=\"canonical\" href=\"https:\/\/vert-e-s-vd.ch\/morges\/blog\/non-classe\/sylvie-podio-est-reelue-municipale\" \/>\n<meta property=\"og:locale\" content=\"fr_FR\" \/>\n<meta property=\"og:type\" content=\"article\" \/>\n<meta property=\"og:title\" content=\"Sylvie Podio est r\u00e9\u00e9lue Municipale - Les Vert\u00b7e\u00b7s du district de Morges\" \/>\n<meta property=\"og:url\" content=\"https:\/\/vert-e-s-vd.ch\/morges\/blog\/non-classe\/sylvie-podio-est-reelue-municipale\" \/>\n<meta property=\"og:site_name\" content=\"Les Vert\u00b7e\u00b7s du district de Morges\" \/>\n<meta property=\"article:published_time\" content=\"2016-03-21T09:16:06+00:00\" \/>\n<meta property=\"article:modified_time\" content=\"2021-01-08T11:30:27+00:00\" \/>\n<meta property=\"og:image\" content=\"https:\/\/vert-e-s-vd.ch\/morges\/wp-content\/uploads\/sites\/8\/2018\/02\/riviera-flyer-LAT-A5-1200x0-c-default.jpg\" \/>\n\t<meta property=\"og:image:width\" content=\"1200\" \/>\n\t<meta property=\"og:image:height\" content=\"1677\" \/>\n\t<meta property=\"og:image:type\" content=\"image\/jpeg\" \/>\n<meta name=\"twitter:card\" content=\"summary_large_image\" \/>\n<script type=\"application\/ld+json\" class=\"yoast-schema-graph\">{\"@context\":\"https:\/\/schema.org\",\"@graph\":[{\"@type\":\"Article\",\"@id\":\"https:\/\/vert-e-s-vd.ch\/morges\/blog\/non-classe\/sylvie-podio-est-reelue-municipale#article\",\"isPartOf\":{\"@id\":\"https:\/\/vert-e-s-vd.ch\/morges\/blog\/non-classe\/sylvie-podio-est-reelue-municipale\"},\"author\":{\"name\":\"\",\"@id\":\"\"},\"headline\":\"Sylvie Podio est r\u00e9\u00e9lue Municipale\",\"datePublished\":\"2016-03-21T09:16:06+00:00\",\"dateModified\":\"2021-01-08T11:30:27+00:00\",\"mainEntityOfPage\":{\"@id\":\"https:\/\/vert-e-s-vd.ch\/morges\/blog\/non-classe\/sylvie-podio-est-reelue-municipale\"},\"wordCount\":6,\"commentCount\":0,\"image\":{\"@id\":\"https:\/\/vert-e-s-vd.ch\/morges\/blog\/non-classe\/sylvie-podio-est-reelue-municipale#primaryimage\"},\"thumbnailUrl\":\"https:\/\/vert-e-s-vd.ch\/morges\/wp-content\/uploads\/sites\/8\/2018\/02\/riviera-flyer-LAT-A5-2560x0-c-default.jpg\",\"keywords\":[\"d\u00e9mocratie\",\"elections\",\"Morges\",\"municipales\",\"municipalit\u00e9\",\"parit\u00e9\",\"r\u00e9sultats\",\"Sylvie Podio\"],\"inLanguage\":\"fr-FR\"},{\"@type\":\"WebPage\",\"@id\":\"https:\/\/vert-e-s-vd.ch\/morges\/blog\/non-classe\/sylvie-podio-est-reelue-municipale\",\"url\":\"https:\/\/vert-e-s-vd.ch\/morges\/blog\/non-classe\/sylvie-podio-est-reelue-municipale\",\"name\":\"Sylvie Podio est r\u00e9\u00e9lue Municipale - Les Vert\u00b7e\u00b7s du district de Morges\",\"isPartOf\":{\"@id\":\"https:\/\/vert-e-s-vd.ch\/morges\/#website\"},\"primaryImageOfPage\":{\"@id\":\"https:\/\/vert-e-s-vd.ch\/morges\/blog\/non-classe\/sylvie-podio-est-reelue-municipale#primaryimage\"},\"image\":{\"@id\":\"https:\/\/vert-e-s-vd.ch\/morges\/blog\/non-classe\/sylvie-podio-est-reelue-municipale#primaryimage\"},\"thumbnailUrl\":\"https:\/\/vert-e-s-vd.ch\/morges\/wp-content\/uploads\/sites\/8\/2018\/02\/riviera-flyer-LAT-A5-2560x0-c-default.jpg\",\"datePublished\":\"2016-03-21T09:16:06+00:00\",\"dateModified\":\"2021-01-08T11:30:27+00:00\",\"author\":{\"@id\":\"\"},\"breadcrumb\":{\"@id\":\"https:\/\/vert-e-s-vd.ch\/morges\/blog\/non-classe\/sylvie-podio-est-reelue-municipale#breadcrumb\"},\"inLanguage\":\"fr-FR\",\"potentialAction\":[{\"@type\":\"ReadAction\",\"target\":[\"https:\/\/vert-e-s-vd.ch\/morges\/blog\/non-classe\/sylvie-podio-est-reelue-municipale\"]}]},{\"@type\":\"ImageObject\",\"inLanguage\":\"fr-FR\",\"@id\":\"https:\/\/vert-e-s-vd.ch\/morges\/blog\/non-classe\/sylvie-podio-est-reelue-municipale#primaryimage\",\"url\":\"https:\/\/vert-e-s-vd.ch\/morges\/wp-content\/uploads\/sites\/8\/2018\/02\/riviera-flyer-LAT-A5-2560x0-c-default.jpg\",\"contentUrl\":\"https:\/\/vert-e-s-vd.ch\/morges\/wp-content\/uploads\/sites\/8\/2018\/02\/riviera-flyer-LAT-A5-2560x0-c-default.jpg\",\"width\":921,\"height\":1287},{\"@type\":\"BreadcrumbList\",\"@id\":\"https:\/\/vert-e-s-vd.ch\/morges\/blog\/non-classe\/sylvie-podio-est-reelue-municipale#breadcrumb\",\"itemListElement\":[{\"@type\":\"ListItem\",\"position\":1,\"name\":\"Accueil\",\"item\":\"https:\/\/vert-e-s-vd.ch\/morges\/\"},{\"@type\":\"ListItem\",\"position\":2,\"name\":\"Non class\u00e9\",\"item\":\"https:\/\/vert-e-s-vd.ch\/morges\/blog\/category\/non-classe\"},{\"@type\":\"ListItem\",\"position\":3,\"name\":\"Sylvie Podio est r\u00e9\u00e9lue Municipale\"}]},{\"@type\":\"WebSite\",\"@id\":\"https:\/\/vert-e-s-vd.ch\/morges\/#website\",\"url\":\"https:\/\/vert-e-s-vd.ch\/morges\/\",\"name\":\"Les Vert\u00b7e\u00b7s du district de Morges\",\"description\":\"Les Vert\u00b7e\u00b7s du district de Morges\",\"potentialAction\":[{\"@type\":\"SearchAction\",\"target\":{\"@type\":\"EntryPoint\",\"urlTemplate\":\"https:\/\/vert-e-s-vd.ch\/morges\/?s={search_term_string}\"},\"query-input\":{\"@type\":\"PropertyValueSpecification\",\"valueRequired\":true,\"valueName\":\"search_term_string\"}}],\"inLanguage\":\"fr-FR\"}]}<\/script>\n<!-- \/ Yoast SEO plugin. -->","yoast_head_json":{"title":"Sylvie Podio est r\u00e9\u00e9lue Municipale - Les Vert\u00b7e\u00b7s du district de Morges","robots":{"index":"index","follow":"follow","max-snippet":"max-snippet:-1","max-image-preview":"max-image-preview:large","max-video-preview":"max-video-preview:-1"},"canonical":"https:\/\/vert-e-s-vd.ch\/morges\/blog\/non-classe\/sylvie-podio-est-reelue-municipale","og_locale":"fr_FR","og_type":"article","og_title":"Sylvie Podio est r\u00e9\u00e9lue Municipale - Les Vert\u00b7e\u00b7s du district de Morges","og_url":"https:\/\/vert-e-s-vd.ch\/morges\/blog\/non-classe\/sylvie-podio-est-reelue-municipale","og_site_name":"Les Vert\u00b7e\u00b7s du district de Morges","article_published_time":"2016-03-21T09:16:06+00:00","article_modified_time":"2021-01-08T11:30:27+00:00","og_image":[{"width":1200,"height":1677,"url":"https:\/\/vert-e-s-vd.ch\/morges\/wp-content\/uploads\/sites\/8\/2018\/02\/riviera-flyer-LAT-A5-1200x0-c-default.jpg","type":"image\/jpeg"}],"twitter_card":"summary_large_image","schema":{"@context":"https:\/\/schema.org","@graph":[{"@type":"Article","@id":"https:\/\/vert-e-s-vd.ch\/morges\/blog\/non-classe\/sylvie-podio-est-reelue-municipale#article","isPartOf":{"@id":"https:\/\/vert-e-s-vd.ch\/morges\/blog\/non-classe\/sylvie-podio-est-reelue-municipale"},"author":{"name":"","@id":""},"headline":"Sylvie Podio est r\u00e9\u00e9lue Municipale","datePublished":"2016-03-21T09:16:06+00:00","dateModified":"2021-01-08T11:30:27+00:00","mainEntityOfPage":{"@id":"https:\/\/vert-e-s-vd.ch\/morges\/blog\/non-classe\/sylvie-podio-est-reelue-municipale"},"wordCount":6,"commentCount":0,"image":{"@id":"https:\/\/vert-e-s-vd.ch\/morges\/blog\/non-classe\/sylvie-podio-est-reelue-municipale#primaryimage"},"thumbnailUrl":"https:\/\/vert-e-s-vd.ch\/morges\/wp-content\/uploads\/sites\/8\/2018\/02\/riviera-flyer-LAT-A5-2560x0-c-default.jpg","keywords":["d\u00e9mocratie","elections","Morges","municipales","municipalit\u00e9","parit\u00e9","r\u00e9sultats","Sylvie Podio"],"inLanguage":"fr-FR"},{"@type":"WebPage","@id":"https:\/\/vert-e-s-vd.ch\/morges\/blog\/non-classe\/sylvie-podio-est-reelue-municipale","url":"https:\/\/vert-e-s-vd.ch\/morges\/blog\/non-classe\/sylvie-podio-est-reelue-municipale","name":"Sylvie Podio est r\u00e9\u00e9lue Municipale - Les Vert\u00b7e\u00b7s du district de Morges","isPartOf":{"@id":"https:\/\/vert-e-s-vd.ch\/morges\/#website"},"primaryImageOfPage":{"@id":"https:\/\/vert-e-s-vd.ch\/morges\/blog\/non-classe\/sylvie-podio-est-reelue-municipale#primaryimage"},"image":{"@id":"https:\/\/vert-e-s-vd.ch\/morges\/blog\/non-classe\/sylvie-podio-est-reelue-municipale#primaryimage"},"thumbnailUrl":"https:\/\/vert-e-s-vd.ch\/morges\/wp-content\/uploads\/sites\/8\/2018\/02\/riviera-flyer-LAT-A5-2560x0-c-default.jpg","datePublished":"2016-03-21T09:16:06+00:00","dateModified":"2021-01-08T11:30:27+00:00","author":{"@id":""},"breadcrumb":{"@id":"https:\/\/vert-e-s-vd.ch\/morges\/blog\/non-classe\/sylvie-podio-est-reelue-municipale#breadcrumb"},"inLanguage":"fr-FR","potentialAction":[{"@type":"ReadAction","target":["https:\/\/vert-e-s-vd.ch\/morges\/blog\/non-classe\/sylvie-podio-est-reelue-municipale"]}]},{"@type":"ImageObject","inLanguage":"fr-FR","@id":"https:\/\/vert-e-s-vd.ch\/morges\/blog\/non-classe\/sylvie-podio-est-reelue-municipale#primaryimage","url":"https:\/\/vert-e-s-vd.ch\/morges\/wp-content\/uploads\/sites\/8\/2018\/02\/riviera-flyer-LAT-A5-2560x0-c-default.jpg","contentUrl":"https:\/\/vert-e-s-vd.ch\/morges\/wp-content\/uploads\/sites\/8\/2018\/02\/riviera-flyer-LAT-A5-2560x0-c-default.jpg","width":921,"height":1287},{"@type":"BreadcrumbList","@id":"https:\/\/vert-e-s-vd.ch\/morges\/blog\/non-classe\/sylvie-podio-est-reelue-municipale#breadcrumb","itemListElement":[{"@type":"ListItem","position":1,"name":"Accueil","item":"https:\/\/vert-e-s-vd.ch\/morges\/"},{"@type":"ListItem","position":2,"name":"Non class\u00e9","item":"https:\/\/vert-e-s-vd.ch\/morges\/blog\/category\/non-classe"},{"@type":"ListItem","position":3,"name":"Sylvie Podio est r\u00e9\u00e9lue Municipale"}]},{"@type":"WebSite","@id":"https:\/\/vert-e-s-vd.ch\/morges\/#website","url":"https:\/\/vert-e-s-vd.ch\/morges\/","name":"Les Vert\u00b7e\u00b7s du district de Morges","description":"Les Vert\u00b7e\u00b7s du district de Morges","potentialAction":[{"@type":"SearchAction","target":{"@type":"EntryPoint","urlTemplate":"https:\/\/vert-e-s-vd.ch\/morges\/?s={search_term_string}"},"query-input":{"@type":"PropertyValueSpecification","valueRequired":true,"valueName":"search_term_string"}}],"inLanguage":"fr-FR"}]}},"_links":{"self":[{"href":"https:\/\/vert-e-s-vd.ch\/morges\/wp-json\/wp\/v2\/posts\/654","targetHints":{"allow":["GET"]}}],"collection":[{"href":"https:\/\/vert-e-s-vd.ch\/morges\/wp-json\/wp\/v2\/posts"}],"about":[{"href":"https:\/\/vert-e-s-vd.ch\/morges\/wp-json\/wp\/v2\/types\/post"}],"replies":[{"embeddable":true,"href":"https:\/\/vert-e-s-vd.ch\/morges\/wp-json\/wp\/v2\/comments?post=654"}],"version-history":[{"count":1,"href":"https:\/\/vert-e-s-vd.ch\/morges\/wp-json\/wp\/v2\/posts\/654\/revisions"}],"predecessor-version":[{"id":71054,"href":"https:\/\/vert-e-s-vd.ch\/morges\/wp-json\/wp\/v2\/posts\/654\/revisions\/71054"}],"wp:featuredmedia":[{"embeddable":true,"href":"https:\/\/vert-e-s-vd.ch\/morges\/wp-json\/wp\/v2\/media\/646"}],"wp:attachment":[{"href":"https:\/\/vert-e-s-vd.ch\/morges\/wp-json\/wp\/v2\/media?parent=654"}],"wp:term":[{"taxonomy":"category","embeddable":true,"href":"https:\/\/vert-e-s-vd.ch\/morges\/wp-json\/wp\/v2\/categories?post=654"},{"taxonomy":"post_tag","embeddable":true,"href":"https:\/\/vert-e-s-vd.ch\/morges\/wp-json\/wp\/v2\/tags?post=654"}],"curies":[{"name":"wp","href":"https:\/\/api.w.org\/{rel}","templated":true}]}}