{"id":506,"date":"2017-01-24T19:45:55","date_gmt":"2017-01-24T18:45:55","guid":{"rendered":"https:\/\/vert-e-s-vd.ch\/riviera-paysdenhaut\/?p=506"},"modified":"2021-01-08T12:30:26","modified_gmt":"2021-01-08T11:30:26","slug":"conference-de-benoit-frund-en-charge-de-la-durabilite-a-lunil","status":"publish","type":"post","link":"https:\/\/vert-e-s-vd.ch\/morges\/blog\/non-classe\/conference-de-benoit-frund-en-charge-de-la-durabilite-a-lunil","title":{"rendered":"Conf\u00e9rence de Beno\u00eet Frund, en charge de la durabilit\u00e9 \u00e0 l&rsquo;UNIL"},"content":{"rendered":"","protected":false},"excerpt":{"rendered":"","protected":false},"author":3,"featured_media":0,"comment_status":"open","ping_status":"open","sticky":false,"template":"","format":"standard","meta":{"_acf_changed":false,"inline_featured_image":false,"footnotes":""},"categories":[1],"tags":[],"class_list":["post-506","post","type-post","status-publish","format-standard","hentry","category-non-classe"],"acf":[],"yoast_head":"<!-- This site is optimized with the Yoast SEO plugin v26.9 - https:\/\/yoast.com\/product\/yoast-seo-wordpress\/ -->\n<title>Conf\u00e9rence de Beno\u00eet Frund, en charge de la durabilit\u00e9 \u00e0 l&#039;UNIL - Les Vert\u00b7e\u00b7s du district de Morges<\/title>\n<meta name=\"robots\" content=\"index, follow, max-snippet:-1, max-image-preview:large, max-video-preview:-1\" \/>\n<link rel=\"canonical\" href=\"https:\/\/vert-e-s-vd.ch\/morges\/blog\/non-classe\/conference-de-benoit-frund-en-charge-de-la-durabilite-a-lunil\" \/>\n<meta property=\"og:locale\" content=\"fr_FR\" \/>\n<meta property=\"og:type\" content=\"article\" \/>\n<meta property=\"og:title\" content=\"Conf\u00e9rence de Beno\u00eet Frund, en charge de la durabilit\u00e9 \u00e0 l&#039;UNIL - Les Vert\u00b7e\u00b7s du district de Morges\" \/>\n<meta property=\"og:url\" content=\"https:\/\/vert-e-s-vd.ch\/morges\/blog\/non-classe\/conference-de-benoit-frund-en-charge-de-la-durabilite-a-lunil\" \/>\n<meta property=\"og:site_name\" content=\"Les Vert\u00b7e\u00b7s du district de Morges\" \/>\n<meta property=\"article:published_time\" content=\"2017-01-24T18:45:55+00:00\" \/>\n<meta property=\"article:modified_time\" content=\"2021-01-08T11:30:26+00:00\" \/>\n<meta name=\"author\" content=\"anne\" \/>\n<meta name=\"twitter:card\" content=\"summary_large_image\" \/>\n<meta name=\"twitter:label1\" content=\"\u00c9crit par\" \/>\n\t<meta name=\"twitter:data1\" content=\"anne\" \/>\n<script type=\"application\/ld+json\" class=\"yoast-schema-graph\">{\"@context\":\"https:\/\/schema.org\",\"@graph\":[{\"@type\":\"Article\",\"@id\":\"https:\/\/vert-e-s-vd.ch\/morges\/blog\/non-classe\/conference-de-benoit-frund-en-charge-de-la-durabilite-a-lunil#article\",\"isPartOf\":{\"@id\":\"https:\/\/vert-e-s-vd.ch\/morges\/blog\/non-classe\/conference-de-benoit-frund-en-charge-de-la-durabilite-a-lunil\"},\"author\":{\"name\":\"anne\",\"@id\":\"https:\/\/vert-e-s-vd.ch\/morges\/#\/schema\/person\/37417f96e39e515a5b87cd69a2e0a9b9\"},\"headline\":\"Conf\u00e9rence de Beno\u00eet Frund, en charge de la durabilit\u00e9 \u00e0 l&rsquo;UNIL\",\"datePublished\":\"2017-01-24T18:45:55+00:00\",\"dateModified\":\"2021-01-08T11:30:26+00:00\",\"mainEntityOfPage\":{\"@id\":\"https:\/\/vert-e-s-vd.ch\/morges\/blog\/non-classe\/conference-de-benoit-frund-en-charge-de-la-durabilite-a-lunil\"},\"wordCount\":13,\"commentCount\":0,\"inLanguage\":\"fr-FR\"},{\"@type\":\"WebPage\",\"@id\":\"https:\/\/vert-e-s-vd.ch\/morges\/blog\/non-classe\/conference-de-benoit-frund-en-charge-de-la-durabilite-a-lunil\",\"url\":\"https:\/\/vert-e-s-vd.ch\/morges\/blog\/non-classe\/conference-de-benoit-frund-en-charge-de-la-durabilite-a-lunil\",\"name\":\"Conf\u00e9rence de Beno\u00eet Frund, en charge de la durabilit\u00e9 \u00e0 l'UNIL - Les Vert\u00b7e\u00b7s du district de Morges\",\"isPartOf\":{\"@id\":\"https:\/\/vert-e-s-vd.ch\/morges\/#website\"},\"datePublished\":\"2017-01-24T18:45:55+00:00\",\"dateModified\":\"2021-01-08T11:30:26+00:00\",\"author\":{\"@id\":\"https:\/\/vert-e-s-vd.ch\/morges\/#\/schema\/person\/37417f96e39e515a5b87cd69a2e0a9b9\"},\"breadcrumb\":{\"@id\":\"https:\/\/vert-e-s-vd.ch\/morges\/blog\/non-classe\/conference-de-benoit-frund-en-charge-de-la-durabilite-a-lunil#breadcrumb\"},\"inLanguage\":\"fr-FR\",\"potentialAction\":[{\"@type\":\"ReadAction\",\"target\":[\"https:\/\/vert-e-s-vd.ch\/morges\/blog\/non-classe\/conference-de-benoit-frund-en-charge-de-la-durabilite-a-lunil\"]}]},{\"@type\":\"BreadcrumbList\",\"@id\":\"https:\/\/vert-e-s-vd.ch\/morges\/blog\/non-classe\/conference-de-benoit-frund-en-charge-de-la-durabilite-a-lunil#breadcrumb\",\"itemListElement\":[{\"@type\":\"ListItem\",\"position\":1,\"name\":\"Accueil\",\"item\":\"https:\/\/vert-e-s-vd.ch\/morges\/\"},{\"@type\":\"ListItem\",\"position\":2,\"name\":\"Non class\u00e9\",\"item\":\"https:\/\/vert-e-s-vd.ch\/morges\/blog\/category\/non-classe\"},{\"@type\":\"ListItem\",\"position\":3,\"name\":\"Conf\u00e9rence de Beno\u00eet Frund, en charge de la durabilit\u00e9 \u00e0 l&rsquo;UNIL\"}]},{\"@type\":\"WebSite\",\"@id\":\"https:\/\/vert-e-s-vd.ch\/morges\/#website\",\"url\":\"https:\/\/vert-e-s-vd.ch\/morges\/\",\"name\":\"Les Vert\u00b7e\u00b7s du district de Morges\",\"description\":\"Les Vert\u00b7e\u00b7s du district de Morges\",\"potentialAction\":[{\"@type\":\"SearchAction\",\"target\":{\"@type\":\"EntryPoint\",\"urlTemplate\":\"https:\/\/vert-e-s-vd.ch\/morges\/?s={search_term_string}\"},\"query-input\":{\"@type\":\"PropertyValueSpecification\",\"valueRequired\":true,\"valueName\":\"search_term_string\"}}],\"inLanguage\":\"fr-FR\"},{\"@type\":\"Person\",\"@id\":\"https:\/\/vert-e-s-vd.ch\/morges\/#\/schema\/person\/37417f96e39e515a5b87cd69a2e0a9b9\",\"name\":\"anne\",\"image\":{\"@type\":\"ImageObject\",\"inLanguage\":\"fr-FR\",\"@id\":\"https:\/\/vert-e-s-vd.ch\/morges\/#\/schema\/person\/image\/\",\"url\":\"https:\/\/secure.gravatar.com\/avatar\/0570858af84b31d095da3690f5a9966acd8cb2fe533763d24c6510190b6cd0ec?s=96&d=mm&r=g\",\"contentUrl\":\"https:\/\/secure.gravatar.com\/avatar\/0570858af84b31d095da3690f5a9966acd8cb2fe533763d24c6510190b6cd0ec?s=96&d=mm&r=g\",\"caption\":\"anne\"}}]}<\/script>\n<!-- \/ Yoast SEO plugin. -->","yoast_head_json":{"title":"Conf\u00e9rence de Beno\u00eet Frund, en charge de la durabilit\u00e9 \u00e0 l'UNIL - Les Vert\u00b7e\u00b7s du district de Morges","robots":{"index":"index","follow":"follow","max-snippet":"max-snippet:-1","max-image-preview":"max-image-preview:large","max-video-preview":"max-video-preview:-1"},"canonical":"https:\/\/vert-e-s-vd.ch\/morges\/blog\/non-classe\/conference-de-benoit-frund-en-charge-de-la-durabilite-a-lunil","og_locale":"fr_FR","og_type":"article","og_title":"Conf\u00e9rence de Beno\u00eet Frund, en charge de la durabilit\u00e9 \u00e0 l'UNIL - Les Vert\u00b7e\u00b7s du district de Morges","og_url":"https:\/\/vert-e-s-vd.ch\/morges\/blog\/non-classe\/conference-de-benoit-frund-en-charge-de-la-durabilite-a-lunil","og_site_name":"Les Vert\u00b7e\u00b7s du district de Morges","article_published_time":"2017-01-24T18:45:55+00:00","article_modified_time":"2021-01-08T11:30:26+00:00","author":"anne","twitter_card":"summary_large_image","twitter_misc":{"\u00c9crit par":"anne"},"schema":{"@context":"https:\/\/schema.org","@graph":[{"@type":"Article","@id":"https:\/\/vert-e-s-vd.ch\/morges\/blog\/non-classe\/conference-de-benoit-frund-en-charge-de-la-durabilite-a-lunil#article","isPartOf":{"@id":"https:\/\/vert-e-s-vd.ch\/morges\/blog\/non-classe\/conference-de-benoit-frund-en-charge-de-la-durabilite-a-lunil"},"author":{"name":"anne","@id":"https:\/\/vert-e-s-vd.ch\/morges\/#\/schema\/person\/37417f96e39e515a5b87cd69a2e0a9b9"},"headline":"Conf\u00e9rence de Beno\u00eet Frund, en charge de la durabilit\u00e9 \u00e0 l&rsquo;UNIL","datePublished":"2017-01-24T18:45:55+00:00","dateModified":"2021-01-08T11:30:26+00:00","mainEntityOfPage":{"@id":"https:\/\/vert-e-s-vd.ch\/morges\/blog\/non-classe\/conference-de-benoit-frund-en-charge-de-la-durabilite-a-lunil"},"wordCount":13,"commentCount":0,"inLanguage":"fr-FR"},{"@type":"WebPage","@id":"https:\/\/vert-e-s-vd.ch\/morges\/blog\/non-classe\/conference-de-benoit-frund-en-charge-de-la-durabilite-a-lunil","url":"https:\/\/vert-e-s-vd.ch\/morges\/blog\/non-classe\/conference-de-benoit-frund-en-charge-de-la-durabilite-a-lunil","name":"Conf\u00e9rence de Beno\u00eet Frund, en charge de la durabilit\u00e9 \u00e0 l'UNIL - Les Vert\u00b7e\u00b7s du district de Morges","isPartOf":{"@id":"https:\/\/vert-e-s-vd.ch\/morges\/#website"},"datePublished":"2017-01-24T18:45:55+00:00","dateModified":"2021-01-08T11:30:26+00:00","author":{"@id":"https:\/\/vert-e-s-vd.ch\/morges\/#\/schema\/person\/37417f96e39e515a5b87cd69a2e0a9b9"},"breadcrumb":{"@id":"https:\/\/vert-e-s-vd.ch\/morges\/blog\/non-classe\/conference-de-benoit-frund-en-charge-de-la-durabilite-a-lunil#breadcrumb"},"inLanguage":"fr-FR","potentialAction":[{"@type":"ReadAction","target":["https:\/\/vert-e-s-vd.ch\/morges\/blog\/non-classe\/conference-de-benoit-frund-en-charge-de-la-durabilite-a-lunil"]}]},{"@type":"BreadcrumbList","@id":"https:\/\/vert-e-s-vd.ch\/morges\/blog\/non-classe\/conference-de-benoit-frund-en-charge-de-la-durabilite-a-lunil#breadcrumb","itemListElement":[{"@type":"ListItem","position":1,"name":"Accueil","item":"https:\/\/vert-e-s-vd.ch\/morges\/"},{"@type":"ListItem","position":2,"name":"Non class\u00e9","item":"https:\/\/vert-e-s-vd.ch\/morges\/blog\/category\/non-classe"},{"@type":"ListItem","position":3,"name":"Conf\u00e9rence de Beno\u00eet Frund, en charge de la durabilit\u00e9 \u00e0 l&rsquo;UNIL"}]},{"@type":"WebSite","@id":"https:\/\/vert-e-s-vd.ch\/morges\/#website","url":"https:\/\/vert-e-s-vd.ch\/morges\/","name":"Les Vert\u00b7e\u00b7s du district de Morges","description":"Les Vert\u00b7e\u00b7s du district de Morges","potentialAction":[{"@type":"SearchAction","target":{"@type":"EntryPoint","urlTemplate":"https:\/\/vert-e-s-vd.ch\/morges\/?s={search_term_string}"},"query-input":{"@type":"PropertyValueSpecification","valueRequired":true,"valueName":"search_term_string"}}],"inLanguage":"fr-FR"},{"@type":"Person","@id":"https:\/\/vert-e-s-vd.ch\/morges\/#\/schema\/person\/37417f96e39e515a5b87cd69a2e0a9b9","name":"anne","image":{"@type":"ImageObject","inLanguage":"fr-FR","@id":"https:\/\/vert-e-s-vd.ch\/morges\/#\/schema\/person\/image\/","url":"https:\/\/secure.gravatar.com\/avatar\/0570858af84b31d095da3690f5a9966acd8cb2fe533763d24c6510190b6cd0ec?s=96&d=mm&r=g","contentUrl":"https:\/\/secure.gravatar.com\/avatar\/0570858af84b31d095da3690f5a9966acd8cb2fe533763d24c6510190b6cd0ec?s=96&d=mm&r=g","caption":"anne"}}]}},"_links":{"self":[{"href":"https:\/\/vert-e-s-vd.ch\/morges\/wp-json\/wp\/v2\/posts\/506","targetHints":{"allow":["GET"]}}],"collection":[{"href":"https:\/\/vert-e-s-vd.ch\/morges\/wp-json\/wp\/v2\/posts"}],"about":[{"href":"https:\/\/vert-e-s-vd.ch\/morges\/wp-json\/wp\/v2\/types\/post"}],"author":[{"embeddable":true,"href":"https:\/\/vert-e-s-vd.ch\/morges\/wp-json\/wp\/v2\/users\/3"}],"replies":[{"embeddable":true,"href":"https:\/\/vert-e-s-vd.ch\/morges\/wp-json\/wp\/v2\/comments?post=506"}],"version-history":[{"count":1,"href":"https:\/\/vert-e-s-vd.ch\/morges\/wp-json\/wp\/v2\/posts\/506\/revisions"}],"predecessor-version":[{"id":70775,"href":"https:\/\/vert-e-s-vd.ch\/morges\/wp-json\/wp\/v2\/posts\/506\/revisions\/70775"}],"wp:attachment":[{"href":"https:\/\/vert-e-s-vd.ch\/morges\/wp-json\/wp\/v2\/media?parent=506"}],"wp:term":[{"taxonomy":"category","embeddable":true,"href":"https:\/\/vert-e-s-vd.ch\/morges\/wp-json\/wp\/v2\/categories?post=506"},{"taxonomy":"post_tag","embeddable":true,"href":"https:\/\/vert-e-s-vd.ch\/morges\/wp-json\/wp\/v2\/tags?post=506"}],"curies":[{"name":"wp","href":"https:\/\/api.w.org\/{rel}","templated":true}]}}