{"id":468,"date":"2016-01-11T12:30:56","date_gmt":"2016-01-11T11:30:56","guid":{"rendered":"https:\/\/vert-e-s-vd.ch\/morges\/?p=468"},"modified":"2021-01-08T12:30:28","modified_gmt":"2021-01-08T11:30:28","slug":"elections-communales-les-verts-morgiens-lancent-leur-campagne","status":"publish","type":"post","link":"https:\/\/vert-e-s-vd.ch\/morges\/blog\/morges\/elections-communales-les-verts-morgiens-lancent-leur-campagne","title":{"rendered":"Elections communales : les verts morgiens lancent leur campagne"},"content":{"rendered":"","protected":false},"excerpt":{"rendered":"","protected":false},"author":0,"featured_media":469,"comment_status":"open","ping_status":"open","sticky":false,"template":"","format":"standard","meta":{"_acf_changed":false,"inline_featured_image":false,"footnotes":""},"categories":[417,441,396],"tags":[456,457,420,458,421,369,377,459,444,337,460,409,461,381,446,462,356,447,328,411],"class_list":["post-468","post","type-post","status-publish","format-standard","has-post-thumbnail","hentry","category-communiques","category-elections-communales-2016","category-morges","tag-456","tag-communales","tag-developpement","tag-diversifiee","tag-durable","tag-ecologie","tag-economie","tag-egalite","tag-elections","tag-environnement","tag-humain","tag-morges","tag-morgien","tag-municipalite","tag-podio","tag-publics","tag-qualite-de-vie","tag-sylvie","tag-transports","tag-verts"],"acf":[],"yoast_head":"<!-- This site is optimized with the Yoast SEO plugin v26.9 - https:\/\/yoast.com\/product\/yoast-seo-wordpress\/ -->\n<title>Elections communales : les verts morgiens lancent leur campagne - Les Vert\u00b7e\u00b7s du district de Morges<\/title>\n<meta name=\"robots\" content=\"index, follow, max-snippet:-1, max-image-preview:large, max-video-preview:-1\" \/>\n<link rel=\"canonical\" href=\"https:\/\/vert-e-s-vd.ch\/morges\/blog\/morges\/elections-communales-les-verts-morgiens-lancent-leur-campagne\" \/>\n<meta property=\"og:locale\" content=\"fr_FR\" \/>\n<meta property=\"og:type\" content=\"article\" \/>\n<meta property=\"og:title\" content=\"Elections communales : les verts morgiens lancent leur campagne - Les Vert\u00b7e\u00b7s du district de Morges\" \/>\n<meta property=\"og:url\" content=\"https:\/\/vert-e-s-vd.ch\/morges\/blog\/morges\/elections-communales-les-verts-morgiens-lancent-leur-campagne\" \/>\n<meta property=\"og:site_name\" content=\"Les Vert\u00b7e\u00b7s du district de Morges\" \/>\n<meta property=\"article:published_time\" content=\"2016-01-11T11:30:56+00:00\" \/>\n<meta property=\"article:modified_time\" content=\"2021-01-08T11:30:28+00:00\" \/>\n<meta property=\"og:image\" content=\"https:\/\/vert-e-s-vd.ch\/morges\/wp-content\/uploads\/sites\/8\/2016\/01\/Affiches_communales_2016_web-1200x0-c-default.png\" \/>\n\t<meta property=\"og:image:width\" content=\"1200\" \/>\n\t<meta property=\"og:image:height\" content=\"578\" \/>\n\t<meta property=\"og:image:type\" content=\"image\/png\" \/>\n<meta name=\"twitter:card\" content=\"summary_large_image\" \/>\n<script type=\"application\/ld+json\" class=\"yoast-schema-graph\">{\"@context\":\"https:\/\/schema.org\",\"@graph\":[{\"@type\":\"Article\",\"@id\":\"https:\/\/vert-e-s-vd.ch\/morges\/blog\/morges\/elections-communales-les-verts-morgiens-lancent-leur-campagne#article\",\"isPartOf\":{\"@id\":\"https:\/\/vert-e-s-vd.ch\/morges\/blog\/morges\/elections-communales-les-verts-morgiens-lancent-leur-campagne\"},\"author\":{\"name\":\"\",\"@id\":\"\"},\"headline\":\"Elections communales : les verts morgiens lancent leur campagne\",\"datePublished\":\"2016-01-11T11:30:56+00:00\",\"dateModified\":\"2021-01-08T11:30:28+00:00\",\"mainEntityOfPage\":{\"@id\":\"https:\/\/vert-e-s-vd.ch\/morges\/blog\/morges\/elections-communales-les-verts-morgiens-lancent-leur-campagne\"},\"wordCount\":8,\"commentCount\":0,\"image\":{\"@id\":\"https:\/\/vert-e-s-vd.ch\/morges\/blog\/morges\/elections-communales-les-verts-morgiens-lancent-leur-campagne#primaryimage\"},\"thumbnailUrl\":\"https:\/\/vert-e-s-vd.ch\/morges\/wp-content\/uploads\/sites\/8\/2016\/01\/Affiches_communales_2016_web-2560x0-c-default.png\",\"keywords\":[\"2016\",\"communales\",\"d\u00e9veloppement\",\"diversifi\u00e9e\",\"durable\",\"\u00e9cologie\",\"\u00e9conomie\",\"\u00e9galit\u00e9\",\"elections\",\"environnement\",\"humain\",\"Morges\",\"morgien\",\"municipalit\u00e9\",\"podio\",\"publics\",\"qualit\u00e9 de vie\",\"sylvie\",\"transports\",\"verts\"],\"articleSection\":[\"Communiqu\u00e9s\",\"\u00c9lections communales 2016\",\"Morges\"],\"inLanguage\":\"fr-FR\"},{\"@type\":\"WebPage\",\"@id\":\"https:\/\/vert-e-s-vd.ch\/morges\/blog\/morges\/elections-communales-les-verts-morgiens-lancent-leur-campagne\",\"url\":\"https:\/\/vert-e-s-vd.ch\/morges\/blog\/morges\/elections-communales-les-verts-morgiens-lancent-leur-campagne\",\"name\":\"Elections communales : les verts morgiens lancent leur campagne - Les Vert\u00b7e\u00b7s du district de Morges\",\"isPartOf\":{\"@id\":\"https:\/\/vert-e-s-vd.ch\/morges\/#website\"},\"primaryImageOfPage\":{\"@id\":\"https:\/\/vert-e-s-vd.ch\/morges\/blog\/morges\/elections-communales-les-verts-morgiens-lancent-leur-campagne#primaryimage\"},\"image\":{\"@id\":\"https:\/\/vert-e-s-vd.ch\/morges\/blog\/morges\/elections-communales-les-verts-morgiens-lancent-leur-campagne#primaryimage\"},\"thumbnailUrl\":\"https:\/\/vert-e-s-vd.ch\/morges\/wp-content\/uploads\/sites\/8\/2016\/01\/Affiches_communales_2016_web-2560x0-c-default.png\",\"datePublished\":\"2016-01-11T11:30:56+00:00\",\"dateModified\":\"2021-01-08T11:30:28+00:00\",\"author\":{\"@id\":\"\"},\"breadcrumb\":{\"@id\":\"https:\/\/vert-e-s-vd.ch\/morges\/blog\/morges\/elections-communales-les-verts-morgiens-lancent-leur-campagne#breadcrumb\"},\"inLanguage\":\"fr-FR\",\"potentialAction\":[{\"@type\":\"ReadAction\",\"target\":[\"https:\/\/vert-e-s-vd.ch\/morges\/blog\/morges\/elections-communales-les-verts-morgiens-lancent-leur-campagne\"]}]},{\"@type\":\"ImageObject\",\"inLanguage\":\"fr-FR\",\"@id\":\"https:\/\/vert-e-s-vd.ch\/morges\/blog\/morges\/elections-communales-les-verts-morgiens-lancent-leur-campagne#primaryimage\",\"url\":\"https:\/\/vert-e-s-vd.ch\/morges\/wp-content\/uploads\/sites\/8\/2016\/01\/Affiches_communales_2016_web-2560x0-c-default.png\",\"contentUrl\":\"https:\/\/vert-e-s-vd.ch\/morges\/wp-content\/uploads\/sites\/8\/2016\/01\/Affiches_communales_2016_web-2560x0-c-default.png\",\"width\":1200,\"height\":578,\"caption\":\"Elections communales 2016 \u00e0 Morges\"},{\"@type\":\"BreadcrumbList\",\"@id\":\"https:\/\/vert-e-s-vd.ch\/morges\/blog\/morges\/elections-communales-les-verts-morgiens-lancent-leur-campagne#breadcrumb\",\"itemListElement\":[{\"@type\":\"ListItem\",\"position\":1,\"name\":\"Accueil\",\"item\":\"https:\/\/vert-e-s-vd.ch\/morges\/\"},{\"@type\":\"ListItem\",\"position\":2,\"name\":\"Actualit\u00e9s\",\"item\":\"https:\/\/vert-e-s-vd.ch\/morges\/blog\/category\/communiques#menu-item-72625\"},{\"@type\":\"ListItem\",\"position\":3,\"name\":\"Elections communales : les verts morgiens lancent leur campagne\"}]},{\"@type\":\"WebSite\",\"@id\":\"https:\/\/vert-e-s-vd.ch\/morges\/#website\",\"url\":\"https:\/\/vert-e-s-vd.ch\/morges\/\",\"name\":\"Les Vert\u00b7e\u00b7s du district de Morges\",\"description\":\"Les Vert\u00b7e\u00b7s du district de Morges\",\"potentialAction\":[{\"@type\":\"SearchAction\",\"target\":{\"@type\":\"EntryPoint\",\"urlTemplate\":\"https:\/\/vert-e-s-vd.ch\/morges\/?s={search_term_string}\"},\"query-input\":{\"@type\":\"PropertyValueSpecification\",\"valueRequired\":true,\"valueName\":\"search_term_string\"}}],\"inLanguage\":\"fr-FR\"}]}<\/script>\n<!-- \/ Yoast SEO plugin. -->","yoast_head_json":{"title":"Elections communales : les verts morgiens lancent leur campagne - Les Vert\u00b7e\u00b7s du district de Morges","robots":{"index":"index","follow":"follow","max-snippet":"max-snippet:-1","max-image-preview":"max-image-preview:large","max-video-preview":"max-video-preview:-1"},"canonical":"https:\/\/vert-e-s-vd.ch\/morges\/blog\/morges\/elections-communales-les-verts-morgiens-lancent-leur-campagne","og_locale":"fr_FR","og_type":"article","og_title":"Elections communales : les verts morgiens lancent leur campagne - Les Vert\u00b7e\u00b7s du district de Morges","og_url":"https:\/\/vert-e-s-vd.ch\/morges\/blog\/morges\/elections-communales-les-verts-morgiens-lancent-leur-campagne","og_site_name":"Les Vert\u00b7e\u00b7s du district de Morges","article_published_time":"2016-01-11T11:30:56+00:00","article_modified_time":"2021-01-08T11:30:28+00:00","og_image":[{"width":1200,"height":578,"url":"https:\/\/vert-e-s-vd.ch\/morges\/wp-content\/uploads\/sites\/8\/2016\/01\/Affiches_communales_2016_web-1200x0-c-default.png","type":"image\/png"}],"twitter_card":"summary_large_image","schema":{"@context":"https:\/\/schema.org","@graph":[{"@type":"Article","@id":"https:\/\/vert-e-s-vd.ch\/morges\/blog\/morges\/elections-communales-les-verts-morgiens-lancent-leur-campagne#article","isPartOf":{"@id":"https:\/\/vert-e-s-vd.ch\/morges\/blog\/morges\/elections-communales-les-verts-morgiens-lancent-leur-campagne"},"author":{"name":"","@id":""},"headline":"Elections communales : les verts morgiens lancent leur campagne","datePublished":"2016-01-11T11:30:56+00:00","dateModified":"2021-01-08T11:30:28+00:00","mainEntityOfPage":{"@id":"https:\/\/vert-e-s-vd.ch\/morges\/blog\/morges\/elections-communales-les-verts-morgiens-lancent-leur-campagne"},"wordCount":8,"commentCount":0,"image":{"@id":"https:\/\/vert-e-s-vd.ch\/morges\/blog\/morges\/elections-communales-les-verts-morgiens-lancent-leur-campagne#primaryimage"},"thumbnailUrl":"https:\/\/vert-e-s-vd.ch\/morges\/wp-content\/uploads\/sites\/8\/2016\/01\/Affiches_communales_2016_web-2560x0-c-default.png","keywords":["2016","communales","d\u00e9veloppement","diversifi\u00e9e","durable","\u00e9cologie","\u00e9conomie","\u00e9galit\u00e9","elections","environnement","humain","Morges","morgien","municipalit\u00e9","podio","publics","qualit\u00e9 de vie","sylvie","transports","verts"],"articleSection":["Communiqu\u00e9s","\u00c9lections communales 2016","Morges"],"inLanguage":"fr-FR"},{"@type":"WebPage","@id":"https:\/\/vert-e-s-vd.ch\/morges\/blog\/morges\/elections-communales-les-verts-morgiens-lancent-leur-campagne","url":"https:\/\/vert-e-s-vd.ch\/morges\/blog\/morges\/elections-communales-les-verts-morgiens-lancent-leur-campagne","name":"Elections communales : les verts morgiens lancent leur campagne - Les Vert\u00b7e\u00b7s du district de Morges","isPartOf":{"@id":"https:\/\/vert-e-s-vd.ch\/morges\/#website"},"primaryImageOfPage":{"@id":"https:\/\/vert-e-s-vd.ch\/morges\/blog\/morges\/elections-communales-les-verts-morgiens-lancent-leur-campagne#primaryimage"},"image":{"@id":"https:\/\/vert-e-s-vd.ch\/morges\/blog\/morges\/elections-communales-les-verts-morgiens-lancent-leur-campagne#primaryimage"},"thumbnailUrl":"https:\/\/vert-e-s-vd.ch\/morges\/wp-content\/uploads\/sites\/8\/2016\/01\/Affiches_communales_2016_web-2560x0-c-default.png","datePublished":"2016-01-11T11:30:56+00:00","dateModified":"2021-01-08T11:30:28+00:00","author":{"@id":""},"breadcrumb":{"@id":"https:\/\/vert-e-s-vd.ch\/morges\/blog\/morges\/elections-communales-les-verts-morgiens-lancent-leur-campagne#breadcrumb"},"inLanguage":"fr-FR","potentialAction":[{"@type":"ReadAction","target":["https:\/\/vert-e-s-vd.ch\/morges\/blog\/morges\/elections-communales-les-verts-morgiens-lancent-leur-campagne"]}]},{"@type":"ImageObject","inLanguage":"fr-FR","@id":"https:\/\/vert-e-s-vd.ch\/morges\/blog\/morges\/elections-communales-les-verts-morgiens-lancent-leur-campagne#primaryimage","url":"https:\/\/vert-e-s-vd.ch\/morges\/wp-content\/uploads\/sites\/8\/2016\/01\/Affiches_communales_2016_web-2560x0-c-default.png","contentUrl":"https:\/\/vert-e-s-vd.ch\/morges\/wp-content\/uploads\/sites\/8\/2016\/01\/Affiches_communales_2016_web-2560x0-c-default.png","width":1200,"height":578,"caption":"Elections communales 2016 \u00e0 Morges"},{"@type":"BreadcrumbList","@id":"https:\/\/vert-e-s-vd.ch\/morges\/blog\/morges\/elections-communales-les-verts-morgiens-lancent-leur-campagne#breadcrumb","itemListElement":[{"@type":"ListItem","position":1,"name":"Accueil","item":"https:\/\/vert-e-s-vd.ch\/morges\/"},{"@type":"ListItem","position":2,"name":"Actualit\u00e9s","item":"https:\/\/vert-e-s-vd.ch\/morges\/blog\/category\/communiques#menu-item-72625"},{"@type":"ListItem","position":3,"name":"Elections communales : les verts morgiens lancent leur campagne"}]},{"@type":"WebSite","@id":"https:\/\/vert-e-s-vd.ch\/morges\/#website","url":"https:\/\/vert-e-s-vd.ch\/morges\/","name":"Les Vert\u00b7e\u00b7s du district de Morges","description":"Les Vert\u00b7e\u00b7s du district de Morges","potentialAction":[{"@type":"SearchAction","target":{"@type":"EntryPoint","urlTemplate":"https:\/\/vert-e-s-vd.ch\/morges\/?s={search_term_string}"},"query-input":{"@type":"PropertyValueSpecification","valueRequired":true,"valueName":"search_term_string"}}],"inLanguage":"fr-FR"}]}},"_links":{"self":[{"href":"https:\/\/vert-e-s-vd.ch\/morges\/wp-json\/wp\/v2\/posts\/468","targetHints":{"allow":["GET"]}}],"collection":[{"href":"https:\/\/vert-e-s-vd.ch\/morges\/wp-json\/wp\/v2\/posts"}],"about":[{"href":"https:\/\/vert-e-s-vd.ch\/morges\/wp-json\/wp\/v2\/types\/post"}],"replies":[{"embeddable":true,"href":"https:\/\/vert-e-s-vd.ch\/morges\/wp-json\/wp\/v2\/comments?post=468"}],"version-history":[{"count":1,"href":"https:\/\/vert-e-s-vd.ch\/morges\/wp-json\/wp\/v2\/posts\/468\/revisions"}],"predecessor-version":[{"id":71063,"href":"https:\/\/vert-e-s-vd.ch\/morges\/wp-json\/wp\/v2\/posts\/468\/revisions\/71063"}],"wp:featuredmedia":[{"embeddable":true,"href":"https:\/\/vert-e-s-vd.ch\/morges\/wp-json\/wp\/v2\/media\/469"}],"wp:attachment":[{"href":"https:\/\/vert-e-s-vd.ch\/morges\/wp-json\/wp\/v2\/media?parent=468"}],"wp:term":[{"taxonomy":"category","embeddable":true,"href":"https:\/\/vert-e-s-vd.ch\/morges\/wp-json\/wp\/v2\/categories?post=468"},{"taxonomy":"post_tag","embeddable":true,"href":"https:\/\/vert-e-s-vd.ch\/morges\/wp-json\/wp\/v2\/tags?post=468"}],"curies":[{"name":"wp","href":"https:\/\/api.w.org\/{rel}","templated":true}]}}