{"id":74423,"date":"2025-10-25T14:46:25","date_gmt":"2025-10-25T12:46:25","guid":{"rendered":"https:\/\/vert-e-s-vd.ch\/lavaux-oron\/?p=74423"},"modified":"2025-10-25T14:58:58","modified_gmt":"2025-10-25T12:58:58","slug":"rejoignez-nous-sur-la-liste-des-vert%c2%b7e%c2%b7s-de-savigny-pour-les-elections-communales-2026","status":"publish","type":"post","link":"https:\/\/vert-e-s-vd.ch\/lavaux-oron\/blog\/savigny\/rejoignez-nous-sur-la-liste-des-vert%c2%b7e%c2%b7s-de-savigny-pour-les-elections-communales-2026","title":{"rendered":"Rejoignez-nous sur la liste des Vert\u00b7e\u00b7s de Savigny pour les \u00e9lections communales 2026"},"content":{"rendered":"","protected":false},"excerpt":{"rendered":"","protected":false},"author":83,"featured_media":0,"comment_status":"closed","ping_status":"closed","sticky":false,"template":"","format":"standard","meta":{"_acf_changed":false,"inline_featured_image":false,"footnotes":""},"categories":[441],"tags":[],"class_list":["post-74423","post","type-post","status-publish","format-standard","hentry","category-savigny"],"acf":[],"yoast_head":"<!-- This site is optimized with the Yoast SEO plugin v26.9 - https:\/\/yoast.com\/product\/yoast-seo-wordpress\/ -->\n<title>Rejoignez-nous sur la liste des Vert\u00b7e\u00b7s de Savigny pour les \u00e9lections communales 2026 - Les VERT.E.S de Lavaux-Oron<\/title>\n<meta name=\"description\" content=\"Vous habitez \u00e0 Savigny, vous partagez nos valeurs \ud83c\udf3b (pr\u00e9servation de notre environnement, pour une \u00e9conomie durable et \u00e9quitable, la justice sociale, une soci\u00e9t\u00e9 inclusive, la solidarit\u00e9...) et vous \u00eates pr\u00eat\u00b7e participer \u00e0 nos cot\u00e9s au d\u00e9veloppement de notre commune ? Alors rejoignez-nous sur la liste des Vert\u00b7e\u00b7s pour les \u00e9lections communales 2026 ! Contactez-nous sans tarder !\" \/>\n<meta name=\"robots\" content=\"index, follow, max-snippet:-1, max-image-preview:large, max-video-preview:-1\" \/>\n<link rel=\"canonical\" href=\"https:\/\/vert-e-s-vd.ch\/lavaux-oron\/blog\/savigny\/rejoignez-nous-sur-la-liste-des-vert\u00b7e\u00b7s-de-savigny-pour-les-elections-communales-2026\" \/>\n<meta property=\"og:locale\" content=\"fr_FR\" \/>\n<meta property=\"og:type\" content=\"article\" \/>\n<meta property=\"og:title\" content=\"Rejoignez-nous sur la liste des Vert\u00b7e\u00b7s de Savigny pour les \u00e9lections communales 2026 - Les VERT.E.S de Lavaux-Oron\" \/>\n<meta property=\"og:description\" content=\"Vous habitez \u00e0 Savigny, vous partagez nos valeurs \ud83c\udf3b (pr\u00e9servation de notre environnement, pour une \u00e9conomie durable et \u00e9quitable, la \u2026\" \/>\n<meta property=\"og:url\" content=\"https:\/\/vert-e-s-vd.ch\/lavaux-oron\/blog\/savigny\/rejoignez-nous-sur-la-liste-des-vert\u00b7e\u00b7s-de-savigny-pour-les-elections-communales-2026\" \/>\n<meta property=\"og:site_name\" content=\"Les VERT.E.S de Lavaux-Oron\" \/>\n<meta property=\"article:published_time\" content=\"2025-10-25T12:46:25+00:00\" \/>\n<meta property=\"article:modified_time\" content=\"2025-10-25T12:58:58+00:00\" \/>\n<meta name=\"author\" content=\"jdbonjour\" \/>\n<meta name=\"twitter:card\" content=\"summary_large_image\" \/>\n<meta name=\"twitter:label1\" content=\"\u00c9crit par\" \/>\n\t<meta name=\"twitter:data1\" content=\"jdbonjour\" \/>\n\t<meta name=\"twitter:label2\" content=\"Dur\u00e9e de lecture estim\u00e9e\" \/>\n\t<meta name=\"twitter:data2\" content=\"1 minute\" \/>\n<script type=\"application\/ld+json\" class=\"yoast-schema-graph\">{\"@context\":\"https:\/\/schema.org\",\"@graph\":[{\"@type\":\"Article\",\"@id\":\"https:\/\/vert-e-s-vd.ch\/lavaux-oron\/blog\/savigny\/rejoignez-nous-sur-la-liste-des-vert%c2%b7e%c2%b7s-de-savigny-pour-les-elections-communales-2026#article\",\"isPartOf\":{\"@id\":\"https:\/\/vert-e-s-vd.ch\/lavaux-oron\/blog\/savigny\/rejoignez-nous-sur-la-liste-des-vert%c2%b7e%c2%b7s-de-savigny-pour-les-elections-communales-2026\"},\"author\":{\"name\":\"jdbonjour\",\"@id\":\"https:\/\/vert-e-s-vd.ch\/lavaux-oron\/#\/schema\/person\/ad248af584384da65350dd9c098bb719\"},\"headline\":\"Rejoignez-nous sur la liste des Vert\u00b7e\u00b7s de Savigny pour les \u00e9lections communales 2026\",\"datePublished\":\"2025-10-25T12:46:25+00:00\",\"dateModified\":\"2025-10-25T12:58:58+00:00\",\"mainEntityOfPage\":{\"@id\":\"https:\/\/vert-e-s-vd.ch\/lavaux-oron\/blog\/savigny\/rejoignez-nous-sur-la-liste-des-vert%c2%b7e%c2%b7s-de-savigny-pour-les-elections-communales-2026\"},\"wordCount\":14,\"articleSection\":[\"Savigny\"],\"inLanguage\":\"fr-FR\"},{\"@type\":\"WebPage\",\"@id\":\"https:\/\/vert-e-s-vd.ch\/lavaux-oron\/blog\/savigny\/rejoignez-nous-sur-la-liste-des-vert%c2%b7e%c2%b7s-de-savigny-pour-les-elections-communales-2026\",\"url\":\"https:\/\/vert-e-s-vd.ch\/lavaux-oron\/blog\/savigny\/rejoignez-nous-sur-la-liste-des-vert%c2%b7e%c2%b7s-de-savigny-pour-les-elections-communales-2026\",\"name\":\"Rejoignez-nous sur la liste des Vert\u00b7e\u00b7s de Savigny pour les \u00e9lections communales 2026 - Les VERT.E.S de Lavaux-Oron\",\"isPartOf\":{\"@id\":\"https:\/\/vert-e-s-vd.ch\/lavaux-oron\/#website\"},\"datePublished\":\"2025-10-25T12:46:25+00:00\",\"dateModified\":\"2025-10-25T12:58:58+00:00\",\"author\":{\"@id\":\"https:\/\/vert-e-s-vd.ch\/lavaux-oron\/#\/schema\/person\/ad248af584384da65350dd9c098bb719\"},\"description\":\"Vous habitez \u00e0 Savigny, vous partagez nos valeurs \ud83c\udf3b (pr\u00e9servation de notre environnement, pour une \u00e9conomie durable et \u00e9quitable, la justice sociale, une soci\u00e9t\u00e9 inclusive, la solidarit\u00e9...) et vous \u00eates pr\u00eat\u00b7e participer \u00e0 nos cot\u00e9s au d\u00e9veloppement de notre commune ? Alors rejoignez-nous sur la liste des Vert\u00b7e\u00b7s pour les \u00e9lections communales 2026 ! Contactez-nous sans tarder !\",\"breadcrumb\":{\"@id\":\"https:\/\/vert-e-s-vd.ch\/lavaux-oron\/blog\/savigny\/rejoignez-nous-sur-la-liste-des-vert%c2%b7e%c2%b7s-de-savigny-pour-les-elections-communales-2026#breadcrumb\"},\"inLanguage\":\"fr-FR\",\"potentialAction\":[{\"@type\":\"ReadAction\",\"target\":[\"https:\/\/vert-e-s-vd.ch\/lavaux-oron\/blog\/savigny\/rejoignez-nous-sur-la-liste-des-vert%c2%b7e%c2%b7s-de-savigny-pour-les-elections-communales-2026\"]}]},{\"@type\":\"BreadcrumbList\",\"@id\":\"https:\/\/vert-e-s-vd.ch\/lavaux-oron\/blog\/savigny\/rejoignez-nous-sur-la-liste-des-vert%c2%b7e%c2%b7s-de-savigny-pour-les-elections-communales-2026#breadcrumb\",\"itemListElement\":[{\"@type\":\"ListItem\",\"position\":1,\"name\":\"Accueil\",\"item\":\"https:\/\/vert-e-s-vd.ch\/lavaux-oron\/\"},{\"@type\":\"ListItem\",\"position\":2,\"name\":\"Dans nos communes \u25bc\",\"item\":\"#menu-item-70867\"},{\"@type\":\"ListItem\",\"position\":3,\"name\":\"Savigny\",\"item\":\"https:\/\/vert-e-s-vd.ch\/lavaux-oron\/blog\/category\/savigny\"},{\"@type\":\"ListItem\",\"position\":4,\"name\":\"Rejoignez-nous sur la liste des Vert\u00b7e\u00b7s de Savigny pour les \u00e9lections communales 2026\"}]},{\"@type\":\"WebSite\",\"@id\":\"https:\/\/vert-e-s-vd.ch\/lavaux-oron\/#website\",\"url\":\"https:\/\/vert-e-s-vd.ch\/lavaux-oron\/\",\"name\":\"Les VERT.E.S de Lavaux-Oron\",\"description\":\"Une longueur d&#039;avance\",\"potentialAction\":[{\"@type\":\"SearchAction\",\"target\":{\"@type\":\"EntryPoint\",\"urlTemplate\":\"https:\/\/vert-e-s-vd.ch\/lavaux-oron\/?s={search_term_string}\"},\"query-input\":{\"@type\":\"PropertyValueSpecification\",\"valueRequired\":true,\"valueName\":\"search_term_string\"}}],\"inLanguage\":\"fr-FR\"},{\"@type\":\"Person\",\"@id\":\"https:\/\/vert-e-s-vd.ch\/lavaux-oron\/#\/schema\/person\/ad248af584384da65350dd9c098bb719\",\"name\":\"jdbonjour\",\"image\":{\"@type\":\"ImageObject\",\"inLanguage\":\"fr-FR\",\"@id\":\"https:\/\/vert-e-s-vd.ch\/lavaux-oron\/#\/schema\/person\/image\/\",\"url\":\"https:\/\/secure.gravatar.com\/avatar\/23a878ff115ffb4770c5c97ab9694311e6f23c51101cfe7a41586df26364887e?s=96&d=mm&r=g\",\"contentUrl\":\"https:\/\/secure.gravatar.com\/avatar\/23a878ff115ffb4770c5c97ab9694311e6f23c51101cfe7a41586df26364887e?s=96&d=mm&r=g\",\"caption\":\"jdbonjour\"}}]}<\/script>\n<!-- \/ Yoast SEO plugin. -->","yoast_head_json":{"title":"Rejoignez-nous sur la liste des Vert\u00b7e\u00b7s de Savigny pour les \u00e9lections communales 2026 - Les VERT.E.S de Lavaux-Oron","description":"Vous habitez \u00e0 Savigny, vous partagez nos valeurs \ud83c\udf3b (pr\u00e9servation de notre environnement, pour une \u00e9conomie durable et \u00e9quitable, la justice sociale, une soci\u00e9t\u00e9 inclusive, la solidarit\u00e9...) et vous \u00eates pr\u00eat\u00b7e participer \u00e0 nos cot\u00e9s au d\u00e9veloppement de notre commune ? Alors rejoignez-nous sur la liste des Vert\u00b7e\u00b7s pour les \u00e9lections communales 2026 ! Contactez-nous sans tarder !","robots":{"index":"index","follow":"follow","max-snippet":"max-snippet:-1","max-image-preview":"max-image-preview:large","max-video-preview":"max-video-preview:-1"},"canonical":"https:\/\/vert-e-s-vd.ch\/lavaux-oron\/blog\/savigny\/rejoignez-nous-sur-la-liste-des-vert\u00b7e\u00b7s-de-savigny-pour-les-elections-communales-2026","og_locale":"fr_FR","og_type":"article","og_title":"Rejoignez-nous sur la liste des Vert\u00b7e\u00b7s de Savigny pour les \u00e9lections communales 2026 - Les VERT.E.S de Lavaux-Oron","og_description":"Vous habitez \u00e0 Savigny, vous partagez nos valeurs \ud83c\udf3b (pr\u00e9servation de notre environnement, pour une \u00e9conomie durable et \u00e9quitable, la \u2026","og_url":"https:\/\/vert-e-s-vd.ch\/lavaux-oron\/blog\/savigny\/rejoignez-nous-sur-la-liste-des-vert\u00b7e\u00b7s-de-savigny-pour-les-elections-communales-2026","og_site_name":"Les VERT.E.S de Lavaux-Oron","article_published_time":"2025-10-25T12:46:25+00:00","article_modified_time":"2025-10-25T12:58:58+00:00","author":"jdbonjour","twitter_card":"summary_large_image","twitter_misc":{"\u00c9crit par":"jdbonjour","Dur\u00e9e de lecture estim\u00e9e":"1 minute"},"schema":{"@context":"https:\/\/schema.org","@graph":[{"@type":"Article","@id":"https:\/\/vert-e-s-vd.ch\/lavaux-oron\/blog\/savigny\/rejoignez-nous-sur-la-liste-des-vert%c2%b7e%c2%b7s-de-savigny-pour-les-elections-communales-2026#article","isPartOf":{"@id":"https:\/\/vert-e-s-vd.ch\/lavaux-oron\/blog\/savigny\/rejoignez-nous-sur-la-liste-des-vert%c2%b7e%c2%b7s-de-savigny-pour-les-elections-communales-2026"},"author":{"name":"jdbonjour","@id":"https:\/\/vert-e-s-vd.ch\/lavaux-oron\/#\/schema\/person\/ad248af584384da65350dd9c098bb719"},"headline":"Rejoignez-nous sur la liste des Vert\u00b7e\u00b7s de Savigny pour les \u00e9lections communales 2026","datePublished":"2025-10-25T12:46:25+00:00","dateModified":"2025-10-25T12:58:58+00:00","mainEntityOfPage":{"@id":"https:\/\/vert-e-s-vd.ch\/lavaux-oron\/blog\/savigny\/rejoignez-nous-sur-la-liste-des-vert%c2%b7e%c2%b7s-de-savigny-pour-les-elections-communales-2026"},"wordCount":14,"articleSection":["Savigny"],"inLanguage":"fr-FR"},{"@type":"WebPage","@id":"https:\/\/vert-e-s-vd.ch\/lavaux-oron\/blog\/savigny\/rejoignez-nous-sur-la-liste-des-vert%c2%b7e%c2%b7s-de-savigny-pour-les-elections-communales-2026","url":"https:\/\/vert-e-s-vd.ch\/lavaux-oron\/blog\/savigny\/rejoignez-nous-sur-la-liste-des-vert%c2%b7e%c2%b7s-de-savigny-pour-les-elections-communales-2026","name":"Rejoignez-nous sur la liste des Vert\u00b7e\u00b7s de Savigny pour les \u00e9lections communales 2026 - Les VERT.E.S de Lavaux-Oron","isPartOf":{"@id":"https:\/\/vert-e-s-vd.ch\/lavaux-oron\/#website"},"datePublished":"2025-10-25T12:46:25+00:00","dateModified":"2025-10-25T12:58:58+00:00","author":{"@id":"https:\/\/vert-e-s-vd.ch\/lavaux-oron\/#\/schema\/person\/ad248af584384da65350dd9c098bb719"},"description":"Vous habitez \u00e0 Savigny, vous partagez nos valeurs \ud83c\udf3b (pr\u00e9servation de notre environnement, pour une \u00e9conomie durable et \u00e9quitable, la justice sociale, une soci\u00e9t\u00e9 inclusive, la solidarit\u00e9...) et vous \u00eates pr\u00eat\u00b7e participer \u00e0 nos cot\u00e9s au d\u00e9veloppement de notre commune ? Alors rejoignez-nous sur la liste des Vert\u00b7e\u00b7s pour les \u00e9lections communales 2026 ! Contactez-nous sans tarder !","breadcrumb":{"@id":"https:\/\/vert-e-s-vd.ch\/lavaux-oron\/blog\/savigny\/rejoignez-nous-sur-la-liste-des-vert%c2%b7e%c2%b7s-de-savigny-pour-les-elections-communales-2026#breadcrumb"},"inLanguage":"fr-FR","potentialAction":[{"@type":"ReadAction","target":["https:\/\/vert-e-s-vd.ch\/lavaux-oron\/blog\/savigny\/rejoignez-nous-sur-la-liste-des-vert%c2%b7e%c2%b7s-de-savigny-pour-les-elections-communales-2026"]}]},{"@type":"BreadcrumbList","@id":"https:\/\/vert-e-s-vd.ch\/lavaux-oron\/blog\/savigny\/rejoignez-nous-sur-la-liste-des-vert%c2%b7e%c2%b7s-de-savigny-pour-les-elections-communales-2026#breadcrumb","itemListElement":[{"@type":"ListItem","position":1,"name":"Accueil","item":"https:\/\/vert-e-s-vd.ch\/lavaux-oron\/"},{"@type":"ListItem","position":2,"name":"Dans nos communes \u25bc","item":"#menu-item-70867"},{"@type":"ListItem","position":3,"name":"Savigny","item":"https:\/\/vert-e-s-vd.ch\/lavaux-oron\/blog\/category\/savigny"},{"@type":"ListItem","position":4,"name":"Rejoignez-nous sur la liste des Vert\u00b7e\u00b7s de Savigny pour les \u00e9lections communales 2026"}]},{"@type":"WebSite","@id":"https:\/\/vert-e-s-vd.ch\/lavaux-oron\/#website","url":"https:\/\/vert-e-s-vd.ch\/lavaux-oron\/","name":"Les VERT.E.S de Lavaux-Oron","description":"Une longueur d&#039;avance","potentialAction":[{"@type":"SearchAction","target":{"@type":"EntryPoint","urlTemplate":"https:\/\/vert-e-s-vd.ch\/lavaux-oron\/?s={search_term_string}"},"query-input":{"@type":"PropertyValueSpecification","valueRequired":true,"valueName":"search_term_string"}}],"inLanguage":"fr-FR"},{"@type":"Person","@id":"https:\/\/vert-e-s-vd.ch\/lavaux-oron\/#\/schema\/person\/ad248af584384da65350dd9c098bb719","name":"jdbonjour","image":{"@type":"ImageObject","inLanguage":"fr-FR","@id":"https:\/\/vert-e-s-vd.ch\/lavaux-oron\/#\/schema\/person\/image\/","url":"https:\/\/secure.gravatar.com\/avatar\/23a878ff115ffb4770c5c97ab9694311e6f23c51101cfe7a41586df26364887e?s=96&d=mm&r=g","contentUrl":"https:\/\/secure.gravatar.com\/avatar\/23a878ff115ffb4770c5c97ab9694311e6f23c51101cfe7a41586df26364887e?s=96&d=mm&r=g","caption":"jdbonjour"}}]}},"_links":{"self":[{"href":"https:\/\/vert-e-s-vd.ch\/lavaux-oron\/wp-json\/wp\/v2\/posts\/74423","targetHints":{"allow":["GET"]}}],"collection":[{"href":"https:\/\/vert-e-s-vd.ch\/lavaux-oron\/wp-json\/wp\/v2\/posts"}],"about":[{"href":"https:\/\/vert-e-s-vd.ch\/lavaux-oron\/wp-json\/wp\/v2\/types\/post"}],"author":[{"embeddable":true,"href":"https:\/\/vert-e-s-vd.ch\/lavaux-oron\/wp-json\/wp\/v2\/users\/83"}],"replies":[{"embeddable":true,"href":"https:\/\/vert-e-s-vd.ch\/lavaux-oron\/wp-json\/wp\/v2\/comments?post=74423"}],"version-history":[{"count":9,"href":"https:\/\/vert-e-s-vd.ch\/lavaux-oron\/wp-json\/wp\/v2\/posts\/74423\/revisions"}],"predecessor-version":[{"id":74433,"href":"https:\/\/vert-e-s-vd.ch\/lavaux-oron\/wp-json\/wp\/v2\/posts\/74423\/revisions\/74433"}],"wp:attachment":[{"href":"https:\/\/vert-e-s-vd.ch\/lavaux-oron\/wp-json\/wp\/v2\/media?parent=74423"}],"wp:term":[{"taxonomy":"category","embeddable":true,"href":"https:\/\/vert-e-s-vd.ch\/lavaux-oron\/wp-json\/wp\/v2\/categories?post=74423"},{"taxonomy":"post_tag","embeddable":true,"href":"https:\/\/vert-e-s-vd.ch\/lavaux-oron\/wp-json\/wp\/v2\/tags?post=74423"}],"curies":[{"name":"wp","href":"https:\/\/api.w.org\/{rel}","templated":true}]}}