{"id":74136,"date":"2025-09-21T20:44:22","date_gmt":"2025-09-21T18:44:22","guid":{"rendered":"https:\/\/vert-e-s-vd.ch\/lavaux-oron\/?p=74136"},"modified":"2025-09-26T00:27:15","modified_gmt":"2025-09-25T22:27:15","slug":"postulat-pour-un-projet-pilote-pour-la-culture-de-vignes-communales-sans-produits-de-synthese-octobre-2023","status":"publish","type":"post","link":"https:\/\/vert-e-s-vd.ch\/lavaux-oron\/blog\/interventions-communales-bourg-en-lavaux\/postulat-pour-un-projet-pilote-pour-la-culture-de-vignes-communales-sans-produits-de-synthese-octobre-2023","title":{"rendered":"Postulat \u00ab\u00a0Pour un projet pilote pour la culture de vignes communales sans produits de synth\u00e8se\u00a0\u00bb &#8211; octobre 2023"},"content":{"rendered":"","protected":false},"excerpt":{"rendered":"","protected":false},"author":83,"featured_media":0,"comment_status":"closed","ping_status":"closed","sticky":false,"template":"","format":"standard","meta":{"_acf_changed":false,"inline_featured_image":false,"footnotes":""},"categories":[466],"tags":[426,594],"class_list":["post-74136","post","type-post","status-publish","format-standard","hentry","category-interventions-communales-bourg-en-lavaux","tag-agriculture-durable","tag-viticulture"],"acf":[],"yoast_head":"<!-- This site is optimized with the Yoast SEO plugin v26.9 - https:\/\/yoast.com\/product\/yoast-seo-wordpress\/ -->\n<title>Postulat \u00ab\u00a0Pour un projet pilote pour la culture de vignes communales sans produits de synth\u00e8se\u00a0\u00bb - octobre 2023 - Les VERT.E.S de Lavaux-Oron<\/title>\n<meta name=\"robots\" content=\"index, follow, max-snippet:-1, max-image-preview:large, max-video-preview:-1\" \/>\n<link rel=\"canonical\" href=\"https:\/\/vert-e-s-vd.ch\/lavaux-oron\/blog\/interventions-communales-bourg-en-lavaux\/postulat-pour-un-projet-pilote-pour-la-culture-de-vignes-communales-sans-produits-de-synthese-octobre-2023\" \/>\n<meta property=\"og:locale\" content=\"fr_FR\" \/>\n<meta property=\"og:type\" content=\"article\" \/>\n<meta property=\"og:title\" content=\"Postulat \u00ab\u00a0Pour un projet pilote pour la culture de vignes communales sans produits de synth\u00e8se\u00a0\u00bb - octobre 2023 - Les VERT.E.S de Lavaux-Oron\" \/>\n<meta property=\"og:url\" content=\"https:\/\/vert-e-s-vd.ch\/lavaux-oron\/blog\/interventions-communales-bourg-en-lavaux\/postulat-pour-un-projet-pilote-pour-la-culture-de-vignes-communales-sans-produits-de-synthese-octobre-2023\" \/>\n<meta property=\"og:site_name\" content=\"Les VERT.E.S de Lavaux-Oron\" \/>\n<meta property=\"article:published_time\" content=\"2025-09-21T18:44:22+00:00\" \/>\n<meta property=\"article:modified_time\" content=\"2025-09-25T22:27:15+00:00\" \/>\n<meta name=\"author\" content=\"jdbonjour\" \/>\n<meta name=\"twitter:card\" content=\"summary_large_image\" \/>\n<meta name=\"twitter:label1\" content=\"\u00c9crit par\" \/>\n\t<meta name=\"twitter:data1\" content=\"jdbonjour\" \/>\n\t<meta name=\"twitter:label2\" content=\"Dur\u00e9e de lecture estim\u00e9e\" \/>\n\t<meta name=\"twitter:data2\" content=\"1 minute\" \/>\n<script type=\"application\/ld+json\" class=\"yoast-schema-graph\">{\"@context\":\"https:\/\/schema.org\",\"@graph\":[{\"@type\":\"Article\",\"@id\":\"https:\/\/vert-e-s-vd.ch\/lavaux-oron\/blog\/interventions-communales-bourg-en-lavaux\/postulat-pour-un-projet-pilote-pour-la-culture-de-vignes-communales-sans-produits-de-synthese-octobre-2023#article\",\"isPartOf\":{\"@id\":\"https:\/\/vert-e-s-vd.ch\/lavaux-oron\/blog\/interventions-communales-bourg-en-lavaux\/postulat-pour-un-projet-pilote-pour-la-culture-de-vignes-communales-sans-produits-de-synthese-octobre-2023\"},\"author\":{\"name\":\"jdbonjour\",\"@id\":\"https:\/\/vert-e-s-vd.ch\/lavaux-oron\/#\/schema\/person\/ad248af584384da65350dd9c098bb719\"},\"headline\":\"Postulat \u00ab\u00a0Pour un projet pilote pour la culture de vignes communales sans produits de synth\u00e8se\u00a0\u00bb &#8211; octobre 2023\",\"datePublished\":\"2025-09-21T18:44:22+00:00\",\"dateModified\":\"2025-09-25T22:27:15+00:00\",\"mainEntityOfPage\":{\"@id\":\"https:\/\/vert-e-s-vd.ch\/lavaux-oron\/blog\/interventions-communales-bourg-en-lavaux\/postulat-pour-un-projet-pilote-pour-la-culture-de-vignes-communales-sans-produits-de-synthese-octobre-2023\"},\"wordCount\":18,\"keywords\":[\"agriculture durable\",\"viticulture\"],\"articleSection\":[\"Interventions communales Bourg-en-Lavaux\"],\"inLanguage\":\"fr-FR\"},{\"@type\":\"WebPage\",\"@id\":\"https:\/\/vert-e-s-vd.ch\/lavaux-oron\/blog\/interventions-communales-bourg-en-lavaux\/postulat-pour-un-projet-pilote-pour-la-culture-de-vignes-communales-sans-produits-de-synthese-octobre-2023\",\"url\":\"https:\/\/vert-e-s-vd.ch\/lavaux-oron\/blog\/interventions-communales-bourg-en-lavaux\/postulat-pour-un-projet-pilote-pour-la-culture-de-vignes-communales-sans-produits-de-synthese-octobre-2023\",\"name\":\"Postulat \u00ab\u00a0Pour un projet pilote pour la culture de vignes communales sans produits de synth\u00e8se\u00a0\u00bb - octobre 2023 - Les VERT.E.S de Lavaux-Oron\",\"isPartOf\":{\"@id\":\"https:\/\/vert-e-s-vd.ch\/lavaux-oron\/#website\"},\"datePublished\":\"2025-09-21T18:44:22+00:00\",\"dateModified\":\"2025-09-25T22:27:15+00:00\",\"author\":{\"@id\":\"https:\/\/vert-e-s-vd.ch\/lavaux-oron\/#\/schema\/person\/ad248af584384da65350dd9c098bb719\"},\"breadcrumb\":{\"@id\":\"https:\/\/vert-e-s-vd.ch\/lavaux-oron\/blog\/interventions-communales-bourg-en-lavaux\/postulat-pour-un-projet-pilote-pour-la-culture-de-vignes-communales-sans-produits-de-synthese-octobre-2023#breadcrumb\"},\"inLanguage\":\"fr-FR\",\"potentialAction\":[{\"@type\":\"ReadAction\",\"target\":[\"https:\/\/vert-e-s-vd.ch\/lavaux-oron\/blog\/interventions-communales-bourg-en-lavaux\/postulat-pour-un-projet-pilote-pour-la-culture-de-vignes-communales-sans-produits-de-synthese-octobre-2023\"]}]},{\"@type\":\"BreadcrumbList\",\"@id\":\"https:\/\/vert-e-s-vd.ch\/lavaux-oron\/blog\/interventions-communales-bourg-en-lavaux\/postulat-pour-un-projet-pilote-pour-la-culture-de-vignes-communales-sans-produits-de-synthese-octobre-2023#breadcrumb\",\"itemListElement\":[{\"@type\":\"ListItem\",\"position\":1,\"name\":\"Accueil\",\"item\":\"https:\/\/vert-e-s-vd.ch\/lavaux-oron\/\"},{\"@type\":\"ListItem\",\"position\":2,\"name\":\"Interventions communales Bourg-en-Lavaux\",\"item\":\"https:\/\/vert-e-s-vd.ch\/lavaux-oron\/blog\/category\/interventions-communales-bourg-en-lavaux\"},{\"@type\":\"ListItem\",\"position\":3,\"name\":\"Postulat \u00ab\u00a0Pour un projet pilote pour la culture de vignes communales sans produits de synth\u00e8se\u00a0\u00bb &#8211; octobre 2023\"}]},{\"@type\":\"WebSite\",\"@id\":\"https:\/\/vert-e-s-vd.ch\/lavaux-oron\/#website\",\"url\":\"https:\/\/vert-e-s-vd.ch\/lavaux-oron\/\",\"name\":\"Les VERT.E.S de Lavaux-Oron\",\"description\":\"Une longueur d&#039;avance\",\"potentialAction\":[{\"@type\":\"SearchAction\",\"target\":{\"@type\":\"EntryPoint\",\"urlTemplate\":\"https:\/\/vert-e-s-vd.ch\/lavaux-oron\/?s={search_term_string}\"},\"query-input\":{\"@type\":\"PropertyValueSpecification\",\"valueRequired\":true,\"valueName\":\"search_term_string\"}}],\"inLanguage\":\"fr-FR\"},{\"@type\":\"Person\",\"@id\":\"https:\/\/vert-e-s-vd.ch\/lavaux-oron\/#\/schema\/person\/ad248af584384da65350dd9c098bb719\",\"name\":\"jdbonjour\",\"image\":{\"@type\":\"ImageObject\",\"inLanguage\":\"fr-FR\",\"@id\":\"https:\/\/vert-e-s-vd.ch\/lavaux-oron\/#\/schema\/person\/image\/\",\"url\":\"https:\/\/secure.gravatar.com\/avatar\/23a878ff115ffb4770c5c97ab9694311e6f23c51101cfe7a41586df26364887e?s=96&d=mm&r=g\",\"contentUrl\":\"https:\/\/secure.gravatar.com\/avatar\/23a878ff115ffb4770c5c97ab9694311e6f23c51101cfe7a41586df26364887e?s=96&d=mm&r=g\",\"caption\":\"jdbonjour\"}}]}<\/script>\n<!-- \/ Yoast SEO plugin. -->","yoast_head_json":{"title":"Postulat \u00ab\u00a0Pour un projet pilote pour la culture de vignes communales sans produits de synth\u00e8se\u00a0\u00bb - octobre 2023 - Les VERT.E.S de Lavaux-Oron","robots":{"index":"index","follow":"follow","max-snippet":"max-snippet:-1","max-image-preview":"max-image-preview:large","max-video-preview":"max-video-preview:-1"},"canonical":"https:\/\/vert-e-s-vd.ch\/lavaux-oron\/blog\/interventions-communales-bourg-en-lavaux\/postulat-pour-un-projet-pilote-pour-la-culture-de-vignes-communales-sans-produits-de-synthese-octobre-2023","og_locale":"fr_FR","og_type":"article","og_title":"Postulat \u00ab\u00a0Pour un projet pilote pour la culture de vignes communales sans produits de synth\u00e8se\u00a0\u00bb - octobre 2023 - Les VERT.E.S de Lavaux-Oron","og_url":"https:\/\/vert-e-s-vd.ch\/lavaux-oron\/blog\/interventions-communales-bourg-en-lavaux\/postulat-pour-un-projet-pilote-pour-la-culture-de-vignes-communales-sans-produits-de-synthese-octobre-2023","og_site_name":"Les VERT.E.S de Lavaux-Oron","article_published_time":"2025-09-21T18:44:22+00:00","article_modified_time":"2025-09-25T22:27:15+00:00","author":"jdbonjour","twitter_card":"summary_large_image","twitter_misc":{"\u00c9crit par":"jdbonjour","Dur\u00e9e de lecture estim\u00e9e":"1 minute"},"schema":{"@context":"https:\/\/schema.org","@graph":[{"@type":"Article","@id":"https:\/\/vert-e-s-vd.ch\/lavaux-oron\/blog\/interventions-communales-bourg-en-lavaux\/postulat-pour-un-projet-pilote-pour-la-culture-de-vignes-communales-sans-produits-de-synthese-octobre-2023#article","isPartOf":{"@id":"https:\/\/vert-e-s-vd.ch\/lavaux-oron\/blog\/interventions-communales-bourg-en-lavaux\/postulat-pour-un-projet-pilote-pour-la-culture-de-vignes-communales-sans-produits-de-synthese-octobre-2023"},"author":{"name":"jdbonjour","@id":"https:\/\/vert-e-s-vd.ch\/lavaux-oron\/#\/schema\/person\/ad248af584384da65350dd9c098bb719"},"headline":"Postulat \u00ab\u00a0Pour un projet pilote pour la culture de vignes communales sans produits de synth\u00e8se\u00a0\u00bb &#8211; octobre 2023","datePublished":"2025-09-21T18:44:22+00:00","dateModified":"2025-09-25T22:27:15+00:00","mainEntityOfPage":{"@id":"https:\/\/vert-e-s-vd.ch\/lavaux-oron\/blog\/interventions-communales-bourg-en-lavaux\/postulat-pour-un-projet-pilote-pour-la-culture-de-vignes-communales-sans-produits-de-synthese-octobre-2023"},"wordCount":18,"keywords":["agriculture durable","viticulture"],"articleSection":["Interventions communales Bourg-en-Lavaux"],"inLanguage":"fr-FR"},{"@type":"WebPage","@id":"https:\/\/vert-e-s-vd.ch\/lavaux-oron\/blog\/interventions-communales-bourg-en-lavaux\/postulat-pour-un-projet-pilote-pour-la-culture-de-vignes-communales-sans-produits-de-synthese-octobre-2023","url":"https:\/\/vert-e-s-vd.ch\/lavaux-oron\/blog\/interventions-communales-bourg-en-lavaux\/postulat-pour-un-projet-pilote-pour-la-culture-de-vignes-communales-sans-produits-de-synthese-octobre-2023","name":"Postulat \u00ab\u00a0Pour un projet pilote pour la culture de vignes communales sans produits de synth\u00e8se\u00a0\u00bb - octobre 2023 - Les VERT.E.S de Lavaux-Oron","isPartOf":{"@id":"https:\/\/vert-e-s-vd.ch\/lavaux-oron\/#website"},"datePublished":"2025-09-21T18:44:22+00:00","dateModified":"2025-09-25T22:27:15+00:00","author":{"@id":"https:\/\/vert-e-s-vd.ch\/lavaux-oron\/#\/schema\/person\/ad248af584384da65350dd9c098bb719"},"breadcrumb":{"@id":"https:\/\/vert-e-s-vd.ch\/lavaux-oron\/blog\/interventions-communales-bourg-en-lavaux\/postulat-pour-un-projet-pilote-pour-la-culture-de-vignes-communales-sans-produits-de-synthese-octobre-2023#breadcrumb"},"inLanguage":"fr-FR","potentialAction":[{"@type":"ReadAction","target":["https:\/\/vert-e-s-vd.ch\/lavaux-oron\/blog\/interventions-communales-bourg-en-lavaux\/postulat-pour-un-projet-pilote-pour-la-culture-de-vignes-communales-sans-produits-de-synthese-octobre-2023"]}]},{"@type":"BreadcrumbList","@id":"https:\/\/vert-e-s-vd.ch\/lavaux-oron\/blog\/interventions-communales-bourg-en-lavaux\/postulat-pour-un-projet-pilote-pour-la-culture-de-vignes-communales-sans-produits-de-synthese-octobre-2023#breadcrumb","itemListElement":[{"@type":"ListItem","position":1,"name":"Accueil","item":"https:\/\/vert-e-s-vd.ch\/lavaux-oron\/"},{"@type":"ListItem","position":2,"name":"Interventions communales Bourg-en-Lavaux","item":"https:\/\/vert-e-s-vd.ch\/lavaux-oron\/blog\/category\/interventions-communales-bourg-en-lavaux"},{"@type":"ListItem","position":3,"name":"Postulat \u00ab\u00a0Pour un projet pilote pour la culture de vignes communales sans produits de synth\u00e8se\u00a0\u00bb &#8211; octobre 2023"}]},{"@type":"WebSite","@id":"https:\/\/vert-e-s-vd.ch\/lavaux-oron\/#website","url":"https:\/\/vert-e-s-vd.ch\/lavaux-oron\/","name":"Les VERT.E.S de Lavaux-Oron","description":"Une longueur d&#039;avance","potentialAction":[{"@type":"SearchAction","target":{"@type":"EntryPoint","urlTemplate":"https:\/\/vert-e-s-vd.ch\/lavaux-oron\/?s={search_term_string}"},"query-input":{"@type":"PropertyValueSpecification","valueRequired":true,"valueName":"search_term_string"}}],"inLanguage":"fr-FR"},{"@type":"Person","@id":"https:\/\/vert-e-s-vd.ch\/lavaux-oron\/#\/schema\/person\/ad248af584384da65350dd9c098bb719","name":"jdbonjour","image":{"@type":"ImageObject","inLanguage":"fr-FR","@id":"https:\/\/vert-e-s-vd.ch\/lavaux-oron\/#\/schema\/person\/image\/","url":"https:\/\/secure.gravatar.com\/avatar\/23a878ff115ffb4770c5c97ab9694311e6f23c51101cfe7a41586df26364887e?s=96&d=mm&r=g","contentUrl":"https:\/\/secure.gravatar.com\/avatar\/23a878ff115ffb4770c5c97ab9694311e6f23c51101cfe7a41586df26364887e?s=96&d=mm&r=g","caption":"jdbonjour"}}]}},"_links":{"self":[{"href":"https:\/\/vert-e-s-vd.ch\/lavaux-oron\/wp-json\/wp\/v2\/posts\/74136","targetHints":{"allow":["GET"]}}],"collection":[{"href":"https:\/\/vert-e-s-vd.ch\/lavaux-oron\/wp-json\/wp\/v2\/posts"}],"about":[{"href":"https:\/\/vert-e-s-vd.ch\/lavaux-oron\/wp-json\/wp\/v2\/types\/post"}],"author":[{"embeddable":true,"href":"https:\/\/vert-e-s-vd.ch\/lavaux-oron\/wp-json\/wp\/v2\/users\/83"}],"replies":[{"embeddable":true,"href":"https:\/\/vert-e-s-vd.ch\/lavaux-oron\/wp-json\/wp\/v2\/comments?post=74136"}],"version-history":[{"count":2,"href":"https:\/\/vert-e-s-vd.ch\/lavaux-oron\/wp-json\/wp\/v2\/posts\/74136\/revisions"}],"predecessor-version":[{"id":74173,"href":"https:\/\/vert-e-s-vd.ch\/lavaux-oron\/wp-json\/wp\/v2\/posts\/74136\/revisions\/74173"}],"wp:attachment":[{"href":"https:\/\/vert-e-s-vd.ch\/lavaux-oron\/wp-json\/wp\/v2\/media?parent=74136"}],"wp:term":[{"taxonomy":"category","embeddable":true,"href":"https:\/\/vert-e-s-vd.ch\/lavaux-oron\/wp-json\/wp\/v2\/categories?post=74136"},{"taxonomy":"post_tag","embeddable":true,"href":"https:\/\/vert-e-s-vd.ch\/lavaux-oron\/wp-json\/wp\/v2\/tags?post=74136"}],"curies":[{"name":"wp","href":"https:\/\/api.w.org\/{rel}","templated":true}]}}