{"id":73574,"date":"2022-12-20T08:05:21","date_gmt":"2022-12-20T07:05:21","guid":{"rendered":"https:\/\/vert-e-s-vd.ch\/lavaux-oron\/?p=73574"},"modified":"2025-10-14T09:08:39","modified_gmt":"2025-10-14T07:08:39","slug":"elaboration-plan-energie-et-climat","status":"publish","type":"post","link":"https:\/\/vert-e-s-vd.ch\/lavaux-oron\/blog\/savigny\/elaboration-plan-energie-et-climat","title":{"rendered":"Savigny s&rsquo;engage dans une d\u00e9marche d&rsquo;\u00e9laboration d&rsquo;un \u00ab\u00a0Plan \u00e9nergie et climat communal\u00a0\u00bb (PECC) &#8211; novembre 2022"},"content":{"rendered":"","protected":false},"excerpt":{"rendered":"","protected":false},"author":56,"featured_media":0,"comment_status":"closed","ping_status":"closed","sticky":false,"template":"","format":"standard","meta":{"_acf_changed":false,"inline_featured_image":false,"footnotes":""},"categories":[463,441],"tags":[523,580,333,505,577],"class_list":["post-73574","post","type-post","status-publish","format-standard","hentry","category-interventions-communales-savigny","category-savigny","tag-demarche-participative","tag-developpement-durable","tag-energie","tag-plan-climat","tag-savigny"],"acf":[],"yoast_head":"<!-- This site is optimized with the Yoast SEO plugin v26.9 - https:\/\/yoast.com\/product\/yoast-seo-wordpress\/ -->\n<title>Savigny s&#039;engage dans une d\u00e9marche d&#039;\u00e9laboration d&#039;un &quot;Plan \u00e9nergie et climat communal&quot; (PECC) - novembre 2022 - Les VERT.E.S de Lavaux-Oron<\/title>\n<meta name=\"description\" content=\"Expos\u00e9s de Jean-Daniel Bonjour et du bureau Eqlosion en s\u00e9ance du Conseil communal le 21 novembre 2022\" \/>\n<meta name=\"robots\" content=\"index, follow, max-snippet:-1, max-image-preview:large, max-video-preview:-1\" \/>\n<link rel=\"canonical\" href=\"https:\/\/vert-e-s-vd.ch\/lavaux-oron\/blog\/savigny\/elaboration-plan-energie-et-climat\" \/>\n<meta property=\"og:locale\" content=\"fr_FR\" \/>\n<meta property=\"og:type\" content=\"article\" \/>\n<meta property=\"og:title\" content=\"Savigny s&#039;engage dans une d\u00e9marche d&#039;\u00e9laboration d&#039;un &quot;Plan \u00e9nergie et climat communal&quot; (PECC) - novembre 2022 - Les VERT.E.S de Lavaux-Oron\" \/>\n<meta property=\"og:description\" content=\"Expos\u00e9s de Jean-Daniel Bonjour et du bureau Eqlosion en s\u00e9ance du Conseil communal le 21 novembre 2022\" \/>\n<meta property=\"og:url\" content=\"https:\/\/vert-e-s-vd.ch\/lavaux-oron\/blog\/savigny\/elaboration-plan-energie-et-climat\" \/>\n<meta property=\"og:site_name\" content=\"Les VERT.E.S de Lavaux-Oron\" \/>\n<meta property=\"article:published_time\" content=\"2022-12-20T07:05:21+00:00\" \/>\n<meta property=\"article:modified_time\" content=\"2025-10-14T07:08:39+00:00\" \/>\n<meta name=\"author\" content=\"yannickklein\" \/>\n<meta name=\"twitter:card\" content=\"summary_large_image\" \/>\n<meta name=\"twitter:label1\" content=\"\u00c9crit par\" \/>\n\t<meta name=\"twitter:data1\" content=\"yannickklein\" \/>\n\t<meta name=\"twitter:label2\" content=\"Dur\u00e9e de lecture estim\u00e9e\" \/>\n\t<meta name=\"twitter:data2\" content=\"4 minutes\" \/>\n<script type=\"application\/ld+json\" class=\"yoast-schema-graph\">{\"@context\":\"https:\/\/schema.org\",\"@graph\":[{\"@type\":\"Article\",\"@id\":\"https:\/\/vert-e-s-vd.ch\/lavaux-oron\/blog\/savigny\/elaboration-plan-energie-et-climat#article\",\"isPartOf\":{\"@id\":\"https:\/\/vert-e-s-vd.ch\/lavaux-oron\/blog\/savigny\/elaboration-plan-energie-et-climat\"},\"author\":{\"name\":\"yannickklein\",\"@id\":\"https:\/\/vert-e-s-vd.ch\/lavaux-oron\/#\/schema\/person\/8a94b984d580d2dccddf540946813d96\"},\"headline\":\"Savigny s&rsquo;engage dans une d\u00e9marche d&rsquo;\u00e9laboration d&rsquo;un \u00ab\u00a0Plan \u00e9nergie et climat communal\u00a0\u00bb (PECC) &#8211; novembre 2022\",\"datePublished\":\"2022-12-20T07:05:21+00:00\",\"dateModified\":\"2025-10-14T07:08:39+00:00\",\"mainEntityOfPage\":{\"@id\":\"https:\/\/vert-e-s-vd.ch\/lavaux-oron\/blog\/savigny\/elaboration-plan-energie-et-climat\"},\"wordCount\":19,\"keywords\":[\"d\u00e9marche participative\",\"d\u00e9veloppement durable\",\"\u00e9nergie\",\"plan climat\",\"savigny\"],\"articleSection\":[\"Interventions communales Savigny\",\"Savigny\"],\"inLanguage\":\"fr-FR\"},{\"@type\":\"WebPage\",\"@id\":\"https:\/\/vert-e-s-vd.ch\/lavaux-oron\/blog\/savigny\/elaboration-plan-energie-et-climat\",\"url\":\"https:\/\/vert-e-s-vd.ch\/lavaux-oron\/blog\/savigny\/elaboration-plan-energie-et-climat\",\"name\":\"Savigny s'engage dans une d\u00e9marche d'\u00e9laboration d'un \\\"Plan \u00e9nergie et climat communal\\\" (PECC) - novembre 2022 - Les VERT.E.S de Lavaux-Oron\",\"isPartOf\":{\"@id\":\"https:\/\/vert-e-s-vd.ch\/lavaux-oron\/#website\"},\"datePublished\":\"2022-12-20T07:05:21+00:00\",\"dateModified\":\"2025-10-14T07:08:39+00:00\",\"author\":{\"@id\":\"https:\/\/vert-e-s-vd.ch\/lavaux-oron\/#\/schema\/person\/8a94b984d580d2dccddf540946813d96\"},\"description\":\"Expos\u00e9s de Jean-Daniel Bonjour et du bureau Eqlosion en s\u00e9ance du Conseil communal le 21 novembre 2022\",\"breadcrumb\":{\"@id\":\"https:\/\/vert-e-s-vd.ch\/lavaux-oron\/blog\/savigny\/elaboration-plan-energie-et-climat#breadcrumb\"},\"inLanguage\":\"fr-FR\",\"potentialAction\":[{\"@type\":\"ReadAction\",\"target\":[\"https:\/\/vert-e-s-vd.ch\/lavaux-oron\/blog\/savigny\/elaboration-plan-energie-et-climat\"]}]},{\"@type\":\"BreadcrumbList\",\"@id\":\"https:\/\/vert-e-s-vd.ch\/lavaux-oron\/blog\/savigny\/elaboration-plan-energie-et-climat#breadcrumb\",\"itemListElement\":[{\"@type\":\"ListItem\",\"position\":1,\"name\":\"Accueil\",\"item\":\"https:\/\/vert-e-s-vd.ch\/lavaux-oron\/\"},{\"@type\":\"ListItem\",\"position\":2,\"name\":\"Dans nos communes \u25bc\",\"item\":\"#menu-item-70867\"},{\"@type\":\"ListItem\",\"position\":3,\"name\":\"Savigny\",\"item\":\"https:\/\/vert-e-s-vd.ch\/lavaux-oron\/blog\/category\/savigny\"},{\"@type\":\"ListItem\",\"position\":4,\"name\":\"Savigny s&rsquo;engage dans une d\u00e9marche d&rsquo;\u00e9laboration d&rsquo;un \u00ab\u00a0Plan \u00e9nergie et climat communal\u00a0\u00bb (PECC) &#8211; novembre 2022\"}]},{\"@type\":\"WebSite\",\"@id\":\"https:\/\/vert-e-s-vd.ch\/lavaux-oron\/#website\",\"url\":\"https:\/\/vert-e-s-vd.ch\/lavaux-oron\/\",\"name\":\"Les VERT.E.S de Lavaux-Oron\",\"description\":\"Une longueur d&#039;avance\",\"potentialAction\":[{\"@type\":\"SearchAction\",\"target\":{\"@type\":\"EntryPoint\",\"urlTemplate\":\"https:\/\/vert-e-s-vd.ch\/lavaux-oron\/?s={search_term_string}\"},\"query-input\":{\"@type\":\"PropertyValueSpecification\",\"valueRequired\":true,\"valueName\":\"search_term_string\"}}],\"inLanguage\":\"fr-FR\"},{\"@type\":\"Person\",\"@id\":\"https:\/\/vert-e-s-vd.ch\/lavaux-oron\/#\/schema\/person\/8a94b984d580d2dccddf540946813d96\",\"name\":\"yannickklein\",\"image\":{\"@type\":\"ImageObject\",\"inLanguage\":\"fr-FR\",\"@id\":\"https:\/\/vert-e-s-vd.ch\/lavaux-oron\/#\/schema\/person\/image\/\",\"url\":\"https:\/\/secure.gravatar.com\/avatar\/0284ea88c1a92b8bd782e39ceec187e151114cb5126211c06fb5c1b5c14015da?s=96&d=mm&r=g\",\"contentUrl\":\"https:\/\/secure.gravatar.com\/avatar\/0284ea88c1a92b8bd782e39ceec187e151114cb5126211c06fb5c1b5c14015da?s=96&d=mm&r=g\",\"caption\":\"yannickklein\"}}]}<\/script>\n<!-- \/ Yoast SEO plugin. -->","yoast_head_json":{"title":"Savigny s'engage dans une d\u00e9marche d'\u00e9laboration d'un \"Plan \u00e9nergie et climat communal\" (PECC) - novembre 2022 - Les VERT.E.S de Lavaux-Oron","description":"Expos\u00e9s de Jean-Daniel Bonjour et du bureau Eqlosion en s\u00e9ance du Conseil communal le 21 novembre 2022","robots":{"index":"index","follow":"follow","max-snippet":"max-snippet:-1","max-image-preview":"max-image-preview:large","max-video-preview":"max-video-preview:-1"},"canonical":"https:\/\/vert-e-s-vd.ch\/lavaux-oron\/blog\/savigny\/elaboration-plan-energie-et-climat","og_locale":"fr_FR","og_type":"article","og_title":"Savigny s'engage dans une d\u00e9marche d'\u00e9laboration d'un \"Plan \u00e9nergie et climat communal\" (PECC) - novembre 2022 - Les VERT.E.S de Lavaux-Oron","og_description":"Expos\u00e9s de Jean-Daniel Bonjour et du bureau Eqlosion en s\u00e9ance du Conseil communal le 21 novembre 2022","og_url":"https:\/\/vert-e-s-vd.ch\/lavaux-oron\/blog\/savigny\/elaboration-plan-energie-et-climat","og_site_name":"Les VERT.E.S de Lavaux-Oron","article_published_time":"2022-12-20T07:05:21+00:00","article_modified_time":"2025-10-14T07:08:39+00:00","author":"yannickklein","twitter_card":"summary_large_image","twitter_misc":{"\u00c9crit par":"yannickklein","Dur\u00e9e de lecture estim\u00e9e":"4 minutes"},"schema":{"@context":"https:\/\/schema.org","@graph":[{"@type":"Article","@id":"https:\/\/vert-e-s-vd.ch\/lavaux-oron\/blog\/savigny\/elaboration-plan-energie-et-climat#article","isPartOf":{"@id":"https:\/\/vert-e-s-vd.ch\/lavaux-oron\/blog\/savigny\/elaboration-plan-energie-et-climat"},"author":{"name":"yannickklein","@id":"https:\/\/vert-e-s-vd.ch\/lavaux-oron\/#\/schema\/person\/8a94b984d580d2dccddf540946813d96"},"headline":"Savigny s&rsquo;engage dans une d\u00e9marche d&rsquo;\u00e9laboration d&rsquo;un \u00ab\u00a0Plan \u00e9nergie et climat communal\u00a0\u00bb (PECC) &#8211; novembre 2022","datePublished":"2022-12-20T07:05:21+00:00","dateModified":"2025-10-14T07:08:39+00:00","mainEntityOfPage":{"@id":"https:\/\/vert-e-s-vd.ch\/lavaux-oron\/blog\/savigny\/elaboration-plan-energie-et-climat"},"wordCount":19,"keywords":["d\u00e9marche participative","d\u00e9veloppement durable","\u00e9nergie","plan climat","savigny"],"articleSection":["Interventions communales Savigny","Savigny"],"inLanguage":"fr-FR"},{"@type":"WebPage","@id":"https:\/\/vert-e-s-vd.ch\/lavaux-oron\/blog\/savigny\/elaboration-plan-energie-et-climat","url":"https:\/\/vert-e-s-vd.ch\/lavaux-oron\/blog\/savigny\/elaboration-plan-energie-et-climat","name":"Savigny s'engage dans une d\u00e9marche d'\u00e9laboration d'un \"Plan \u00e9nergie et climat communal\" (PECC) - novembre 2022 - Les VERT.E.S de Lavaux-Oron","isPartOf":{"@id":"https:\/\/vert-e-s-vd.ch\/lavaux-oron\/#website"},"datePublished":"2022-12-20T07:05:21+00:00","dateModified":"2025-10-14T07:08:39+00:00","author":{"@id":"https:\/\/vert-e-s-vd.ch\/lavaux-oron\/#\/schema\/person\/8a94b984d580d2dccddf540946813d96"},"description":"Expos\u00e9s de Jean-Daniel Bonjour et du bureau Eqlosion en s\u00e9ance du Conseil communal le 21 novembre 2022","breadcrumb":{"@id":"https:\/\/vert-e-s-vd.ch\/lavaux-oron\/blog\/savigny\/elaboration-plan-energie-et-climat#breadcrumb"},"inLanguage":"fr-FR","potentialAction":[{"@type":"ReadAction","target":["https:\/\/vert-e-s-vd.ch\/lavaux-oron\/blog\/savigny\/elaboration-plan-energie-et-climat"]}]},{"@type":"BreadcrumbList","@id":"https:\/\/vert-e-s-vd.ch\/lavaux-oron\/blog\/savigny\/elaboration-plan-energie-et-climat#breadcrumb","itemListElement":[{"@type":"ListItem","position":1,"name":"Accueil","item":"https:\/\/vert-e-s-vd.ch\/lavaux-oron\/"},{"@type":"ListItem","position":2,"name":"Dans nos communes \u25bc","item":"#menu-item-70867"},{"@type":"ListItem","position":3,"name":"Savigny","item":"https:\/\/vert-e-s-vd.ch\/lavaux-oron\/blog\/category\/savigny"},{"@type":"ListItem","position":4,"name":"Savigny s&rsquo;engage dans une d\u00e9marche d&rsquo;\u00e9laboration d&rsquo;un \u00ab\u00a0Plan \u00e9nergie et climat communal\u00a0\u00bb (PECC) &#8211; novembre 2022"}]},{"@type":"WebSite","@id":"https:\/\/vert-e-s-vd.ch\/lavaux-oron\/#website","url":"https:\/\/vert-e-s-vd.ch\/lavaux-oron\/","name":"Les VERT.E.S de Lavaux-Oron","description":"Une longueur d&#039;avance","potentialAction":[{"@type":"SearchAction","target":{"@type":"EntryPoint","urlTemplate":"https:\/\/vert-e-s-vd.ch\/lavaux-oron\/?s={search_term_string}"},"query-input":{"@type":"PropertyValueSpecification","valueRequired":true,"valueName":"search_term_string"}}],"inLanguage":"fr-FR"},{"@type":"Person","@id":"https:\/\/vert-e-s-vd.ch\/lavaux-oron\/#\/schema\/person\/8a94b984d580d2dccddf540946813d96","name":"yannickklein","image":{"@type":"ImageObject","inLanguage":"fr-FR","@id":"https:\/\/vert-e-s-vd.ch\/lavaux-oron\/#\/schema\/person\/image\/","url":"https:\/\/secure.gravatar.com\/avatar\/0284ea88c1a92b8bd782e39ceec187e151114cb5126211c06fb5c1b5c14015da?s=96&d=mm&r=g","contentUrl":"https:\/\/secure.gravatar.com\/avatar\/0284ea88c1a92b8bd782e39ceec187e151114cb5126211c06fb5c1b5c14015da?s=96&d=mm&r=g","caption":"yannickklein"}}]}},"_links":{"self":[{"href":"https:\/\/vert-e-s-vd.ch\/lavaux-oron\/wp-json\/wp\/v2\/posts\/73574","targetHints":{"allow":["GET"]}}],"collection":[{"href":"https:\/\/vert-e-s-vd.ch\/lavaux-oron\/wp-json\/wp\/v2\/posts"}],"about":[{"href":"https:\/\/vert-e-s-vd.ch\/lavaux-oron\/wp-json\/wp\/v2\/types\/post"}],"author":[{"embeddable":true,"href":"https:\/\/vert-e-s-vd.ch\/lavaux-oron\/wp-json\/wp\/v2\/users\/56"}],"replies":[{"embeddable":true,"href":"https:\/\/vert-e-s-vd.ch\/lavaux-oron\/wp-json\/wp\/v2\/comments?post=73574"}],"version-history":[{"count":12,"href":"https:\/\/vert-e-s-vd.ch\/lavaux-oron\/wp-json\/wp\/v2\/posts\/73574\/revisions"}],"predecessor-version":[{"id":74411,"href":"https:\/\/vert-e-s-vd.ch\/lavaux-oron\/wp-json\/wp\/v2\/posts\/73574\/revisions\/74411"}],"wp:attachment":[{"href":"https:\/\/vert-e-s-vd.ch\/lavaux-oron\/wp-json\/wp\/v2\/media?parent=73574"}],"wp:term":[{"taxonomy":"category","embeddable":true,"href":"https:\/\/vert-e-s-vd.ch\/lavaux-oron\/wp-json\/wp\/v2\/categories?post=73574"},{"taxonomy":"post_tag","embeddable":true,"href":"https:\/\/vert-e-s-vd.ch\/lavaux-oron\/wp-json\/wp\/v2\/tags?post=73574"}],"curies":[{"name":"wp","href":"https:\/\/api.w.org\/{rel}","templated":true}]}}