{"id":73565,"date":"2022-12-19T13:59:30","date_gmt":"2022-12-19T12:59:30","guid":{"rendered":"https:\/\/vert-e-s-vd.ch\/lavaux-oron\/?p=73565"},"modified":"2025-09-26T00:14:11","modified_gmt":"2025-09-25T22:14:11","slug":"savigny-zones-de-vitesse-limitees-a-20-et-30-km-heure-dans-les-quartiers-de-la-commune","status":"publish","type":"post","link":"https:\/\/vert-e-s-vd.ch\/lavaux-oron\/blog\/interventions-communales-savigny\/savigny-zones-de-vitesse-limitees-a-20-et-30-km-heure-dans-les-quartiers-de-la-commune","title":{"rendered":"Postulat \u00ab\u00a0Pour une \u00e9tude de zones 20 et 30 km\/heure dans les quartiers de la commune de Savigny\u00a0\u00bb &#8211; mai 2022"},"content":{"rendered":"","protected":false},"excerpt":{"rendered":"","protected":false},"author":56,"featured_media":0,"comment_status":"closed","ping_status":"closed","sticky":false,"template":"","format":"standard","meta":{"_acf_changed":false,"inline_featured_image":false,"footnotes":""},"categories":[463],"tags":[326,576,482,577,579,578],"class_list":["post-73565","post","type-post","status-publish","format-standard","hentry","category-interventions-communales-savigny","tag-mobilite","tag-mobilite-active","tag-mobilite-douce","tag-savigny","tag-zone-20-km-h","tag-zone-30-km-h"],"acf":[],"yoast_head":"<!-- This site is optimized with the Yoast SEO plugin v26.9 - https:\/\/yoast.com\/product\/yoast-seo-wordpress\/ -->\n<title>Postulat &quot;Pour une \u00e9tude de zones 20 et 30 km\/heure dans les quartiers de la commune de Savigny&quot; - mai 2022 - Les VERT.E.S de Lavaux-Oron<\/title>\n<meta name=\"description\" content=\"16-5-2022 - Postulat de Jos\u00e9e Martin\" \/>\n<meta name=\"robots\" content=\"index, follow, max-snippet:-1, max-image-preview:large, max-video-preview:-1\" \/>\n<link rel=\"canonical\" href=\"https:\/\/vert-e-s-vd.ch\/lavaux-oron\/blog\/interventions-communales-savigny\/savigny-zones-de-vitesse-limitees-a-20-et-30-km-heure-dans-les-quartiers-de-la-commune\" \/>\n<meta property=\"og:locale\" content=\"fr_FR\" \/>\n<meta property=\"og:type\" content=\"article\" \/>\n<meta property=\"og:title\" content=\"Postulat &quot;Pour une \u00e9tude de zones 20 et 30 km\/heure dans les quartiers de la commune de Savigny&quot; - mai 2022 - Les VERT.E.S de Lavaux-Oron\" \/>\n<meta property=\"og:description\" content=\"16-5-2022 - Postulat de Jos\u00e9e Martin\" \/>\n<meta property=\"og:url\" content=\"https:\/\/vert-e-s-vd.ch\/lavaux-oron\/blog\/interventions-communales-savigny\/savigny-zones-de-vitesse-limitees-a-20-et-30-km-heure-dans-les-quartiers-de-la-commune\" \/>\n<meta property=\"og:site_name\" content=\"Les VERT.E.S de Lavaux-Oron\" \/>\n<meta property=\"article:published_time\" content=\"2022-12-19T12:59:30+00:00\" \/>\n<meta property=\"article:modified_time\" content=\"2025-09-25T22:14:11+00:00\" \/>\n<meta name=\"author\" content=\"yannickklein\" \/>\n<meta name=\"twitter:card\" content=\"summary_large_image\" \/>\n<meta name=\"twitter:label1\" content=\"\u00c9crit par\" \/>\n\t<meta name=\"twitter:data1\" content=\"yannickklein\" \/>\n\t<meta name=\"twitter:label2\" content=\"Dur\u00e9e de lecture estim\u00e9e\" \/>\n\t<meta name=\"twitter:data2\" content=\"4 minutes\" \/>\n<script type=\"application\/ld+json\" class=\"yoast-schema-graph\">{\"@context\":\"https:\/\/schema.org\",\"@graph\":[{\"@type\":\"Article\",\"@id\":\"https:\/\/vert-e-s-vd.ch\/lavaux-oron\/blog\/interventions-communales-savigny\/savigny-zones-de-vitesse-limitees-a-20-et-30-km-heure-dans-les-quartiers-de-la-commune#article\",\"isPartOf\":{\"@id\":\"https:\/\/vert-e-s-vd.ch\/lavaux-oron\/blog\/interventions-communales-savigny\/savigny-zones-de-vitesse-limitees-a-20-et-30-km-heure-dans-les-quartiers-de-la-commune\"},\"author\":{\"name\":\"yannickklein\",\"@id\":\"https:\/\/vert-e-s-vd.ch\/lavaux-oron\/#\/schema\/person\/8a94b984d580d2dccddf540946813d96\"},\"headline\":\"Postulat \u00ab\u00a0Pour une \u00e9tude de zones 20 et 30 km\/heure dans les quartiers de la commune de Savigny\u00a0\u00bb &#8211; mai 2022\",\"datePublished\":\"2022-12-19T12:59:30+00:00\",\"dateModified\":\"2025-09-25T22:14:11+00:00\",\"mainEntityOfPage\":{\"@id\":\"https:\/\/vert-e-s-vd.ch\/lavaux-oron\/blog\/interventions-communales-savigny\/savigny-zones-de-vitesse-limitees-a-20-et-30-km-heure-dans-les-quartiers-de-la-commune\"},\"wordCount\":19,\"keywords\":[\"mobilit\u00e9\",\"mobilit\u00e9 active\",\"mobilit\u00e9 douce\",\"savigny\",\"zone 20 km\/h\",\"zone 30 km\/h\"],\"articleSection\":[\"Interventions communales Savigny\"],\"inLanguage\":\"fr-FR\"},{\"@type\":\"WebPage\",\"@id\":\"https:\/\/vert-e-s-vd.ch\/lavaux-oron\/blog\/interventions-communales-savigny\/savigny-zones-de-vitesse-limitees-a-20-et-30-km-heure-dans-les-quartiers-de-la-commune\",\"url\":\"https:\/\/vert-e-s-vd.ch\/lavaux-oron\/blog\/interventions-communales-savigny\/savigny-zones-de-vitesse-limitees-a-20-et-30-km-heure-dans-les-quartiers-de-la-commune\",\"name\":\"Postulat \\\"Pour une \u00e9tude de zones 20 et 30 km\/heure dans les quartiers de la commune de Savigny\\\" - mai 2022 - Les VERT.E.S de Lavaux-Oron\",\"isPartOf\":{\"@id\":\"https:\/\/vert-e-s-vd.ch\/lavaux-oron\/#website\"},\"datePublished\":\"2022-12-19T12:59:30+00:00\",\"dateModified\":\"2025-09-25T22:14:11+00:00\",\"author\":{\"@id\":\"https:\/\/vert-e-s-vd.ch\/lavaux-oron\/#\/schema\/person\/8a94b984d580d2dccddf540946813d96\"},\"description\":\"16-5-2022 - Postulat de Jos\u00e9e Martin\",\"breadcrumb\":{\"@id\":\"https:\/\/vert-e-s-vd.ch\/lavaux-oron\/blog\/interventions-communales-savigny\/savigny-zones-de-vitesse-limitees-a-20-et-30-km-heure-dans-les-quartiers-de-la-commune#breadcrumb\"},\"inLanguage\":\"fr-FR\",\"potentialAction\":[{\"@type\":\"ReadAction\",\"target\":[\"https:\/\/vert-e-s-vd.ch\/lavaux-oron\/blog\/interventions-communales-savigny\/savigny-zones-de-vitesse-limitees-a-20-et-30-km-heure-dans-les-quartiers-de-la-commune\"]}]},{\"@type\":\"BreadcrumbList\",\"@id\":\"https:\/\/vert-e-s-vd.ch\/lavaux-oron\/blog\/interventions-communales-savigny\/savigny-zones-de-vitesse-limitees-a-20-et-30-km-heure-dans-les-quartiers-de-la-commune#breadcrumb\",\"itemListElement\":[{\"@type\":\"ListItem\",\"position\":1,\"name\":\"Accueil\",\"item\":\"https:\/\/vert-e-s-vd.ch\/lavaux-oron\/\"},{\"@type\":\"ListItem\",\"position\":2,\"name\":\"Interventions communales Savigny\",\"item\":\"https:\/\/vert-e-s-vd.ch\/lavaux-oron\/blog\/category\/interventions-communales-savigny\"},{\"@type\":\"ListItem\",\"position\":3,\"name\":\"Postulat \u00ab\u00a0Pour une \u00e9tude de zones 20 et 30 km\/heure dans les quartiers de la commune de Savigny\u00a0\u00bb &#8211; mai 2022\"}]},{\"@type\":\"WebSite\",\"@id\":\"https:\/\/vert-e-s-vd.ch\/lavaux-oron\/#website\",\"url\":\"https:\/\/vert-e-s-vd.ch\/lavaux-oron\/\",\"name\":\"Les VERT.E.S de Lavaux-Oron\",\"description\":\"Une longueur d&#039;avance\",\"potentialAction\":[{\"@type\":\"SearchAction\",\"target\":{\"@type\":\"EntryPoint\",\"urlTemplate\":\"https:\/\/vert-e-s-vd.ch\/lavaux-oron\/?s={search_term_string}\"},\"query-input\":{\"@type\":\"PropertyValueSpecification\",\"valueRequired\":true,\"valueName\":\"search_term_string\"}}],\"inLanguage\":\"fr-FR\"},{\"@type\":\"Person\",\"@id\":\"https:\/\/vert-e-s-vd.ch\/lavaux-oron\/#\/schema\/person\/8a94b984d580d2dccddf540946813d96\",\"name\":\"yannickklein\",\"image\":{\"@type\":\"ImageObject\",\"inLanguage\":\"fr-FR\",\"@id\":\"https:\/\/vert-e-s-vd.ch\/lavaux-oron\/#\/schema\/person\/image\/\",\"url\":\"https:\/\/secure.gravatar.com\/avatar\/0284ea88c1a92b8bd782e39ceec187e151114cb5126211c06fb5c1b5c14015da?s=96&d=mm&r=g\",\"contentUrl\":\"https:\/\/secure.gravatar.com\/avatar\/0284ea88c1a92b8bd782e39ceec187e151114cb5126211c06fb5c1b5c14015da?s=96&d=mm&r=g\",\"caption\":\"yannickklein\"}}]}<\/script>\n<!-- \/ Yoast SEO plugin. -->","yoast_head_json":{"title":"Postulat \"Pour une \u00e9tude de zones 20 et 30 km\/heure dans les quartiers de la commune de Savigny\" - mai 2022 - Les VERT.E.S de Lavaux-Oron","description":"16-5-2022 - Postulat de Jos\u00e9e Martin","robots":{"index":"index","follow":"follow","max-snippet":"max-snippet:-1","max-image-preview":"max-image-preview:large","max-video-preview":"max-video-preview:-1"},"canonical":"https:\/\/vert-e-s-vd.ch\/lavaux-oron\/blog\/interventions-communales-savigny\/savigny-zones-de-vitesse-limitees-a-20-et-30-km-heure-dans-les-quartiers-de-la-commune","og_locale":"fr_FR","og_type":"article","og_title":"Postulat \"Pour une \u00e9tude de zones 20 et 30 km\/heure dans les quartiers de la commune de Savigny\" - mai 2022 - Les VERT.E.S de Lavaux-Oron","og_description":"16-5-2022 - Postulat de Jos\u00e9e Martin","og_url":"https:\/\/vert-e-s-vd.ch\/lavaux-oron\/blog\/interventions-communales-savigny\/savigny-zones-de-vitesse-limitees-a-20-et-30-km-heure-dans-les-quartiers-de-la-commune","og_site_name":"Les VERT.E.S de Lavaux-Oron","article_published_time":"2022-12-19T12:59:30+00:00","article_modified_time":"2025-09-25T22:14:11+00:00","author":"yannickklein","twitter_card":"summary_large_image","twitter_misc":{"\u00c9crit par":"yannickklein","Dur\u00e9e de lecture estim\u00e9e":"4 minutes"},"schema":{"@context":"https:\/\/schema.org","@graph":[{"@type":"Article","@id":"https:\/\/vert-e-s-vd.ch\/lavaux-oron\/blog\/interventions-communales-savigny\/savigny-zones-de-vitesse-limitees-a-20-et-30-km-heure-dans-les-quartiers-de-la-commune#article","isPartOf":{"@id":"https:\/\/vert-e-s-vd.ch\/lavaux-oron\/blog\/interventions-communales-savigny\/savigny-zones-de-vitesse-limitees-a-20-et-30-km-heure-dans-les-quartiers-de-la-commune"},"author":{"name":"yannickklein","@id":"https:\/\/vert-e-s-vd.ch\/lavaux-oron\/#\/schema\/person\/8a94b984d580d2dccddf540946813d96"},"headline":"Postulat \u00ab\u00a0Pour une \u00e9tude de zones 20 et 30 km\/heure dans les quartiers de la commune de Savigny\u00a0\u00bb &#8211; mai 2022","datePublished":"2022-12-19T12:59:30+00:00","dateModified":"2025-09-25T22:14:11+00:00","mainEntityOfPage":{"@id":"https:\/\/vert-e-s-vd.ch\/lavaux-oron\/blog\/interventions-communales-savigny\/savigny-zones-de-vitesse-limitees-a-20-et-30-km-heure-dans-les-quartiers-de-la-commune"},"wordCount":19,"keywords":["mobilit\u00e9","mobilit\u00e9 active","mobilit\u00e9 douce","savigny","zone 20 km\/h","zone 30 km\/h"],"articleSection":["Interventions communales Savigny"],"inLanguage":"fr-FR"},{"@type":"WebPage","@id":"https:\/\/vert-e-s-vd.ch\/lavaux-oron\/blog\/interventions-communales-savigny\/savigny-zones-de-vitesse-limitees-a-20-et-30-km-heure-dans-les-quartiers-de-la-commune","url":"https:\/\/vert-e-s-vd.ch\/lavaux-oron\/blog\/interventions-communales-savigny\/savigny-zones-de-vitesse-limitees-a-20-et-30-km-heure-dans-les-quartiers-de-la-commune","name":"Postulat \"Pour une \u00e9tude de zones 20 et 30 km\/heure dans les quartiers de la commune de Savigny\" - mai 2022 - Les VERT.E.S de Lavaux-Oron","isPartOf":{"@id":"https:\/\/vert-e-s-vd.ch\/lavaux-oron\/#website"},"datePublished":"2022-12-19T12:59:30+00:00","dateModified":"2025-09-25T22:14:11+00:00","author":{"@id":"https:\/\/vert-e-s-vd.ch\/lavaux-oron\/#\/schema\/person\/8a94b984d580d2dccddf540946813d96"},"description":"16-5-2022 - Postulat de Jos\u00e9e Martin","breadcrumb":{"@id":"https:\/\/vert-e-s-vd.ch\/lavaux-oron\/blog\/interventions-communales-savigny\/savigny-zones-de-vitesse-limitees-a-20-et-30-km-heure-dans-les-quartiers-de-la-commune#breadcrumb"},"inLanguage":"fr-FR","potentialAction":[{"@type":"ReadAction","target":["https:\/\/vert-e-s-vd.ch\/lavaux-oron\/blog\/interventions-communales-savigny\/savigny-zones-de-vitesse-limitees-a-20-et-30-km-heure-dans-les-quartiers-de-la-commune"]}]},{"@type":"BreadcrumbList","@id":"https:\/\/vert-e-s-vd.ch\/lavaux-oron\/blog\/interventions-communales-savigny\/savigny-zones-de-vitesse-limitees-a-20-et-30-km-heure-dans-les-quartiers-de-la-commune#breadcrumb","itemListElement":[{"@type":"ListItem","position":1,"name":"Accueil","item":"https:\/\/vert-e-s-vd.ch\/lavaux-oron\/"},{"@type":"ListItem","position":2,"name":"Interventions communales Savigny","item":"https:\/\/vert-e-s-vd.ch\/lavaux-oron\/blog\/category\/interventions-communales-savigny"},{"@type":"ListItem","position":3,"name":"Postulat \u00ab\u00a0Pour une \u00e9tude de zones 20 et 30 km\/heure dans les quartiers de la commune de Savigny\u00a0\u00bb &#8211; mai 2022"}]},{"@type":"WebSite","@id":"https:\/\/vert-e-s-vd.ch\/lavaux-oron\/#website","url":"https:\/\/vert-e-s-vd.ch\/lavaux-oron\/","name":"Les VERT.E.S de Lavaux-Oron","description":"Une longueur d&#039;avance","potentialAction":[{"@type":"SearchAction","target":{"@type":"EntryPoint","urlTemplate":"https:\/\/vert-e-s-vd.ch\/lavaux-oron\/?s={search_term_string}"},"query-input":{"@type":"PropertyValueSpecification","valueRequired":true,"valueName":"search_term_string"}}],"inLanguage":"fr-FR"},{"@type":"Person","@id":"https:\/\/vert-e-s-vd.ch\/lavaux-oron\/#\/schema\/person\/8a94b984d580d2dccddf540946813d96","name":"yannickklein","image":{"@type":"ImageObject","inLanguage":"fr-FR","@id":"https:\/\/vert-e-s-vd.ch\/lavaux-oron\/#\/schema\/person\/image\/","url":"https:\/\/secure.gravatar.com\/avatar\/0284ea88c1a92b8bd782e39ceec187e151114cb5126211c06fb5c1b5c14015da?s=96&d=mm&r=g","contentUrl":"https:\/\/secure.gravatar.com\/avatar\/0284ea88c1a92b8bd782e39ceec187e151114cb5126211c06fb5c1b5c14015da?s=96&d=mm&r=g","caption":"yannickklein"}}]}},"_links":{"self":[{"href":"https:\/\/vert-e-s-vd.ch\/lavaux-oron\/wp-json\/wp\/v2\/posts\/73565","targetHints":{"allow":["GET"]}}],"collection":[{"href":"https:\/\/vert-e-s-vd.ch\/lavaux-oron\/wp-json\/wp\/v2\/posts"}],"about":[{"href":"https:\/\/vert-e-s-vd.ch\/lavaux-oron\/wp-json\/wp\/v2\/types\/post"}],"author":[{"embeddable":true,"href":"https:\/\/vert-e-s-vd.ch\/lavaux-oron\/wp-json\/wp\/v2\/users\/56"}],"replies":[{"embeddable":true,"href":"https:\/\/vert-e-s-vd.ch\/lavaux-oron\/wp-json\/wp\/v2\/comments?post=73565"}],"version-history":[{"count":4,"href":"https:\/\/vert-e-s-vd.ch\/lavaux-oron\/wp-json\/wp\/v2\/posts\/73565\/revisions"}],"predecessor-version":[{"id":74180,"href":"https:\/\/vert-e-s-vd.ch\/lavaux-oron\/wp-json\/wp\/v2\/posts\/73565\/revisions\/74180"}],"wp:attachment":[{"href":"https:\/\/vert-e-s-vd.ch\/lavaux-oron\/wp-json\/wp\/v2\/media?parent=73565"}],"wp:term":[{"taxonomy":"category","embeddable":true,"href":"https:\/\/vert-e-s-vd.ch\/lavaux-oron\/wp-json\/wp\/v2\/categories?post=73565"},{"taxonomy":"post_tag","embeddable":true,"href":"https:\/\/vert-e-s-vd.ch\/lavaux-oron\/wp-json\/wp\/v2\/tags?post=73565"}],"curies":[{"name":"wp","href":"https:\/\/api.w.org\/{rel}","templated":true}]}}