{"id":73526,"date":"2022-12-04T15:36:40","date_gmt":"2022-12-04T14:36:40","guid":{"rendered":"https:\/\/vert-e-s-vd.ch\/lavaux-oron\/?p=73526"},"modified":"2022-12-04T15:36:40","modified_gmt":"2022-12-04T14:36:40","slug":"question-municipalite-pully-la-cote","status":"publish","type":"post","link":"https:\/\/vert-e-s-vd.ch\/lavaux-oron\/blog\/interventions-communales-pully\/question-municipalite-pully-la-cote","title":{"rendered":"Question \u00e0 la Municipalit\u00e9 : quel avenir pour la liaison ferroviaire entre Pully et les localit\u00e9s de la C\u00f4te ?"},"content":{"rendered":"","protected":false},"excerpt":{"rendered":"","protected":false},"author":56,"featured_media":0,"comment_status":"closed","ping_status":"closed","sticky":false,"template":"","format":"standard","meta":{"_acf_changed":false,"inline_featured_image":false,"footnotes":""},"categories":[462],"tags":[481,575,398,328,349],"class_list":["post-73526","post","type-post","status-publish","format-standard","hentry","category-interventions-communales-pully","tag-conseil-communal-pully","tag-ferroviaire","tag-pully","tag-transports","tag-transports-publics"],"acf":[],"yoast_head":"<!-- This site is optimized with the Yoast SEO plugin v26.9 - https:\/\/yoast.com\/product\/yoast-seo-wordpress\/ -->\n<title>Question \u00e0 la Municipalit\u00e9 : quel avenir pour la liaison ferroviaire entre Pully et les localit\u00e9s de la C\u00f4te ? - Les VERT.E.S de Lavaux-Oron<\/title>\n<meta name=\"description\" content=\"Suite \u00e0 la disparition de la ligne directe ferroviaire entre Pully Centre et les communes de La C\u00f4te, dont Morges, quelles sont les d\u00e9marches entreprises ou envisag\u00e9es par la Municipalit\u00e9 pour y rem\u00e9dier ?\" \/>\n<meta name=\"robots\" content=\"index, follow, max-snippet:-1, max-image-preview:large, max-video-preview:-1\" \/>\n<link rel=\"canonical\" href=\"https:\/\/vert-e-s-vd.ch\/lavaux-oron\/blog\/interventions-communales-pully\/question-municipalite-pully-la-cote\" \/>\n<meta property=\"og:locale\" content=\"fr_FR\" \/>\n<meta property=\"og:type\" content=\"article\" \/>\n<meta property=\"og:title\" content=\"Question \u00e0 la Municipalit\u00e9 : quel avenir pour la liaison ferroviaire entre Pully et les localit\u00e9s de la C\u00f4te ? - Les VERT.E.S de Lavaux-Oron\" \/>\n<meta property=\"og:description\" content=\"Suite \u00e0 la disparition de la ligne directe ferroviaire entre Pully Centre et les communes de La C\u00f4te, dont Morges, quelles sont les \u2026\" \/>\n<meta property=\"og:url\" content=\"https:\/\/vert-e-s-vd.ch\/lavaux-oron\/blog\/interventions-communales-pully\/question-municipalite-pully-la-cote\" \/>\n<meta property=\"og:site_name\" content=\"Les VERT.E.S de Lavaux-Oron\" \/>\n<meta property=\"article:published_time\" content=\"2022-12-04T14:36:40+00:00\" \/>\n<meta name=\"author\" content=\"yannickklein\" \/>\n<meta name=\"twitter:card\" content=\"summary_large_image\" \/>\n<meta name=\"twitter:label1\" content=\"\u00c9crit par\" \/>\n\t<meta name=\"twitter:data1\" content=\"yannickklein\" \/>\n<script type=\"application\/ld+json\" class=\"yoast-schema-graph\">{\"@context\":\"https:\/\/schema.org\",\"@graph\":[{\"@type\":\"Article\",\"@id\":\"https:\/\/vert-e-s-vd.ch\/lavaux-oron\/blog\/interventions-communales-pully\/question-municipalite-pully-la-cote#article\",\"isPartOf\":{\"@id\":\"https:\/\/vert-e-s-vd.ch\/lavaux-oron\/blog\/interventions-communales-pully\/question-municipalite-pully-la-cote\"},\"author\":{\"name\":\"yannickklein\",\"@id\":\"https:\/\/vert-e-s-vd.ch\/lavaux-oron\/#\/schema\/person\/8a94b984d580d2dccddf540946813d96\"},\"headline\":\"Question \u00e0 la Municipalit\u00e9 : quel avenir pour la liaison ferroviaire entre Pully et les localit\u00e9s de la C\u00f4te ?\",\"datePublished\":\"2022-12-04T14:36:40+00:00\",\"mainEntityOfPage\":{\"@id\":\"https:\/\/vert-e-s-vd.ch\/lavaux-oron\/blog\/interventions-communales-pully\/question-municipalite-pully-la-cote\"},\"wordCount\":19,\"keywords\":[\"conseil communal Pully\",\"ferroviaire\",\"Pully\",\"transports\",\"transports publics\"],\"articleSection\":[\"Interventions communales Pully\"],\"inLanguage\":\"fr-FR\"},{\"@type\":\"WebPage\",\"@id\":\"https:\/\/vert-e-s-vd.ch\/lavaux-oron\/blog\/interventions-communales-pully\/question-municipalite-pully-la-cote\",\"url\":\"https:\/\/vert-e-s-vd.ch\/lavaux-oron\/blog\/interventions-communales-pully\/question-municipalite-pully-la-cote\",\"name\":\"Question \u00e0 la Municipalit\u00e9 : quel avenir pour la liaison ferroviaire entre Pully et les localit\u00e9s de la C\u00f4te ? - Les VERT.E.S de Lavaux-Oron\",\"isPartOf\":{\"@id\":\"https:\/\/vert-e-s-vd.ch\/lavaux-oron\/#website\"},\"datePublished\":\"2022-12-04T14:36:40+00:00\",\"author\":{\"@id\":\"https:\/\/vert-e-s-vd.ch\/lavaux-oron\/#\/schema\/person\/8a94b984d580d2dccddf540946813d96\"},\"description\":\"Suite \u00e0 la disparition de la ligne directe ferroviaire entre Pully Centre et les communes de La C\u00f4te, dont Morges, quelles sont les d\u00e9marches entreprises ou envisag\u00e9es par la Municipalit\u00e9 pour y rem\u00e9dier ?\",\"breadcrumb\":{\"@id\":\"https:\/\/vert-e-s-vd.ch\/lavaux-oron\/blog\/interventions-communales-pully\/question-municipalite-pully-la-cote#breadcrumb\"},\"inLanguage\":\"fr-FR\",\"potentialAction\":[{\"@type\":\"ReadAction\",\"target\":[\"https:\/\/vert-e-s-vd.ch\/lavaux-oron\/blog\/interventions-communales-pully\/question-municipalite-pully-la-cote\"]}]},{\"@type\":\"BreadcrumbList\",\"@id\":\"https:\/\/vert-e-s-vd.ch\/lavaux-oron\/blog\/interventions-communales-pully\/question-municipalite-pully-la-cote#breadcrumb\",\"itemListElement\":[{\"@type\":\"ListItem\",\"position\":1,\"name\":\"Accueil\",\"item\":\"https:\/\/vert-e-s-vd.ch\/lavaux-oron\/\"},{\"@type\":\"ListItem\",\"position\":2,\"name\":\"Interventions communales Pully\",\"item\":\"https:\/\/vert-e-s-vd.ch\/lavaux-oron\/blog\/category\/interventions-communales-pully\"},{\"@type\":\"ListItem\",\"position\":3,\"name\":\"Question \u00e0 la Municipalit\u00e9 : quel avenir pour la liaison ferroviaire entre Pully et les localit\u00e9s de la C\u00f4te ?\"}]},{\"@type\":\"WebSite\",\"@id\":\"https:\/\/vert-e-s-vd.ch\/lavaux-oron\/#website\",\"url\":\"https:\/\/vert-e-s-vd.ch\/lavaux-oron\/\",\"name\":\"Les VERT.E.S de Lavaux-Oron\",\"description\":\"Une longueur d&#039;avance\",\"potentialAction\":[{\"@type\":\"SearchAction\",\"target\":{\"@type\":\"EntryPoint\",\"urlTemplate\":\"https:\/\/vert-e-s-vd.ch\/lavaux-oron\/?s={search_term_string}\"},\"query-input\":{\"@type\":\"PropertyValueSpecification\",\"valueRequired\":true,\"valueName\":\"search_term_string\"}}],\"inLanguage\":\"fr-FR\"},{\"@type\":\"Person\",\"@id\":\"https:\/\/vert-e-s-vd.ch\/lavaux-oron\/#\/schema\/person\/8a94b984d580d2dccddf540946813d96\",\"name\":\"yannickklein\",\"image\":{\"@type\":\"ImageObject\",\"inLanguage\":\"fr-FR\",\"@id\":\"https:\/\/vert-e-s-vd.ch\/lavaux-oron\/#\/schema\/person\/image\/\",\"url\":\"https:\/\/secure.gravatar.com\/avatar\/0284ea88c1a92b8bd782e39ceec187e151114cb5126211c06fb5c1b5c14015da?s=96&d=mm&r=g\",\"contentUrl\":\"https:\/\/secure.gravatar.com\/avatar\/0284ea88c1a92b8bd782e39ceec187e151114cb5126211c06fb5c1b5c14015da?s=96&d=mm&r=g\",\"caption\":\"yannickklein\"}}]}<\/script>\n<!-- \/ Yoast SEO plugin. -->","yoast_head_json":{"title":"Question \u00e0 la Municipalit\u00e9 : quel avenir pour la liaison ferroviaire entre Pully et les localit\u00e9s de la C\u00f4te ? - Les VERT.E.S de Lavaux-Oron","description":"Suite \u00e0 la disparition de la ligne directe ferroviaire entre Pully Centre et les communes de La C\u00f4te, dont Morges, quelles sont les d\u00e9marches entreprises ou envisag\u00e9es par la Municipalit\u00e9 pour y rem\u00e9dier ?","robots":{"index":"index","follow":"follow","max-snippet":"max-snippet:-1","max-image-preview":"max-image-preview:large","max-video-preview":"max-video-preview:-1"},"canonical":"https:\/\/vert-e-s-vd.ch\/lavaux-oron\/blog\/interventions-communales-pully\/question-municipalite-pully-la-cote","og_locale":"fr_FR","og_type":"article","og_title":"Question \u00e0 la Municipalit\u00e9 : quel avenir pour la liaison ferroviaire entre Pully et les localit\u00e9s de la C\u00f4te ? - Les VERT.E.S de Lavaux-Oron","og_description":"Suite \u00e0 la disparition de la ligne directe ferroviaire entre Pully Centre et les communes de La C\u00f4te, dont Morges, quelles sont les \u2026","og_url":"https:\/\/vert-e-s-vd.ch\/lavaux-oron\/blog\/interventions-communales-pully\/question-municipalite-pully-la-cote","og_site_name":"Les VERT.E.S de Lavaux-Oron","article_published_time":"2022-12-04T14:36:40+00:00","author":"yannickklein","twitter_card":"summary_large_image","twitter_misc":{"\u00c9crit par":"yannickklein"},"schema":{"@context":"https:\/\/schema.org","@graph":[{"@type":"Article","@id":"https:\/\/vert-e-s-vd.ch\/lavaux-oron\/blog\/interventions-communales-pully\/question-municipalite-pully-la-cote#article","isPartOf":{"@id":"https:\/\/vert-e-s-vd.ch\/lavaux-oron\/blog\/interventions-communales-pully\/question-municipalite-pully-la-cote"},"author":{"name":"yannickklein","@id":"https:\/\/vert-e-s-vd.ch\/lavaux-oron\/#\/schema\/person\/8a94b984d580d2dccddf540946813d96"},"headline":"Question \u00e0 la Municipalit\u00e9 : quel avenir pour la liaison ferroviaire entre Pully et les localit\u00e9s de la C\u00f4te ?","datePublished":"2022-12-04T14:36:40+00:00","mainEntityOfPage":{"@id":"https:\/\/vert-e-s-vd.ch\/lavaux-oron\/blog\/interventions-communales-pully\/question-municipalite-pully-la-cote"},"wordCount":19,"keywords":["conseil communal Pully","ferroviaire","Pully","transports","transports publics"],"articleSection":["Interventions communales Pully"],"inLanguage":"fr-FR"},{"@type":"WebPage","@id":"https:\/\/vert-e-s-vd.ch\/lavaux-oron\/blog\/interventions-communales-pully\/question-municipalite-pully-la-cote","url":"https:\/\/vert-e-s-vd.ch\/lavaux-oron\/blog\/interventions-communales-pully\/question-municipalite-pully-la-cote","name":"Question \u00e0 la Municipalit\u00e9 : quel avenir pour la liaison ferroviaire entre Pully et les localit\u00e9s de la C\u00f4te ? - Les VERT.E.S de Lavaux-Oron","isPartOf":{"@id":"https:\/\/vert-e-s-vd.ch\/lavaux-oron\/#website"},"datePublished":"2022-12-04T14:36:40+00:00","author":{"@id":"https:\/\/vert-e-s-vd.ch\/lavaux-oron\/#\/schema\/person\/8a94b984d580d2dccddf540946813d96"},"description":"Suite \u00e0 la disparition de la ligne directe ferroviaire entre Pully Centre et les communes de La C\u00f4te, dont Morges, quelles sont les d\u00e9marches entreprises ou envisag\u00e9es par la Municipalit\u00e9 pour y rem\u00e9dier ?","breadcrumb":{"@id":"https:\/\/vert-e-s-vd.ch\/lavaux-oron\/blog\/interventions-communales-pully\/question-municipalite-pully-la-cote#breadcrumb"},"inLanguage":"fr-FR","potentialAction":[{"@type":"ReadAction","target":["https:\/\/vert-e-s-vd.ch\/lavaux-oron\/blog\/interventions-communales-pully\/question-municipalite-pully-la-cote"]}]},{"@type":"BreadcrumbList","@id":"https:\/\/vert-e-s-vd.ch\/lavaux-oron\/blog\/interventions-communales-pully\/question-municipalite-pully-la-cote#breadcrumb","itemListElement":[{"@type":"ListItem","position":1,"name":"Accueil","item":"https:\/\/vert-e-s-vd.ch\/lavaux-oron\/"},{"@type":"ListItem","position":2,"name":"Interventions communales Pully","item":"https:\/\/vert-e-s-vd.ch\/lavaux-oron\/blog\/category\/interventions-communales-pully"},{"@type":"ListItem","position":3,"name":"Question \u00e0 la Municipalit\u00e9 : quel avenir pour la liaison ferroviaire entre Pully et les localit\u00e9s de la C\u00f4te ?"}]},{"@type":"WebSite","@id":"https:\/\/vert-e-s-vd.ch\/lavaux-oron\/#website","url":"https:\/\/vert-e-s-vd.ch\/lavaux-oron\/","name":"Les VERT.E.S de Lavaux-Oron","description":"Une longueur d&#039;avance","potentialAction":[{"@type":"SearchAction","target":{"@type":"EntryPoint","urlTemplate":"https:\/\/vert-e-s-vd.ch\/lavaux-oron\/?s={search_term_string}"},"query-input":{"@type":"PropertyValueSpecification","valueRequired":true,"valueName":"search_term_string"}}],"inLanguage":"fr-FR"},{"@type":"Person","@id":"https:\/\/vert-e-s-vd.ch\/lavaux-oron\/#\/schema\/person\/8a94b984d580d2dccddf540946813d96","name":"yannickklein","image":{"@type":"ImageObject","inLanguage":"fr-FR","@id":"https:\/\/vert-e-s-vd.ch\/lavaux-oron\/#\/schema\/person\/image\/","url":"https:\/\/secure.gravatar.com\/avatar\/0284ea88c1a92b8bd782e39ceec187e151114cb5126211c06fb5c1b5c14015da?s=96&d=mm&r=g","contentUrl":"https:\/\/secure.gravatar.com\/avatar\/0284ea88c1a92b8bd782e39ceec187e151114cb5126211c06fb5c1b5c14015da?s=96&d=mm&r=g","caption":"yannickklein"}}]}},"_links":{"self":[{"href":"https:\/\/vert-e-s-vd.ch\/lavaux-oron\/wp-json\/wp\/v2\/posts\/73526","targetHints":{"allow":["GET"]}}],"collection":[{"href":"https:\/\/vert-e-s-vd.ch\/lavaux-oron\/wp-json\/wp\/v2\/posts"}],"about":[{"href":"https:\/\/vert-e-s-vd.ch\/lavaux-oron\/wp-json\/wp\/v2\/types\/post"}],"author":[{"embeddable":true,"href":"https:\/\/vert-e-s-vd.ch\/lavaux-oron\/wp-json\/wp\/v2\/users\/56"}],"replies":[{"embeddable":true,"href":"https:\/\/vert-e-s-vd.ch\/lavaux-oron\/wp-json\/wp\/v2\/comments?post=73526"}],"version-history":[{"count":1,"href":"https:\/\/vert-e-s-vd.ch\/lavaux-oron\/wp-json\/wp\/v2\/posts\/73526\/revisions"}],"predecessor-version":[{"id":73527,"href":"https:\/\/vert-e-s-vd.ch\/lavaux-oron\/wp-json\/wp\/v2\/posts\/73526\/revisions\/73527"}],"wp:attachment":[{"href":"https:\/\/vert-e-s-vd.ch\/lavaux-oron\/wp-json\/wp\/v2\/media?parent=73526"}],"wp:term":[{"taxonomy":"category","embeddable":true,"href":"https:\/\/vert-e-s-vd.ch\/lavaux-oron\/wp-json\/wp\/v2\/categories?post=73526"},{"taxonomy":"post_tag","embeddable":true,"href":"https:\/\/vert-e-s-vd.ch\/lavaux-oron\/wp-json\/wp\/v2\/tags?post=73526"}],"curies":[{"name":"wp","href":"https:\/\/api.w.org\/{rel}","templated":true}]}}