{"id":73145,"date":"2022-02-04T09:41:29","date_gmt":"2022-02-04T08:41:29","guid":{"rendered":"https:\/\/vert-e-s-vd.ch\/lavaux-oron\/?p=73145"},"modified":"2022-10-18T08:48:59","modified_gmt":"2022-10-18T06:48:59","slug":"oui-au-train-de-mesures-en-faveur-des-medias","status":"publish","type":"post","link":"https:\/\/vert-e-s-vd.ch\/lavaux-oron\/blog\/communiques-de-presse\/oui-au-train-de-mesures-en-faveur-des-medias","title":{"rendered":"Oui au train de mesures en faveur des m\u00e9dias"},"content":{"rendered":"","protected":false},"excerpt":{"rendered":"","protected":false},"author":56,"featured_media":0,"comment_status":"closed","ping_status":"closed","sticky":false,"template":"single_press_release.php","format":"standard","meta":{"_acf_changed":false,"inline_featured_image":false,"footnotes":""},"categories":[393],"tags":[492,491,344],"class_list":["post-73145","post","type-post","status-publish","format-standard","hentry","category-communiques-de-presse","tag-aide-aux-medias","tag-medias","tag-votation"],"acf":[],"yoast_head":"<!-- This site is optimized with the Yoast SEO plugin v26.9 - https:\/\/yoast.com\/product\/yoast-seo-wordpress\/ -->\n<title>Oui au train de mesures en faveur des m\u00e9dias - Les VERT.E.S de Lavaux-Oron<\/title>\n<meta name=\"description\" content=\"Pierre Fonjallaz, d\u00e9put\u00e9 Vert de Lavaux-Oron, s&#039;exprime dans Le Courrier Lavaux - Oron - Jorat sur la n\u00e9cessit\u00e9 de soutenir les m\u00e9dias, et notamment les titres locaux ou r\u00e9gionaux, pour le bon fonctionnement de notre d\u00e9mocratie.\" \/>\n<meta name=\"robots\" content=\"index, follow, max-snippet:-1, max-image-preview:large, max-video-preview:-1\" \/>\n<link rel=\"canonical\" href=\"https:\/\/vert-e-s-vd.ch\/lavaux-oron\/blog\/communiques-de-presse\/oui-au-train-de-mesures-en-faveur-des-medias\" \/>\n<meta property=\"og:locale\" content=\"fr_FR\" \/>\n<meta property=\"og:type\" content=\"article\" \/>\n<meta property=\"og:title\" content=\"Oui au train de mesures en faveur des m\u00e9dias - Les VERT.E.S de Lavaux-Oron\" \/>\n<meta property=\"og:description\" content=\"Pierre Fonjallaz, d\u00e9put\u00e9 Vert de Lavaux-Oron, s&#039;exprime dans Le Courrier Lavaux - Oron - Jorat sur la n\u00e9cessit\u00e9 de soutenir les \u2026\" \/>\n<meta property=\"og:url\" content=\"https:\/\/vert-e-s-vd.ch\/lavaux-oron\/blog\/communiques-de-presse\/oui-au-train-de-mesures-en-faveur-des-medias\" \/>\n<meta property=\"og:site_name\" content=\"Les VERT.E.S de Lavaux-Oron\" \/>\n<meta property=\"article:published_time\" content=\"2022-02-04T08:41:29+00:00\" \/>\n<meta property=\"article:modified_time\" content=\"2022-10-18T06:48:59+00:00\" \/>\n<meta name=\"author\" content=\"yannickklein\" \/>\n<meta name=\"twitter:card\" content=\"summary_large_image\" \/>\n<meta name=\"twitter:label1\" content=\"\u00c9crit par\" \/>\n\t<meta name=\"twitter:data1\" content=\"yannickklein\" \/>\n<script type=\"application\/ld+json\" class=\"yoast-schema-graph\">{\"@context\":\"https:\/\/schema.org\",\"@graph\":[{\"@type\":\"Article\",\"@id\":\"https:\/\/vert-e-s-vd.ch\/lavaux-oron\/blog\/communiques-de-presse\/oui-au-train-de-mesures-en-faveur-des-medias#article\",\"isPartOf\":{\"@id\":\"https:\/\/vert-e-s-vd.ch\/lavaux-oron\/blog\/communiques-de-presse\/oui-au-train-de-mesures-en-faveur-des-medias\"},\"author\":{\"name\":\"yannickklein\",\"@id\":\"https:\/\/vert-e-s-vd.ch\/lavaux-oron\/#\/schema\/person\/8a94b984d580d2dccddf540946813d96\"},\"headline\":\"Oui au train de mesures en faveur des m\u00e9dias\",\"datePublished\":\"2022-02-04T08:41:29+00:00\",\"dateModified\":\"2022-10-18T06:48:59+00:00\",\"mainEntityOfPage\":{\"@id\":\"https:\/\/vert-e-s-vd.ch\/lavaux-oron\/blog\/communiques-de-presse\/oui-au-train-de-mesures-en-faveur-des-medias\"},\"wordCount\":10,\"keywords\":[\"aide aux m\u00e9dias\",\"m\u00e9dias\",\"votation\"],\"articleSection\":[\"Communiqu\u00e9s de presse\"],\"inLanguage\":\"fr-FR\"},{\"@type\":\"WebPage\",\"@id\":\"https:\/\/vert-e-s-vd.ch\/lavaux-oron\/blog\/communiques-de-presse\/oui-au-train-de-mesures-en-faveur-des-medias\",\"url\":\"https:\/\/vert-e-s-vd.ch\/lavaux-oron\/blog\/communiques-de-presse\/oui-au-train-de-mesures-en-faveur-des-medias\",\"name\":\"Oui au train de mesures en faveur des m\u00e9dias - Les VERT.E.S de Lavaux-Oron\",\"isPartOf\":{\"@id\":\"https:\/\/vert-e-s-vd.ch\/lavaux-oron\/#website\"},\"datePublished\":\"2022-02-04T08:41:29+00:00\",\"dateModified\":\"2022-10-18T06:48:59+00:00\",\"author\":{\"@id\":\"https:\/\/vert-e-s-vd.ch\/lavaux-oron\/#\/schema\/person\/8a94b984d580d2dccddf540946813d96\"},\"description\":\"Pierre Fonjallaz, d\u00e9put\u00e9 Vert de Lavaux-Oron, s'exprime dans Le Courrier Lavaux - Oron - Jorat sur la n\u00e9cessit\u00e9 de soutenir les m\u00e9dias, et notamment les titres locaux ou r\u00e9gionaux, pour le bon fonctionnement de notre d\u00e9mocratie.\",\"breadcrumb\":{\"@id\":\"https:\/\/vert-e-s-vd.ch\/lavaux-oron\/blog\/communiques-de-presse\/oui-au-train-de-mesures-en-faveur-des-medias#breadcrumb\"},\"inLanguage\":\"fr-FR\",\"potentialAction\":[{\"@type\":\"ReadAction\",\"target\":[\"https:\/\/vert-e-s-vd.ch\/lavaux-oron\/blog\/communiques-de-presse\/oui-au-train-de-mesures-en-faveur-des-medias\"]}]},{\"@type\":\"BreadcrumbList\",\"@id\":\"https:\/\/vert-e-s-vd.ch\/lavaux-oron\/blog\/communiques-de-presse\/oui-au-train-de-mesures-en-faveur-des-medias#breadcrumb\",\"itemListElement\":[{\"@type\":\"ListItem\",\"position\":1,\"name\":\"Accueil\",\"item\":\"https:\/\/vert-e-s-vd.ch\/lavaux-oron\/\"},{\"@type\":\"ListItem\",\"position\":2,\"name\":\"Communiqu\u00e9s de presse\",\"item\":\"https:\/\/vert-e-s-vd.ch\/lavaux-oron\/blog\/category\/communiques-de-presse\"},{\"@type\":\"ListItem\",\"position\":3,\"name\":\"Oui au train de mesures en faveur des m\u00e9dias\"}]},{\"@type\":\"WebSite\",\"@id\":\"https:\/\/vert-e-s-vd.ch\/lavaux-oron\/#website\",\"url\":\"https:\/\/vert-e-s-vd.ch\/lavaux-oron\/\",\"name\":\"Les VERT.E.S de Lavaux-Oron\",\"description\":\"Une longueur d&#039;avance\",\"potentialAction\":[{\"@type\":\"SearchAction\",\"target\":{\"@type\":\"EntryPoint\",\"urlTemplate\":\"https:\/\/vert-e-s-vd.ch\/lavaux-oron\/?s={search_term_string}\"},\"query-input\":{\"@type\":\"PropertyValueSpecification\",\"valueRequired\":true,\"valueName\":\"search_term_string\"}}],\"inLanguage\":\"fr-FR\"},{\"@type\":\"Person\",\"@id\":\"https:\/\/vert-e-s-vd.ch\/lavaux-oron\/#\/schema\/person\/8a94b984d580d2dccddf540946813d96\",\"name\":\"yannickklein\",\"image\":{\"@type\":\"ImageObject\",\"inLanguage\":\"fr-FR\",\"@id\":\"https:\/\/vert-e-s-vd.ch\/lavaux-oron\/#\/schema\/person\/image\/\",\"url\":\"https:\/\/secure.gravatar.com\/avatar\/0284ea88c1a92b8bd782e39ceec187e151114cb5126211c06fb5c1b5c14015da?s=96&d=mm&r=g\",\"contentUrl\":\"https:\/\/secure.gravatar.com\/avatar\/0284ea88c1a92b8bd782e39ceec187e151114cb5126211c06fb5c1b5c14015da?s=96&d=mm&r=g\",\"caption\":\"yannickklein\"}}]}<\/script>\n<!-- \/ Yoast SEO plugin. -->","yoast_head_json":{"title":"Oui au train de mesures en faveur des m\u00e9dias - Les VERT.E.S de Lavaux-Oron","description":"Pierre Fonjallaz, d\u00e9put\u00e9 Vert de Lavaux-Oron, s'exprime dans Le Courrier Lavaux - Oron - Jorat sur la n\u00e9cessit\u00e9 de soutenir les m\u00e9dias, et notamment les titres locaux ou r\u00e9gionaux, pour le bon fonctionnement de notre d\u00e9mocratie.","robots":{"index":"index","follow":"follow","max-snippet":"max-snippet:-1","max-image-preview":"max-image-preview:large","max-video-preview":"max-video-preview:-1"},"canonical":"https:\/\/vert-e-s-vd.ch\/lavaux-oron\/blog\/communiques-de-presse\/oui-au-train-de-mesures-en-faveur-des-medias","og_locale":"fr_FR","og_type":"article","og_title":"Oui au train de mesures en faveur des m\u00e9dias - Les VERT.E.S de Lavaux-Oron","og_description":"Pierre Fonjallaz, d\u00e9put\u00e9 Vert de Lavaux-Oron, s'exprime dans Le Courrier Lavaux - Oron - Jorat sur la n\u00e9cessit\u00e9 de soutenir les \u2026","og_url":"https:\/\/vert-e-s-vd.ch\/lavaux-oron\/blog\/communiques-de-presse\/oui-au-train-de-mesures-en-faveur-des-medias","og_site_name":"Les VERT.E.S de Lavaux-Oron","article_published_time":"2022-02-04T08:41:29+00:00","article_modified_time":"2022-10-18T06:48:59+00:00","author":"yannickklein","twitter_card":"summary_large_image","twitter_misc":{"\u00c9crit par":"yannickklein"},"schema":{"@context":"https:\/\/schema.org","@graph":[{"@type":"Article","@id":"https:\/\/vert-e-s-vd.ch\/lavaux-oron\/blog\/communiques-de-presse\/oui-au-train-de-mesures-en-faveur-des-medias#article","isPartOf":{"@id":"https:\/\/vert-e-s-vd.ch\/lavaux-oron\/blog\/communiques-de-presse\/oui-au-train-de-mesures-en-faveur-des-medias"},"author":{"name":"yannickklein","@id":"https:\/\/vert-e-s-vd.ch\/lavaux-oron\/#\/schema\/person\/8a94b984d580d2dccddf540946813d96"},"headline":"Oui au train de mesures en faveur des m\u00e9dias","datePublished":"2022-02-04T08:41:29+00:00","dateModified":"2022-10-18T06:48:59+00:00","mainEntityOfPage":{"@id":"https:\/\/vert-e-s-vd.ch\/lavaux-oron\/blog\/communiques-de-presse\/oui-au-train-de-mesures-en-faveur-des-medias"},"wordCount":10,"keywords":["aide aux m\u00e9dias","m\u00e9dias","votation"],"articleSection":["Communiqu\u00e9s de presse"],"inLanguage":"fr-FR"},{"@type":"WebPage","@id":"https:\/\/vert-e-s-vd.ch\/lavaux-oron\/blog\/communiques-de-presse\/oui-au-train-de-mesures-en-faveur-des-medias","url":"https:\/\/vert-e-s-vd.ch\/lavaux-oron\/blog\/communiques-de-presse\/oui-au-train-de-mesures-en-faveur-des-medias","name":"Oui au train de mesures en faveur des m\u00e9dias - Les VERT.E.S de Lavaux-Oron","isPartOf":{"@id":"https:\/\/vert-e-s-vd.ch\/lavaux-oron\/#website"},"datePublished":"2022-02-04T08:41:29+00:00","dateModified":"2022-10-18T06:48:59+00:00","author":{"@id":"https:\/\/vert-e-s-vd.ch\/lavaux-oron\/#\/schema\/person\/8a94b984d580d2dccddf540946813d96"},"description":"Pierre Fonjallaz, d\u00e9put\u00e9 Vert de Lavaux-Oron, s'exprime dans Le Courrier Lavaux - Oron - Jorat sur la n\u00e9cessit\u00e9 de soutenir les m\u00e9dias, et notamment les titres locaux ou r\u00e9gionaux, pour le bon fonctionnement de notre d\u00e9mocratie.","breadcrumb":{"@id":"https:\/\/vert-e-s-vd.ch\/lavaux-oron\/blog\/communiques-de-presse\/oui-au-train-de-mesures-en-faveur-des-medias#breadcrumb"},"inLanguage":"fr-FR","potentialAction":[{"@type":"ReadAction","target":["https:\/\/vert-e-s-vd.ch\/lavaux-oron\/blog\/communiques-de-presse\/oui-au-train-de-mesures-en-faveur-des-medias"]}]},{"@type":"BreadcrumbList","@id":"https:\/\/vert-e-s-vd.ch\/lavaux-oron\/blog\/communiques-de-presse\/oui-au-train-de-mesures-en-faveur-des-medias#breadcrumb","itemListElement":[{"@type":"ListItem","position":1,"name":"Accueil","item":"https:\/\/vert-e-s-vd.ch\/lavaux-oron\/"},{"@type":"ListItem","position":2,"name":"Communiqu\u00e9s de presse","item":"https:\/\/vert-e-s-vd.ch\/lavaux-oron\/blog\/category\/communiques-de-presse"},{"@type":"ListItem","position":3,"name":"Oui au train de mesures en faveur des m\u00e9dias"}]},{"@type":"WebSite","@id":"https:\/\/vert-e-s-vd.ch\/lavaux-oron\/#website","url":"https:\/\/vert-e-s-vd.ch\/lavaux-oron\/","name":"Les VERT.E.S de Lavaux-Oron","description":"Une longueur d&#039;avance","potentialAction":[{"@type":"SearchAction","target":{"@type":"EntryPoint","urlTemplate":"https:\/\/vert-e-s-vd.ch\/lavaux-oron\/?s={search_term_string}"},"query-input":{"@type":"PropertyValueSpecification","valueRequired":true,"valueName":"search_term_string"}}],"inLanguage":"fr-FR"},{"@type":"Person","@id":"https:\/\/vert-e-s-vd.ch\/lavaux-oron\/#\/schema\/person\/8a94b984d580d2dccddf540946813d96","name":"yannickklein","image":{"@type":"ImageObject","inLanguage":"fr-FR","@id":"https:\/\/vert-e-s-vd.ch\/lavaux-oron\/#\/schema\/person\/image\/","url":"https:\/\/secure.gravatar.com\/avatar\/0284ea88c1a92b8bd782e39ceec187e151114cb5126211c06fb5c1b5c14015da?s=96&d=mm&r=g","contentUrl":"https:\/\/secure.gravatar.com\/avatar\/0284ea88c1a92b8bd782e39ceec187e151114cb5126211c06fb5c1b5c14015da?s=96&d=mm&r=g","caption":"yannickklein"}}]}},"_links":{"self":[{"href":"https:\/\/vert-e-s-vd.ch\/lavaux-oron\/wp-json\/wp\/v2\/posts\/73145","targetHints":{"allow":["GET"]}}],"collection":[{"href":"https:\/\/vert-e-s-vd.ch\/lavaux-oron\/wp-json\/wp\/v2\/posts"}],"about":[{"href":"https:\/\/vert-e-s-vd.ch\/lavaux-oron\/wp-json\/wp\/v2\/types\/post"}],"author":[{"embeddable":true,"href":"https:\/\/vert-e-s-vd.ch\/lavaux-oron\/wp-json\/wp\/v2\/users\/56"}],"replies":[{"embeddable":true,"href":"https:\/\/vert-e-s-vd.ch\/lavaux-oron\/wp-json\/wp\/v2\/comments?post=73145"}],"version-history":[{"count":1,"href":"https:\/\/vert-e-s-vd.ch\/lavaux-oron\/wp-json\/wp\/v2\/posts\/73145\/revisions"}],"predecessor-version":[{"id":73146,"href":"https:\/\/vert-e-s-vd.ch\/lavaux-oron\/wp-json\/wp\/v2\/posts\/73145\/revisions\/73146"}],"wp:attachment":[{"href":"https:\/\/vert-e-s-vd.ch\/lavaux-oron\/wp-json\/wp\/v2\/media?parent=73145"}],"wp:term":[{"taxonomy":"category","embeddable":true,"href":"https:\/\/vert-e-s-vd.ch\/lavaux-oron\/wp-json\/wp\/v2\/categories?post=73145"},{"taxonomy":"post_tag","embeddable":true,"href":"https:\/\/vert-e-s-vd.ch\/lavaux-oron\/wp-json\/wp\/v2\/tags?post=73145"}],"curies":[{"name":"wp","href":"https:\/\/api.w.org\/{rel}","templated":true}]}}