{"id":72628,"date":"2021-01-25T10:02:17","date_gmt":"2021-01-25T09:02:17","guid":{"rendered":"https:\/\/vert-e-s-vd.ch\/lavaux-oron\/?p=72628"},"modified":"2025-09-26T00:16:48","modified_gmt":"2025-09-25T22:16:48","slug":"savigny-motion-pour-un-reglement-communal-relatif-a-la-protection-des-arbres-et-bosquets","status":"publish","type":"post","link":"https:\/\/vert-e-s-vd.ch\/lavaux-oron\/blog\/interventions-communales-savigny\/savigny-motion-pour-un-reglement-communal-relatif-a-la-protection-des-arbres-et-bosquets","title":{"rendered":"Motion \u00ab\u00a0Pour un r\u00e8glement communal relatif \u00e0 la protection des arbres et bosquets\u00a0\u00bb &#8211; novembre 2019"},"content":{"rendered":"","protected":false},"excerpt":{"rendered":"","protected":false},"author":14,"featured_media":0,"comment_status":"closed","ping_status":"closed","sticky":false,"template":"","format":"standard","meta":{"_acf_changed":false,"inline_featured_image":false,"footnotes":""},"categories":[463],"tags":[],"class_list":["post-72628","post","type-post","status-publish","format-standard","hentry","category-interventions-communales-savigny"],"acf":[],"yoast_head":"<!-- This site is optimized with the Yoast SEO plugin v26.9 - https:\/\/yoast.com\/product\/yoast-seo-wordpress\/ -->\n<title>Motion &quot;Pour un r\u00e8glement communal relatif \u00e0 la protection des arbres et bosquets&quot; - novembre 2019 - Les VERT.E.S de Lavaux-Oron<\/title>\n<meta name=\"description\" content=\"18-11-2019 - Motion de Jos\u00e9e Martin\" \/>\n<meta name=\"robots\" content=\"index, follow, max-snippet:-1, max-image-preview:large, max-video-preview:-1\" \/>\n<link rel=\"canonical\" href=\"https:\/\/vert-e-s-vd.ch\/lavaux-oron\/blog\/interventions-communales-savigny\/savigny-motion-pour-un-reglement-communal-relatif-a-la-protection-des-arbres-et-bosquets\" \/>\n<meta property=\"og:locale\" content=\"fr_FR\" \/>\n<meta property=\"og:type\" content=\"article\" \/>\n<meta property=\"og:title\" content=\"Motion &quot;Pour un r\u00e8glement communal relatif \u00e0 la protection des arbres et bosquets&quot; - novembre 2019 - Les VERT.E.S de Lavaux-Oron\" \/>\n<meta property=\"og:description\" content=\"18-11-2019 - Motion de Jos\u00e9e Martin\" \/>\n<meta property=\"og:url\" content=\"https:\/\/vert-e-s-vd.ch\/lavaux-oron\/blog\/interventions-communales-savigny\/savigny-motion-pour-un-reglement-communal-relatif-a-la-protection-des-arbres-et-bosquets\" \/>\n<meta property=\"og:site_name\" content=\"Les VERT.E.S de Lavaux-Oron\" \/>\n<meta property=\"article:published_time\" content=\"2021-01-25T09:02:17+00:00\" \/>\n<meta property=\"article:modified_time\" content=\"2025-09-25T22:16:48+00:00\" \/>\n<meta name=\"author\" content=\"Murielle\" \/>\n<meta name=\"twitter:card\" content=\"summary_large_image\" \/>\n<meta name=\"twitter:label1\" content=\"\u00c9crit par\" \/>\n\t<meta name=\"twitter:data1\" content=\"Murielle\" \/>\n\t<meta name=\"twitter:label2\" content=\"Dur\u00e9e de lecture estim\u00e9e\" \/>\n\t<meta name=\"twitter:data2\" content=\"3 minutes\" \/>\n<script type=\"application\/ld+json\" class=\"yoast-schema-graph\">{\"@context\":\"https:\/\/schema.org\",\"@graph\":[{\"@type\":\"Article\",\"@id\":\"https:\/\/vert-e-s-vd.ch\/lavaux-oron\/blog\/interventions-communales-savigny\/savigny-motion-pour-un-reglement-communal-relatif-a-la-protection-des-arbres-et-bosquets#article\",\"isPartOf\":{\"@id\":\"https:\/\/vert-e-s-vd.ch\/lavaux-oron\/blog\/interventions-communales-savigny\/savigny-motion-pour-un-reglement-communal-relatif-a-la-protection-des-arbres-et-bosquets\"},\"author\":{\"name\":\"Murielle\",\"@id\":\"https:\/\/vert-e-s-vd.ch\/lavaux-oron\/#\/schema\/person\/7b9d5939370a556d158e1ad4ff0f159c\"},\"headline\":\"Motion \u00ab\u00a0Pour un r\u00e8glement communal relatif \u00e0 la protection des arbres et bosquets\u00a0\u00bb &#8211; novembre 2019\",\"datePublished\":\"2021-01-25T09:02:17+00:00\",\"dateModified\":\"2025-09-25T22:16:48+00:00\",\"mainEntityOfPage\":{\"@id\":\"https:\/\/vert-e-s-vd.ch\/lavaux-oron\/blog\/interventions-communales-savigny\/savigny-motion-pour-un-reglement-communal-relatif-a-la-protection-des-arbres-et-bosquets\"},\"wordCount\":15,\"articleSection\":[\"Interventions communales Savigny\"],\"inLanguage\":\"fr-FR\"},{\"@type\":\"WebPage\",\"@id\":\"https:\/\/vert-e-s-vd.ch\/lavaux-oron\/blog\/interventions-communales-savigny\/savigny-motion-pour-un-reglement-communal-relatif-a-la-protection-des-arbres-et-bosquets\",\"url\":\"https:\/\/vert-e-s-vd.ch\/lavaux-oron\/blog\/interventions-communales-savigny\/savigny-motion-pour-un-reglement-communal-relatif-a-la-protection-des-arbres-et-bosquets\",\"name\":\"Motion \\\"Pour un r\u00e8glement communal relatif \u00e0 la protection des arbres et bosquets\\\" - novembre 2019 - Les VERT.E.S de Lavaux-Oron\",\"isPartOf\":{\"@id\":\"https:\/\/vert-e-s-vd.ch\/lavaux-oron\/#website\"},\"datePublished\":\"2021-01-25T09:02:17+00:00\",\"dateModified\":\"2025-09-25T22:16:48+00:00\",\"author\":{\"@id\":\"https:\/\/vert-e-s-vd.ch\/lavaux-oron\/#\/schema\/person\/7b9d5939370a556d158e1ad4ff0f159c\"},\"description\":\"18-11-2019 - Motion de Jos\u00e9e Martin\",\"breadcrumb\":{\"@id\":\"https:\/\/vert-e-s-vd.ch\/lavaux-oron\/blog\/interventions-communales-savigny\/savigny-motion-pour-un-reglement-communal-relatif-a-la-protection-des-arbres-et-bosquets#breadcrumb\"},\"inLanguage\":\"fr-FR\",\"potentialAction\":[{\"@type\":\"ReadAction\",\"target\":[\"https:\/\/vert-e-s-vd.ch\/lavaux-oron\/blog\/interventions-communales-savigny\/savigny-motion-pour-un-reglement-communal-relatif-a-la-protection-des-arbres-et-bosquets\"]}]},{\"@type\":\"BreadcrumbList\",\"@id\":\"https:\/\/vert-e-s-vd.ch\/lavaux-oron\/blog\/interventions-communales-savigny\/savigny-motion-pour-un-reglement-communal-relatif-a-la-protection-des-arbres-et-bosquets#breadcrumb\",\"itemListElement\":[{\"@type\":\"ListItem\",\"position\":1,\"name\":\"Accueil\",\"item\":\"https:\/\/vert-e-s-vd.ch\/lavaux-oron\/\"},{\"@type\":\"ListItem\",\"position\":2,\"name\":\"Interventions communales Savigny\",\"item\":\"https:\/\/vert-e-s-vd.ch\/lavaux-oron\/blog\/category\/interventions-communales-savigny\"},{\"@type\":\"ListItem\",\"position\":3,\"name\":\"Motion \u00ab\u00a0Pour un r\u00e8glement communal relatif \u00e0 la protection des arbres et bosquets\u00a0\u00bb &#8211; novembre 2019\"}]},{\"@type\":\"WebSite\",\"@id\":\"https:\/\/vert-e-s-vd.ch\/lavaux-oron\/#website\",\"url\":\"https:\/\/vert-e-s-vd.ch\/lavaux-oron\/\",\"name\":\"Les VERT.E.S de Lavaux-Oron\",\"description\":\"Une longueur d&#039;avance\",\"potentialAction\":[{\"@type\":\"SearchAction\",\"target\":{\"@type\":\"EntryPoint\",\"urlTemplate\":\"https:\/\/vert-e-s-vd.ch\/lavaux-oron\/?s={search_term_string}\"},\"query-input\":{\"@type\":\"PropertyValueSpecification\",\"valueRequired\":true,\"valueName\":\"search_term_string\"}}],\"inLanguage\":\"fr-FR\"},{\"@type\":\"Person\",\"@id\":\"https:\/\/vert-e-s-vd.ch\/lavaux-oron\/#\/schema\/person\/7b9d5939370a556d158e1ad4ff0f159c\",\"name\":\"Murielle\",\"image\":{\"@type\":\"ImageObject\",\"inLanguage\":\"fr-FR\",\"@id\":\"https:\/\/vert-e-s-vd.ch\/lavaux-oron\/#\/schema\/person\/image\/\",\"url\":\"https:\/\/secure.gravatar.com\/avatar\/1201b2592dec8ec4fe6e4c573f874e39287b421dfbef5f9ae13980c338a98b5d?s=96&d=mm&r=g\",\"contentUrl\":\"https:\/\/secure.gravatar.com\/avatar\/1201b2592dec8ec4fe6e4c573f874e39287b421dfbef5f9ae13980c338a98b5d?s=96&d=mm&r=g\",\"caption\":\"Murielle\"}}]}<\/script>\n<!-- \/ Yoast SEO plugin. -->","yoast_head_json":{"title":"Motion \"Pour un r\u00e8glement communal relatif \u00e0 la protection des arbres et bosquets\" - novembre 2019 - Les VERT.E.S de Lavaux-Oron","description":"18-11-2019 - Motion de Jos\u00e9e Martin","robots":{"index":"index","follow":"follow","max-snippet":"max-snippet:-1","max-image-preview":"max-image-preview:large","max-video-preview":"max-video-preview:-1"},"canonical":"https:\/\/vert-e-s-vd.ch\/lavaux-oron\/blog\/interventions-communales-savigny\/savigny-motion-pour-un-reglement-communal-relatif-a-la-protection-des-arbres-et-bosquets","og_locale":"fr_FR","og_type":"article","og_title":"Motion \"Pour un r\u00e8glement communal relatif \u00e0 la protection des arbres et bosquets\" - novembre 2019 - Les VERT.E.S de Lavaux-Oron","og_description":"18-11-2019 - Motion de Jos\u00e9e Martin","og_url":"https:\/\/vert-e-s-vd.ch\/lavaux-oron\/blog\/interventions-communales-savigny\/savigny-motion-pour-un-reglement-communal-relatif-a-la-protection-des-arbres-et-bosquets","og_site_name":"Les VERT.E.S de Lavaux-Oron","article_published_time":"2021-01-25T09:02:17+00:00","article_modified_time":"2025-09-25T22:16:48+00:00","author":"Murielle","twitter_card":"summary_large_image","twitter_misc":{"\u00c9crit par":"Murielle","Dur\u00e9e de lecture estim\u00e9e":"3 minutes"},"schema":{"@context":"https:\/\/schema.org","@graph":[{"@type":"Article","@id":"https:\/\/vert-e-s-vd.ch\/lavaux-oron\/blog\/interventions-communales-savigny\/savigny-motion-pour-un-reglement-communal-relatif-a-la-protection-des-arbres-et-bosquets#article","isPartOf":{"@id":"https:\/\/vert-e-s-vd.ch\/lavaux-oron\/blog\/interventions-communales-savigny\/savigny-motion-pour-un-reglement-communal-relatif-a-la-protection-des-arbres-et-bosquets"},"author":{"name":"Murielle","@id":"https:\/\/vert-e-s-vd.ch\/lavaux-oron\/#\/schema\/person\/7b9d5939370a556d158e1ad4ff0f159c"},"headline":"Motion \u00ab\u00a0Pour un r\u00e8glement communal relatif \u00e0 la protection des arbres et bosquets\u00a0\u00bb &#8211; novembre 2019","datePublished":"2021-01-25T09:02:17+00:00","dateModified":"2025-09-25T22:16:48+00:00","mainEntityOfPage":{"@id":"https:\/\/vert-e-s-vd.ch\/lavaux-oron\/blog\/interventions-communales-savigny\/savigny-motion-pour-un-reglement-communal-relatif-a-la-protection-des-arbres-et-bosquets"},"wordCount":15,"articleSection":["Interventions communales Savigny"],"inLanguage":"fr-FR"},{"@type":"WebPage","@id":"https:\/\/vert-e-s-vd.ch\/lavaux-oron\/blog\/interventions-communales-savigny\/savigny-motion-pour-un-reglement-communal-relatif-a-la-protection-des-arbres-et-bosquets","url":"https:\/\/vert-e-s-vd.ch\/lavaux-oron\/blog\/interventions-communales-savigny\/savigny-motion-pour-un-reglement-communal-relatif-a-la-protection-des-arbres-et-bosquets","name":"Motion \"Pour un r\u00e8glement communal relatif \u00e0 la protection des arbres et bosquets\" - novembre 2019 - Les VERT.E.S de Lavaux-Oron","isPartOf":{"@id":"https:\/\/vert-e-s-vd.ch\/lavaux-oron\/#website"},"datePublished":"2021-01-25T09:02:17+00:00","dateModified":"2025-09-25T22:16:48+00:00","author":{"@id":"https:\/\/vert-e-s-vd.ch\/lavaux-oron\/#\/schema\/person\/7b9d5939370a556d158e1ad4ff0f159c"},"description":"18-11-2019 - Motion de Jos\u00e9e Martin","breadcrumb":{"@id":"https:\/\/vert-e-s-vd.ch\/lavaux-oron\/blog\/interventions-communales-savigny\/savigny-motion-pour-un-reglement-communal-relatif-a-la-protection-des-arbres-et-bosquets#breadcrumb"},"inLanguage":"fr-FR","potentialAction":[{"@type":"ReadAction","target":["https:\/\/vert-e-s-vd.ch\/lavaux-oron\/blog\/interventions-communales-savigny\/savigny-motion-pour-un-reglement-communal-relatif-a-la-protection-des-arbres-et-bosquets"]}]},{"@type":"BreadcrumbList","@id":"https:\/\/vert-e-s-vd.ch\/lavaux-oron\/blog\/interventions-communales-savigny\/savigny-motion-pour-un-reglement-communal-relatif-a-la-protection-des-arbres-et-bosquets#breadcrumb","itemListElement":[{"@type":"ListItem","position":1,"name":"Accueil","item":"https:\/\/vert-e-s-vd.ch\/lavaux-oron\/"},{"@type":"ListItem","position":2,"name":"Interventions communales Savigny","item":"https:\/\/vert-e-s-vd.ch\/lavaux-oron\/blog\/category\/interventions-communales-savigny"},{"@type":"ListItem","position":3,"name":"Motion \u00ab\u00a0Pour un r\u00e8glement communal relatif \u00e0 la protection des arbres et bosquets\u00a0\u00bb &#8211; novembre 2019"}]},{"@type":"WebSite","@id":"https:\/\/vert-e-s-vd.ch\/lavaux-oron\/#website","url":"https:\/\/vert-e-s-vd.ch\/lavaux-oron\/","name":"Les VERT.E.S de Lavaux-Oron","description":"Une longueur d&#039;avance","potentialAction":[{"@type":"SearchAction","target":{"@type":"EntryPoint","urlTemplate":"https:\/\/vert-e-s-vd.ch\/lavaux-oron\/?s={search_term_string}"},"query-input":{"@type":"PropertyValueSpecification","valueRequired":true,"valueName":"search_term_string"}}],"inLanguage":"fr-FR"},{"@type":"Person","@id":"https:\/\/vert-e-s-vd.ch\/lavaux-oron\/#\/schema\/person\/7b9d5939370a556d158e1ad4ff0f159c","name":"Murielle","image":{"@type":"ImageObject","inLanguage":"fr-FR","@id":"https:\/\/vert-e-s-vd.ch\/lavaux-oron\/#\/schema\/person\/image\/","url":"https:\/\/secure.gravatar.com\/avatar\/1201b2592dec8ec4fe6e4c573f874e39287b421dfbef5f9ae13980c338a98b5d?s=96&d=mm&r=g","contentUrl":"https:\/\/secure.gravatar.com\/avatar\/1201b2592dec8ec4fe6e4c573f874e39287b421dfbef5f9ae13980c338a98b5d?s=96&d=mm&r=g","caption":"Murielle"}}]}},"_links":{"self":[{"href":"https:\/\/vert-e-s-vd.ch\/lavaux-oron\/wp-json\/wp\/v2\/posts\/72628","targetHints":{"allow":["GET"]}}],"collection":[{"href":"https:\/\/vert-e-s-vd.ch\/lavaux-oron\/wp-json\/wp\/v2\/posts"}],"about":[{"href":"https:\/\/vert-e-s-vd.ch\/lavaux-oron\/wp-json\/wp\/v2\/types\/post"}],"author":[{"embeddable":true,"href":"https:\/\/vert-e-s-vd.ch\/lavaux-oron\/wp-json\/wp\/v2\/users\/14"}],"replies":[{"embeddable":true,"href":"https:\/\/vert-e-s-vd.ch\/lavaux-oron\/wp-json\/wp\/v2\/comments?post=72628"}],"version-history":[{"count":4,"href":"https:\/\/vert-e-s-vd.ch\/lavaux-oron\/wp-json\/wp\/v2\/posts\/72628\/revisions"}],"predecessor-version":[{"id":74185,"href":"https:\/\/vert-e-s-vd.ch\/lavaux-oron\/wp-json\/wp\/v2\/posts\/72628\/revisions\/74185"}],"wp:attachment":[{"href":"https:\/\/vert-e-s-vd.ch\/lavaux-oron\/wp-json\/wp\/v2\/media?parent=72628"}],"wp:term":[{"taxonomy":"category","embeddable":true,"href":"https:\/\/vert-e-s-vd.ch\/lavaux-oron\/wp-json\/wp\/v2\/categories?post=72628"},{"taxonomy":"post_tag","embeddable":true,"href":"https:\/\/vert-e-s-vd.ch\/lavaux-oron\/wp-json\/wp\/v2\/tags?post=72628"}],"curies":[{"name":"wp","href":"https:\/\/api.w.org\/{rel}","templated":true}]}}