{"id":1612,"date":"2020-09-09T12:04:09","date_gmt":"2020-09-09T11:04:09","guid":{"rendered":"https:\/\/web.vert-e-s-vd.ch\/lavaux-oron\/?p=1612"},"modified":"2025-09-30T20:23:35","modified_gmt":"2025-09-30T18:23:35","slug":"foire-aux-skis","status":"publish","type":"post","link":"https:\/\/vert-e-s-vd.ch\/lavaux-oron\/blog\/lutry\/foire-aux-skis","title":{"rendered":"Foire aux skis du 7 novembre 2020 &#8211; ANNUL\u00c9E"},"content":{"rendered":"","protected":false},"excerpt":{"rendered":"","protected":false},"author":3,"featured_media":1613,"comment_status":"closed","ping_status":"closed","sticky":false,"template":"","format":"standard","meta":{"_acf_changed":false,"inline_featured_image":false,"footnotes":""},"categories":[443,449],"tags":[],"class_list":["post-1612","post","type-post","status-publish","format-standard","has-post-thumbnail","hentry","category-lavaux-oron","category-lutry"],"acf":[],"yoast_head":"<!-- This site is optimized with the Yoast SEO plugin v26.9 - https:\/\/yoast.com\/product\/yoast-seo-wordpress\/ -->\n<title>Foire aux skis du 7 novembre 2020 - ANNUL\u00c9E - Les VERT.E.S de Lavaux-Oron<\/title>\n<meta name=\"robots\" content=\"index, follow, max-snippet:-1, max-image-preview:large, max-video-preview:-1\" \/>\n<link rel=\"canonical\" href=\"https:\/\/vert-e-s-vd.ch\/lavaux-oron\/blog\/lavaux-oron\/foire-aux-skis\" \/>\n<meta property=\"og:locale\" content=\"fr_FR\" \/>\n<meta property=\"og:type\" content=\"article\" \/>\n<meta property=\"og:title\" content=\"Foire aux skis du 7 novembre 2020 - ANNUL\u00c9E - Les VERT.E.S de Lavaux-Oron\" \/>\n<meta property=\"og:url\" content=\"https:\/\/vert-e-s-vd.ch\/lavaux-oron\/blog\/lavaux-oron\/foire-aux-skis\" \/>\n<meta property=\"og:site_name\" content=\"Les VERT.E.S de Lavaux-Oron\" \/>\n<meta property=\"article:published_time\" content=\"2020-09-09T11:04:09+00:00\" \/>\n<meta property=\"article:modified_time\" content=\"2025-09-30T18:23:35+00:00\" \/>\n<meta property=\"og:image\" content=\"https:\/\/vert-e-s-vd.ch\/lavaux-oron\/wp-content\/uploads\/sites\/10\/2020\/09\/foire-aux-skis-2020-e1599649436534-790x0-c-default.png\" \/>\n\t<meta property=\"og:image:width\" content=\"790\" \/>\n\t<meta property=\"og:image:height\" content=\"395\" \/>\n\t<meta property=\"og:image:type\" content=\"image\/png\" \/>\n<meta name=\"author\" content=\"anne\" \/>\n<meta name=\"twitter:card\" content=\"summary_large_image\" \/>\n<meta name=\"twitter:label1\" content=\"\u00c9crit par\" \/>\n\t<meta name=\"twitter:data1\" content=\"anne\" \/>\n\t<meta name=\"twitter:label2\" content=\"Dur\u00e9e de lecture estim\u00e9e\" \/>\n\t<meta name=\"twitter:data2\" content=\"2 minutes\" \/>\n<script type=\"application\/ld+json\" class=\"yoast-schema-graph\">{\"@context\":\"https:\/\/schema.org\",\"@graph\":[{\"@type\":\"Article\",\"@id\":\"https:\/\/vert-e-s-vd.ch\/lavaux-oron\/blog\/lavaux-oron\/foire-aux-skis#article\",\"isPartOf\":{\"@id\":\"https:\/\/vert-e-s-vd.ch\/lavaux-oron\/blog\/lavaux-oron\/foire-aux-skis\"},\"author\":{\"name\":\"anne\",\"@id\":\"https:\/\/vert-e-s-vd.ch\/lavaux-oron\/#\/schema\/person\/37417f96e39e515a5b87cd69a2e0a9b9\"},\"headline\":\"Foire aux skis du 7 novembre 2020 &#8211; ANNUL\u00c9E\",\"datePublished\":\"2020-09-09T11:04:09+00:00\",\"dateModified\":\"2025-09-30T18:23:35+00:00\",\"mainEntityOfPage\":{\"@id\":\"https:\/\/vert-e-s-vd.ch\/lavaux-oron\/blog\/lavaux-oron\/foire-aux-skis\"},\"wordCount\":8,\"image\":{\"@id\":\"https:\/\/vert-e-s-vd.ch\/lavaux-oron\/blog\/lavaux-oron\/foire-aux-skis#primaryimage\"},\"thumbnailUrl\":\"https:\/\/vert-e-s-vd.ch\/lavaux-oron\/wp-content\/uploads\/sites\/10\/2020\/09\/foire-aux-skis-2020-e1599649436534-2560x0-c-default.png\",\"articleSection\":[\"Lavaux-Oron\",\"Lutry\"],\"inLanguage\":\"fr-FR\"},{\"@type\":\"WebPage\",\"@id\":\"https:\/\/vert-e-s-vd.ch\/lavaux-oron\/blog\/lavaux-oron\/foire-aux-skis\",\"url\":\"https:\/\/vert-e-s-vd.ch\/lavaux-oron\/blog\/lavaux-oron\/foire-aux-skis\",\"name\":\"Foire aux skis du 7 novembre 2020 - ANNUL\u00c9E - Les VERT.E.S de Lavaux-Oron\",\"isPartOf\":{\"@id\":\"https:\/\/vert-e-s-vd.ch\/lavaux-oron\/#website\"},\"primaryImageOfPage\":{\"@id\":\"https:\/\/vert-e-s-vd.ch\/lavaux-oron\/blog\/lavaux-oron\/foire-aux-skis#primaryimage\"},\"image\":{\"@id\":\"https:\/\/vert-e-s-vd.ch\/lavaux-oron\/blog\/lavaux-oron\/foire-aux-skis#primaryimage\"},\"thumbnailUrl\":\"https:\/\/vert-e-s-vd.ch\/lavaux-oron\/wp-content\/uploads\/sites\/10\/2020\/09\/foire-aux-skis-2020-e1599649436534-2560x0-c-default.png\",\"datePublished\":\"2020-09-09T11:04:09+00:00\",\"dateModified\":\"2025-09-30T18:23:35+00:00\",\"author\":{\"@id\":\"https:\/\/vert-e-s-vd.ch\/lavaux-oron\/#\/schema\/person\/37417f96e39e515a5b87cd69a2e0a9b9\"},\"breadcrumb\":{\"@id\":\"https:\/\/vert-e-s-vd.ch\/lavaux-oron\/blog\/lavaux-oron\/foire-aux-skis#breadcrumb\"},\"inLanguage\":\"fr-FR\",\"potentialAction\":[{\"@type\":\"ReadAction\",\"target\":[\"https:\/\/vert-e-s-vd.ch\/lavaux-oron\/blog\/lavaux-oron\/foire-aux-skis\"]}]},{\"@type\":\"ImageObject\",\"inLanguage\":\"fr-FR\",\"@id\":\"https:\/\/vert-e-s-vd.ch\/lavaux-oron\/blog\/lavaux-oron\/foire-aux-skis#primaryimage\",\"url\":\"https:\/\/vert-e-s-vd.ch\/lavaux-oron\/wp-content\/uploads\/sites\/10\/2020\/09\/foire-aux-skis-2020-e1599649436534-2560x0-c-default.png\",\"contentUrl\":\"https:\/\/vert-e-s-vd.ch\/lavaux-oron\/wp-content\/uploads\/sites\/10\/2020\/09\/foire-aux-skis-2020-e1599649436534-2560x0-c-default.png\",\"width\":1299,\"height\":650},{\"@type\":\"BreadcrumbList\",\"@id\":\"https:\/\/vert-e-s-vd.ch\/lavaux-oron\/blog\/lavaux-oron\/foire-aux-skis#breadcrumb\",\"itemListElement\":[{\"@type\":\"ListItem\",\"position\":1,\"name\":\"Accueil\",\"item\":\"https:\/\/vert-e-s-vd.ch\/lavaux-oron\/\"},{\"@type\":\"ListItem\",\"position\":2,\"name\":\"Dans nos communes \u25bc\",\"item\":\"#menu-item-70867\"},{\"@type\":\"ListItem\",\"position\":3,\"name\":\"Lutry\",\"item\":\"https:\/\/vert-e-s-vd.ch\/lavaux-oron\/blog\/category\/lutry\"},{\"@type\":\"ListItem\",\"position\":4,\"name\":\"Foire aux skis du 7 novembre 2020 &#8211; ANNUL\u00c9E\"}]},{\"@type\":\"WebSite\",\"@id\":\"https:\/\/vert-e-s-vd.ch\/lavaux-oron\/#website\",\"url\":\"https:\/\/vert-e-s-vd.ch\/lavaux-oron\/\",\"name\":\"Les VERT.E.S de Lavaux-Oron\",\"description\":\"Une longueur d&#039;avance\",\"potentialAction\":[{\"@type\":\"SearchAction\",\"target\":{\"@type\":\"EntryPoint\",\"urlTemplate\":\"https:\/\/vert-e-s-vd.ch\/lavaux-oron\/?s={search_term_string}\"},\"query-input\":{\"@type\":\"PropertyValueSpecification\",\"valueRequired\":true,\"valueName\":\"search_term_string\"}}],\"inLanguage\":\"fr-FR\"},{\"@type\":\"Person\",\"@id\":\"https:\/\/vert-e-s-vd.ch\/lavaux-oron\/#\/schema\/person\/37417f96e39e515a5b87cd69a2e0a9b9\",\"name\":\"anne\",\"image\":{\"@type\":\"ImageObject\",\"inLanguage\":\"fr-FR\",\"@id\":\"https:\/\/vert-e-s-vd.ch\/lavaux-oron\/#\/schema\/person\/image\/\",\"url\":\"https:\/\/secure.gravatar.com\/avatar\/0570858af84b31d095da3690f5a9966acd8cb2fe533763d24c6510190b6cd0ec?s=96&d=mm&r=g\",\"contentUrl\":\"https:\/\/secure.gravatar.com\/avatar\/0570858af84b31d095da3690f5a9966acd8cb2fe533763d24c6510190b6cd0ec?s=96&d=mm&r=g\",\"caption\":\"anne\"}}]}<\/script>\n<!-- \/ Yoast SEO plugin. -->","yoast_head_json":{"title":"Foire aux skis du 7 novembre 2020 - ANNUL\u00c9E - Les VERT.E.S de Lavaux-Oron","robots":{"index":"index","follow":"follow","max-snippet":"max-snippet:-1","max-image-preview":"max-image-preview:large","max-video-preview":"max-video-preview:-1"},"canonical":"https:\/\/vert-e-s-vd.ch\/lavaux-oron\/blog\/lavaux-oron\/foire-aux-skis","og_locale":"fr_FR","og_type":"article","og_title":"Foire aux skis du 7 novembre 2020 - ANNUL\u00c9E - Les VERT.E.S de Lavaux-Oron","og_url":"https:\/\/vert-e-s-vd.ch\/lavaux-oron\/blog\/lavaux-oron\/foire-aux-skis","og_site_name":"Les VERT.E.S de Lavaux-Oron","article_published_time":"2020-09-09T11:04:09+00:00","article_modified_time":"2025-09-30T18:23:35+00:00","og_image":[{"url":"https:\/\/vert-e-s-vd.ch\/lavaux-oron\/wp-content\/uploads\/sites\/10\/2020\/09\/foire-aux-skis-2020-e1599649436534-790x0-c-default.png","width":790,"height":395,"type":"image\/png"}],"author":"anne","twitter_card":"summary_large_image","twitter_misc":{"\u00c9crit par":"anne","Dur\u00e9e de lecture estim\u00e9e":"2 minutes"},"schema":{"@context":"https:\/\/schema.org","@graph":[{"@type":"Article","@id":"https:\/\/vert-e-s-vd.ch\/lavaux-oron\/blog\/lavaux-oron\/foire-aux-skis#article","isPartOf":{"@id":"https:\/\/vert-e-s-vd.ch\/lavaux-oron\/blog\/lavaux-oron\/foire-aux-skis"},"author":{"name":"anne","@id":"https:\/\/vert-e-s-vd.ch\/lavaux-oron\/#\/schema\/person\/37417f96e39e515a5b87cd69a2e0a9b9"},"headline":"Foire aux skis du 7 novembre 2020 &#8211; ANNUL\u00c9E","datePublished":"2020-09-09T11:04:09+00:00","dateModified":"2025-09-30T18:23:35+00:00","mainEntityOfPage":{"@id":"https:\/\/vert-e-s-vd.ch\/lavaux-oron\/blog\/lavaux-oron\/foire-aux-skis"},"wordCount":8,"image":{"@id":"https:\/\/vert-e-s-vd.ch\/lavaux-oron\/blog\/lavaux-oron\/foire-aux-skis#primaryimage"},"thumbnailUrl":"https:\/\/vert-e-s-vd.ch\/lavaux-oron\/wp-content\/uploads\/sites\/10\/2020\/09\/foire-aux-skis-2020-e1599649436534-2560x0-c-default.png","articleSection":["Lavaux-Oron","Lutry"],"inLanguage":"fr-FR"},{"@type":"WebPage","@id":"https:\/\/vert-e-s-vd.ch\/lavaux-oron\/blog\/lavaux-oron\/foire-aux-skis","url":"https:\/\/vert-e-s-vd.ch\/lavaux-oron\/blog\/lavaux-oron\/foire-aux-skis","name":"Foire aux skis du 7 novembre 2020 - ANNUL\u00c9E - Les VERT.E.S de Lavaux-Oron","isPartOf":{"@id":"https:\/\/vert-e-s-vd.ch\/lavaux-oron\/#website"},"primaryImageOfPage":{"@id":"https:\/\/vert-e-s-vd.ch\/lavaux-oron\/blog\/lavaux-oron\/foire-aux-skis#primaryimage"},"image":{"@id":"https:\/\/vert-e-s-vd.ch\/lavaux-oron\/blog\/lavaux-oron\/foire-aux-skis#primaryimage"},"thumbnailUrl":"https:\/\/vert-e-s-vd.ch\/lavaux-oron\/wp-content\/uploads\/sites\/10\/2020\/09\/foire-aux-skis-2020-e1599649436534-2560x0-c-default.png","datePublished":"2020-09-09T11:04:09+00:00","dateModified":"2025-09-30T18:23:35+00:00","author":{"@id":"https:\/\/vert-e-s-vd.ch\/lavaux-oron\/#\/schema\/person\/37417f96e39e515a5b87cd69a2e0a9b9"},"breadcrumb":{"@id":"https:\/\/vert-e-s-vd.ch\/lavaux-oron\/blog\/lavaux-oron\/foire-aux-skis#breadcrumb"},"inLanguage":"fr-FR","potentialAction":[{"@type":"ReadAction","target":["https:\/\/vert-e-s-vd.ch\/lavaux-oron\/blog\/lavaux-oron\/foire-aux-skis"]}]},{"@type":"ImageObject","inLanguage":"fr-FR","@id":"https:\/\/vert-e-s-vd.ch\/lavaux-oron\/blog\/lavaux-oron\/foire-aux-skis#primaryimage","url":"https:\/\/vert-e-s-vd.ch\/lavaux-oron\/wp-content\/uploads\/sites\/10\/2020\/09\/foire-aux-skis-2020-e1599649436534-2560x0-c-default.png","contentUrl":"https:\/\/vert-e-s-vd.ch\/lavaux-oron\/wp-content\/uploads\/sites\/10\/2020\/09\/foire-aux-skis-2020-e1599649436534-2560x0-c-default.png","width":1299,"height":650},{"@type":"BreadcrumbList","@id":"https:\/\/vert-e-s-vd.ch\/lavaux-oron\/blog\/lavaux-oron\/foire-aux-skis#breadcrumb","itemListElement":[{"@type":"ListItem","position":1,"name":"Accueil","item":"https:\/\/vert-e-s-vd.ch\/lavaux-oron\/"},{"@type":"ListItem","position":2,"name":"Dans nos communes \u25bc","item":"#menu-item-70867"},{"@type":"ListItem","position":3,"name":"Lutry","item":"https:\/\/vert-e-s-vd.ch\/lavaux-oron\/blog\/category\/lutry"},{"@type":"ListItem","position":4,"name":"Foire aux skis du 7 novembre 2020 &#8211; ANNUL\u00c9E"}]},{"@type":"WebSite","@id":"https:\/\/vert-e-s-vd.ch\/lavaux-oron\/#website","url":"https:\/\/vert-e-s-vd.ch\/lavaux-oron\/","name":"Les VERT.E.S de Lavaux-Oron","description":"Une longueur d&#039;avance","potentialAction":[{"@type":"SearchAction","target":{"@type":"EntryPoint","urlTemplate":"https:\/\/vert-e-s-vd.ch\/lavaux-oron\/?s={search_term_string}"},"query-input":{"@type":"PropertyValueSpecification","valueRequired":true,"valueName":"search_term_string"}}],"inLanguage":"fr-FR"},{"@type":"Person","@id":"https:\/\/vert-e-s-vd.ch\/lavaux-oron\/#\/schema\/person\/37417f96e39e515a5b87cd69a2e0a9b9","name":"anne","image":{"@type":"ImageObject","inLanguage":"fr-FR","@id":"https:\/\/vert-e-s-vd.ch\/lavaux-oron\/#\/schema\/person\/image\/","url":"https:\/\/secure.gravatar.com\/avatar\/0570858af84b31d095da3690f5a9966acd8cb2fe533763d24c6510190b6cd0ec?s=96&d=mm&r=g","contentUrl":"https:\/\/secure.gravatar.com\/avatar\/0570858af84b31d095da3690f5a9966acd8cb2fe533763d24c6510190b6cd0ec?s=96&d=mm&r=g","caption":"anne"}}]}},"_links":{"self":[{"href":"https:\/\/vert-e-s-vd.ch\/lavaux-oron\/wp-json\/wp\/v2\/posts\/1612","targetHints":{"allow":["GET"]}}],"collection":[{"href":"https:\/\/vert-e-s-vd.ch\/lavaux-oron\/wp-json\/wp\/v2\/posts"}],"about":[{"href":"https:\/\/vert-e-s-vd.ch\/lavaux-oron\/wp-json\/wp\/v2\/types\/post"}],"author":[{"embeddable":true,"href":"https:\/\/vert-e-s-vd.ch\/lavaux-oron\/wp-json\/wp\/v2\/users\/3"}],"replies":[{"embeddable":true,"href":"https:\/\/vert-e-s-vd.ch\/lavaux-oron\/wp-json\/wp\/v2\/comments?post=1612"}],"version-history":[{"count":2,"href":"https:\/\/vert-e-s-vd.ch\/lavaux-oron\/wp-json\/wp\/v2\/posts\/1612\/revisions"}],"predecessor-version":[{"id":74215,"href":"https:\/\/vert-e-s-vd.ch\/lavaux-oron\/wp-json\/wp\/v2\/posts\/1612\/revisions\/74215"}],"wp:featuredmedia":[{"embeddable":true,"href":"https:\/\/vert-e-s-vd.ch\/lavaux-oron\/wp-json\/wp\/v2\/media\/1613"}],"wp:attachment":[{"href":"https:\/\/vert-e-s-vd.ch\/lavaux-oron\/wp-json\/wp\/v2\/media?parent=1612"}],"wp:term":[{"taxonomy":"category","embeddable":true,"href":"https:\/\/vert-e-s-vd.ch\/lavaux-oron\/wp-json\/wp\/v2\/categories?post=1612"},{"taxonomy":"post_tag","embeddable":true,"href":"https:\/\/vert-e-s-vd.ch\/lavaux-oron\/wp-json\/wp\/v2\/tags?post=1612"}],"curies":[{"name":"wp","href":"https:\/\/api.w.org\/{rel}","templated":true}]}}