{"id":75941,"date":"2026-01-22T16:30:40","date_gmt":"2026-01-22T15:30:40","guid":{"rendered":"https:\/\/vert-e-s-vd.ch\/lausanne\/?p=75941"},"modified":"2026-01-22T16:30:40","modified_gmt":"2026-01-22T15:30:40","slug":"une-modification-pour-repondre-aux-enjeux-environnementaux-et-climatiques","status":"publish","type":"post","link":"https:\/\/vert-e-s-vd.ch\/lausanne\/blog\/communiques-de-presse\/une-modification-pour-repondre-aux-enjeux-environnementaux-et-climatiques","title":{"rendered":"Une modification pour r\u00e9pondre aux enjeux environnementaux et climatiques"},"content":{"rendered":"","protected":false},"excerpt":{"rendered":"","protected":false},"author":3,"featured_media":0,"comment_status":"closed","ping_status":"closed","sticky":false,"template":"single_press_release.php","format":"standard","meta":{"_acf_changed":false,"inline_featured_image":false,"footnotes":""},"categories":[393],"tags":[323,510,334,337,332,330],"class_list":["post-75941","post","type-post","status-publish","format-standard","hentry","category-communiques-de-presse","tag-amenagement-du-territoire","tag-biodiversite","tag-climat","tag-environnement","tag-patrimoine","tag-urbanisme"],"acf":[],"yoast_head":"<!-- This site is optimized with the Yoast SEO plugin v26.9 - https:\/\/yoast.com\/product\/yoast-seo-wordpress\/ -->\n<title>Une modification pour r\u00e9pondre aux enjeux environnementaux et climatiques - Les VERT\u00b7E\u00b7S lausannois\u00b7es<\/title>\n<meta name=\"description\" content=\"Les Vert\u00b7e\u00b7s lausannois\u00b7es se r\u00e9jouissent de l\u2019adoption par le Conseil communal de la modification du r\u00e8glement du Plan g\u00e9n\u00e9ral d\u2019affectation (MPGA). Les nouvelles dispositions introduites r\u00e9pondent \u00e0 nombre de nos demandes et permettent de mieux int\u00e9grer les enjeux environnementaux et climatiques dans les projets de construction et de mieux pr\u00e9server le patrimoine b\u00e2ti, naturel et paysager de notre Ville.\" \/>\n<meta name=\"robots\" content=\"index, follow, max-snippet:-1, max-image-preview:large, max-video-preview:-1\" \/>\n<link rel=\"canonical\" href=\"https:\/\/vert-e-s-vd.ch\/lausanne\/blog\/communiques-de-presse\/une-modification-pour-repondre-aux-enjeux-environnementaux-et-climatiques\" \/>\n<meta property=\"og:locale\" content=\"fr_FR\" \/>\n<meta property=\"og:type\" content=\"article\" \/>\n<meta property=\"og:title\" content=\"Une modification pour r\u00e9pondre aux enjeux environnementaux et climatiques - Les VERT\u00b7E\u00b7S lausannois\u00b7es\" \/>\n<meta property=\"og:description\" content=\"Les Vert\u00b7e\u00b7s lausannois\u00b7es se r\u00e9jouissent de l\u2019adoption par le Conseil communal de la modification du r\u00e8glement du Plan g\u00e9n\u00e9ral \u2026\" \/>\n<meta property=\"og:url\" content=\"https:\/\/vert-e-s-vd.ch\/lausanne\/blog\/communiques-de-presse\/une-modification-pour-repondre-aux-enjeux-environnementaux-et-climatiques\" \/>\n<meta property=\"og:site_name\" content=\"Les VERT\u00b7E\u00b7S lausannois\u00b7es\" \/>\n<meta property=\"article:published_time\" content=\"2026-01-22T15:30:40+00:00\" \/>\n<meta name=\"author\" content=\"anne\" \/>\n<meta name=\"twitter:card\" content=\"summary_large_image\" \/>\n<meta name=\"twitter:label1\" content=\"\u00c9crit par\" \/>\n\t<meta name=\"twitter:data1\" content=\"anne\" \/>\n\t<meta name=\"twitter:label2\" content=\"Dur\u00e9e de lecture estim\u00e9e\" \/>\n\t<meta name=\"twitter:data2\" content=\"3 minutes\" \/>\n<script type=\"application\/ld+json\" class=\"yoast-schema-graph\">{\"@context\":\"https:\/\/schema.org\",\"@graph\":[{\"@type\":\"Article\",\"@id\":\"https:\/\/vert-e-s-vd.ch\/lausanne\/blog\/communiques-de-presse\/une-modification-pour-repondre-aux-enjeux-environnementaux-et-climatiques#article\",\"isPartOf\":{\"@id\":\"https:\/\/vert-e-s-vd.ch\/lausanne\/blog\/communiques-de-presse\/une-modification-pour-repondre-aux-enjeux-environnementaux-et-climatiques\"},\"author\":{\"name\":\"anne\",\"@id\":\"https:\/\/vert-e-s-vd.ch\/lausanne\/#\/schema\/person\/37417f96e39e515a5b87cd69a2e0a9b9\"},\"headline\":\"Une modification pour r\u00e9pondre aux enjeux environnementaux et climatiques\",\"datePublished\":\"2026-01-22T15:30:40+00:00\",\"mainEntityOfPage\":{\"@id\":\"https:\/\/vert-e-s-vd.ch\/lausanne\/blog\/communiques-de-presse\/une-modification-pour-repondre-aux-enjeux-environnementaux-et-climatiques\"},\"wordCount\":10,\"keywords\":[\"am\u00e9nagement du territoire\",\"biodiversit\u00e9\",\"climat\",\"environnement\",\"patrimoine\",\"urbanisme\"],\"articleSection\":[\"Communiqu\u00e9s de presse\"],\"inLanguage\":\"fr-FR\"},{\"@type\":\"WebPage\",\"@id\":\"https:\/\/vert-e-s-vd.ch\/lausanne\/blog\/communiques-de-presse\/une-modification-pour-repondre-aux-enjeux-environnementaux-et-climatiques\",\"url\":\"https:\/\/vert-e-s-vd.ch\/lausanne\/blog\/communiques-de-presse\/une-modification-pour-repondre-aux-enjeux-environnementaux-et-climatiques\",\"name\":\"Une modification pour r\u00e9pondre aux enjeux environnementaux et climatiques - Les VERT\u00b7E\u00b7S lausannois\u00b7es\",\"isPartOf\":{\"@id\":\"https:\/\/vert-e-s-vd.ch\/lausanne\/#website\"},\"datePublished\":\"2026-01-22T15:30:40+00:00\",\"author\":{\"@id\":\"https:\/\/vert-e-s-vd.ch\/lausanne\/#\/schema\/person\/37417f96e39e515a5b87cd69a2e0a9b9\"},\"description\":\"Les Vert\u00b7e\u00b7s lausannois\u00b7es se r\u00e9jouissent de l\u2019adoption par le Conseil communal de la modification du r\u00e8glement du Plan g\u00e9n\u00e9ral d\u2019affectation (MPGA). Les nouvelles dispositions introduites r\u00e9pondent \u00e0 nombre de nos demandes et permettent de mieux int\u00e9grer les enjeux environnementaux et climatiques dans les projets de construction et de mieux pr\u00e9server le patrimoine b\u00e2ti, naturel et paysager de notre Ville.\",\"breadcrumb\":{\"@id\":\"https:\/\/vert-e-s-vd.ch\/lausanne\/blog\/communiques-de-presse\/une-modification-pour-repondre-aux-enjeux-environnementaux-et-climatiques#breadcrumb\"},\"inLanguage\":\"fr-FR\",\"potentialAction\":[{\"@type\":\"ReadAction\",\"target\":[\"https:\/\/vert-e-s-vd.ch\/lausanne\/blog\/communiques-de-presse\/une-modification-pour-repondre-aux-enjeux-environnementaux-et-climatiques\"]}]},{\"@type\":\"BreadcrumbList\",\"@id\":\"https:\/\/vert-e-s-vd.ch\/lausanne\/blog\/communiques-de-presse\/une-modification-pour-repondre-aux-enjeux-environnementaux-et-climatiques#breadcrumb\",\"itemListElement\":[{\"@type\":\"ListItem\",\"position\":1,\"name\":\"Accueil\",\"item\":\"https:\/\/vert-e-s-vd.ch\/lausanne\/\"},{\"@type\":\"ListItem\",\"position\":2,\"name\":\"Agenda\",\"item\":\"https:\/\/vert-e-s-vd.ch\/lausanne?post_type=tribe_events&tribe_event_display=list#menu-item-70603\"},{\"@type\":\"ListItem\",\"position\":3,\"name\":\"Une modification pour r\u00e9pondre aux enjeux environnementaux et climatiques\"}]},{\"@type\":\"WebSite\",\"@id\":\"https:\/\/vert-e-s-vd.ch\/lausanne\/#website\",\"url\":\"https:\/\/vert-e-s-vd.ch\/lausanne\/\",\"name\":\"Les VERT\u00b7E\u00b7S lausannois\u00b7es\",\"description\":\"Une longueur d\u2019avance\",\"potentialAction\":[{\"@type\":\"SearchAction\",\"target\":{\"@type\":\"EntryPoint\",\"urlTemplate\":\"https:\/\/vert-e-s-vd.ch\/lausanne\/?s={search_term_string}\"},\"query-input\":{\"@type\":\"PropertyValueSpecification\",\"valueRequired\":true,\"valueName\":\"search_term_string\"}}],\"inLanguage\":\"fr-FR\"},{\"@type\":\"Person\",\"@id\":\"https:\/\/vert-e-s-vd.ch\/lausanne\/#\/schema\/person\/37417f96e39e515a5b87cd69a2e0a9b9\",\"name\":\"anne\",\"image\":{\"@type\":\"ImageObject\",\"inLanguage\":\"fr-FR\",\"@id\":\"https:\/\/vert-e-s-vd.ch\/lausanne\/#\/schema\/person\/image\/\",\"url\":\"https:\/\/secure.gravatar.com\/avatar\/0570858af84b31d095da3690f5a9966acd8cb2fe533763d24c6510190b6cd0ec?s=96&d=mm&r=g\",\"contentUrl\":\"https:\/\/secure.gravatar.com\/avatar\/0570858af84b31d095da3690f5a9966acd8cb2fe533763d24c6510190b6cd0ec?s=96&d=mm&r=g\",\"caption\":\"anne\"}}]}<\/script>\n<!-- \/ Yoast SEO plugin. -->","yoast_head_json":{"title":"Une modification pour r\u00e9pondre aux enjeux environnementaux et climatiques - Les VERT\u00b7E\u00b7S lausannois\u00b7es","description":"Les Vert\u00b7e\u00b7s lausannois\u00b7es se r\u00e9jouissent de l\u2019adoption par le Conseil communal de la modification du r\u00e8glement du Plan g\u00e9n\u00e9ral d\u2019affectation (MPGA). Les nouvelles dispositions introduites r\u00e9pondent \u00e0 nombre de nos demandes et permettent de mieux int\u00e9grer les enjeux environnementaux et climatiques dans les projets de construction et de mieux pr\u00e9server le patrimoine b\u00e2ti, naturel et paysager de notre Ville.","robots":{"index":"index","follow":"follow","max-snippet":"max-snippet:-1","max-image-preview":"max-image-preview:large","max-video-preview":"max-video-preview:-1"},"canonical":"https:\/\/vert-e-s-vd.ch\/lausanne\/blog\/communiques-de-presse\/une-modification-pour-repondre-aux-enjeux-environnementaux-et-climatiques","og_locale":"fr_FR","og_type":"article","og_title":"Une modification pour r\u00e9pondre aux enjeux environnementaux et climatiques - Les VERT\u00b7E\u00b7S lausannois\u00b7es","og_description":"Les Vert\u00b7e\u00b7s lausannois\u00b7es se r\u00e9jouissent de l\u2019adoption par le Conseil communal de la modification du r\u00e8glement du Plan g\u00e9n\u00e9ral \u2026","og_url":"https:\/\/vert-e-s-vd.ch\/lausanne\/blog\/communiques-de-presse\/une-modification-pour-repondre-aux-enjeux-environnementaux-et-climatiques","og_site_name":"Les VERT\u00b7E\u00b7S lausannois\u00b7es","article_published_time":"2026-01-22T15:30:40+00:00","author":"anne","twitter_card":"summary_large_image","twitter_misc":{"\u00c9crit par":"anne","Dur\u00e9e de lecture estim\u00e9e":"3 minutes"},"schema":{"@context":"https:\/\/schema.org","@graph":[{"@type":"Article","@id":"https:\/\/vert-e-s-vd.ch\/lausanne\/blog\/communiques-de-presse\/une-modification-pour-repondre-aux-enjeux-environnementaux-et-climatiques#article","isPartOf":{"@id":"https:\/\/vert-e-s-vd.ch\/lausanne\/blog\/communiques-de-presse\/une-modification-pour-repondre-aux-enjeux-environnementaux-et-climatiques"},"author":{"name":"anne","@id":"https:\/\/vert-e-s-vd.ch\/lausanne\/#\/schema\/person\/37417f96e39e515a5b87cd69a2e0a9b9"},"headline":"Une modification pour r\u00e9pondre aux enjeux environnementaux et climatiques","datePublished":"2026-01-22T15:30:40+00:00","mainEntityOfPage":{"@id":"https:\/\/vert-e-s-vd.ch\/lausanne\/blog\/communiques-de-presse\/une-modification-pour-repondre-aux-enjeux-environnementaux-et-climatiques"},"wordCount":10,"keywords":["am\u00e9nagement du territoire","biodiversit\u00e9","climat","environnement","patrimoine","urbanisme"],"articleSection":["Communiqu\u00e9s de presse"],"inLanguage":"fr-FR"},{"@type":"WebPage","@id":"https:\/\/vert-e-s-vd.ch\/lausanne\/blog\/communiques-de-presse\/une-modification-pour-repondre-aux-enjeux-environnementaux-et-climatiques","url":"https:\/\/vert-e-s-vd.ch\/lausanne\/blog\/communiques-de-presse\/une-modification-pour-repondre-aux-enjeux-environnementaux-et-climatiques","name":"Une modification pour r\u00e9pondre aux enjeux environnementaux et climatiques - Les VERT\u00b7E\u00b7S lausannois\u00b7es","isPartOf":{"@id":"https:\/\/vert-e-s-vd.ch\/lausanne\/#website"},"datePublished":"2026-01-22T15:30:40+00:00","author":{"@id":"https:\/\/vert-e-s-vd.ch\/lausanne\/#\/schema\/person\/37417f96e39e515a5b87cd69a2e0a9b9"},"description":"Les Vert\u00b7e\u00b7s lausannois\u00b7es se r\u00e9jouissent de l\u2019adoption par le Conseil communal de la modification du r\u00e8glement du Plan g\u00e9n\u00e9ral d\u2019affectation (MPGA). Les nouvelles dispositions introduites r\u00e9pondent \u00e0 nombre de nos demandes et permettent de mieux int\u00e9grer les enjeux environnementaux et climatiques dans les projets de construction et de mieux pr\u00e9server le patrimoine b\u00e2ti, naturel et paysager de notre Ville.","breadcrumb":{"@id":"https:\/\/vert-e-s-vd.ch\/lausanne\/blog\/communiques-de-presse\/une-modification-pour-repondre-aux-enjeux-environnementaux-et-climatiques#breadcrumb"},"inLanguage":"fr-FR","potentialAction":[{"@type":"ReadAction","target":["https:\/\/vert-e-s-vd.ch\/lausanne\/blog\/communiques-de-presse\/une-modification-pour-repondre-aux-enjeux-environnementaux-et-climatiques"]}]},{"@type":"BreadcrumbList","@id":"https:\/\/vert-e-s-vd.ch\/lausanne\/blog\/communiques-de-presse\/une-modification-pour-repondre-aux-enjeux-environnementaux-et-climatiques#breadcrumb","itemListElement":[{"@type":"ListItem","position":1,"name":"Accueil","item":"https:\/\/vert-e-s-vd.ch\/lausanne\/"},{"@type":"ListItem","position":2,"name":"Agenda","item":"https:\/\/vert-e-s-vd.ch\/lausanne?post_type=tribe_events&tribe_event_display=list#menu-item-70603"},{"@type":"ListItem","position":3,"name":"Une modification pour r\u00e9pondre aux enjeux environnementaux et climatiques"}]},{"@type":"WebSite","@id":"https:\/\/vert-e-s-vd.ch\/lausanne\/#website","url":"https:\/\/vert-e-s-vd.ch\/lausanne\/","name":"Les VERT\u00b7E\u00b7S lausannois\u00b7es","description":"Une longueur d\u2019avance","potentialAction":[{"@type":"SearchAction","target":{"@type":"EntryPoint","urlTemplate":"https:\/\/vert-e-s-vd.ch\/lausanne\/?s={search_term_string}"},"query-input":{"@type":"PropertyValueSpecification","valueRequired":true,"valueName":"search_term_string"}}],"inLanguage":"fr-FR"},{"@type":"Person","@id":"https:\/\/vert-e-s-vd.ch\/lausanne\/#\/schema\/person\/37417f96e39e515a5b87cd69a2e0a9b9","name":"anne","image":{"@type":"ImageObject","inLanguage":"fr-FR","@id":"https:\/\/vert-e-s-vd.ch\/lausanne\/#\/schema\/person\/image\/","url":"https:\/\/secure.gravatar.com\/avatar\/0570858af84b31d095da3690f5a9966acd8cb2fe533763d24c6510190b6cd0ec?s=96&d=mm&r=g","contentUrl":"https:\/\/secure.gravatar.com\/avatar\/0570858af84b31d095da3690f5a9966acd8cb2fe533763d24c6510190b6cd0ec?s=96&d=mm&r=g","caption":"anne"}}]}},"_links":{"self":[{"href":"https:\/\/vert-e-s-vd.ch\/lausanne\/wp-json\/wp\/v2\/posts\/75941","targetHints":{"allow":["GET"]}}],"collection":[{"href":"https:\/\/vert-e-s-vd.ch\/lausanne\/wp-json\/wp\/v2\/posts"}],"about":[{"href":"https:\/\/vert-e-s-vd.ch\/lausanne\/wp-json\/wp\/v2\/types\/post"}],"author":[{"embeddable":true,"href":"https:\/\/vert-e-s-vd.ch\/lausanne\/wp-json\/wp\/v2\/users\/3"}],"replies":[{"embeddable":true,"href":"https:\/\/vert-e-s-vd.ch\/lausanne\/wp-json\/wp\/v2\/comments?post=75941"}],"version-history":[{"count":1,"href":"https:\/\/vert-e-s-vd.ch\/lausanne\/wp-json\/wp\/v2\/posts\/75941\/revisions"}],"predecessor-version":[{"id":75942,"href":"https:\/\/vert-e-s-vd.ch\/lausanne\/wp-json\/wp\/v2\/posts\/75941\/revisions\/75942"}],"wp:attachment":[{"href":"https:\/\/vert-e-s-vd.ch\/lausanne\/wp-json\/wp\/v2\/media?parent=75941"}],"wp:term":[{"taxonomy":"category","embeddable":true,"href":"https:\/\/vert-e-s-vd.ch\/lausanne\/wp-json\/wp\/v2\/categories?post=75941"},{"taxonomy":"post_tag","embeddable":true,"href":"https:\/\/vert-e-s-vd.ch\/lausanne\/wp-json\/wp\/v2\/tags?post=75941"}],"curies":[{"name":"wp","href":"https:\/\/api.w.org\/{rel}","templated":true}]}}