{"id":70956,"date":"2015-03-31T12:06:42","date_gmt":"2015-03-31T11:06:42","guid":{"rendered":"https:\/\/vert-e-s-vd.ch\/lausanne\/?p=525"},"modified":"2021-01-08T12:24:18","modified_gmt":"2021-01-08T11:24:18","slug":"intervention-de-vincent-rossi-lors-de-la-discussion-sur-lintegration-de-la-ville-de-lausanne-a-une-reflexion-pour-des-modeles-legaux-de-consommation-du-cannabis","status":"publish","type":"post","link":"https:\/\/vert-e-s-vd.ch\/lausanne\/blog\/intervention-communale\/intervention-de-vincent-rossi-lors-de-la-discussion-sur-lintegration-de-la-ville-de-lausanne-a-une-reflexion-pour-des-modeles-legaux-de-consommation-du-cannabis","title":{"rendered":"Intervention de Vincent Rossi lors de la discussion sur l&rsquo;int\u00e9gration de la ville de Lausanne \u00e0 une r\u00e9flexion pour des mod\u00e8les l\u00e9gaux de consommation du cannabis"},"content":{"rendered":"","protected":false},"excerpt":{"rendered":"","protected":false},"author":0,"featured_media":0,"comment_status":"open","ping_status":"open","sticky":false,"template":"","format":"standard","meta":{"_acf_changed":false,"inline_featured_image":false,"footnotes":""},"categories":[404],"tags":[419,420,406],"class_list":["post-70956","post","type-post","status-publish","format-standard","hentry","category-intervention-communale","tag-cannabis","tag-drogue","tag-sante"],"acf":[],"yoast_head":"<!-- This site is optimized with the Yoast SEO plugin v26.9 - https:\/\/yoast.com\/product\/yoast-seo-wordpress\/ -->\n<title>Intervention de Vincent Rossi lors de la discussion sur l&#039;int\u00e9gration de la ville de Lausanne \u00e0 une r\u00e9flexion pour des mod\u00e8les l\u00e9gaux de consommation du cannabis - Les VERT\u00b7E\u00b7S lausannois\u00b7es<\/title>\n<meta name=\"robots\" content=\"index, follow, max-snippet:-1, max-image-preview:large, max-video-preview:-1\" \/>\n<link rel=\"canonical\" href=\"https:\/\/vert-e-s-vd.ch\/lausanne\/blog\/intervention-communale\/intervention-de-vincent-rossi-lors-de-la-discussion-sur-lintegration-de-la-ville-de-lausanne-a-une-reflexion-pour-des-modeles-legaux-de-consommation-du-cannabis\" \/>\n<meta property=\"og:locale\" content=\"fr_FR\" \/>\n<meta property=\"og:type\" content=\"article\" \/>\n<meta property=\"og:title\" content=\"Intervention de Vincent Rossi lors de la discussion sur l&#039;int\u00e9gration de la ville de Lausanne \u00e0 une r\u00e9flexion pour des mod\u00e8les l\u00e9gaux de consommation du cannabis - Les VERT\u00b7E\u00b7S lausannois\u00b7es\" \/>\n<meta property=\"og:url\" content=\"https:\/\/vert-e-s-vd.ch\/lausanne\/blog\/intervention-communale\/intervention-de-vincent-rossi-lors-de-la-discussion-sur-lintegration-de-la-ville-de-lausanne-a-une-reflexion-pour-des-modeles-legaux-de-consommation-du-cannabis\" \/>\n<meta property=\"og:site_name\" content=\"Les VERT\u00b7E\u00b7S lausannois\u00b7es\" \/>\n<meta property=\"article:published_time\" content=\"2015-03-31T11:06:42+00:00\" \/>\n<meta property=\"article:modified_time\" content=\"2021-01-08T11:24:18+00:00\" \/>\n<meta name=\"twitter:card\" content=\"summary_large_image\" \/>\n<script type=\"application\/ld+json\" class=\"yoast-schema-graph\">{\"@context\":\"https:\/\/schema.org\",\"@graph\":[{\"@type\":\"Article\",\"@id\":\"https:\/\/vert-e-s-vd.ch\/lausanne\/blog\/intervention-communale\/intervention-de-vincent-rossi-lors-de-la-discussion-sur-lintegration-de-la-ville-de-lausanne-a-une-reflexion-pour-des-modeles-legaux-de-consommation-du-cannabis#article\",\"isPartOf\":{\"@id\":\"https:\/\/vert-e-s-vd.ch\/lausanne\/blog\/intervention-communale\/intervention-de-vincent-rossi-lors-de-la-discussion-sur-lintegration-de-la-ville-de-lausanne-a-une-reflexion-pour-des-modeles-legaux-de-consommation-du-cannabis\"},\"author\":{\"name\":\"\",\"@id\":\"\"},\"headline\":\"Intervention de Vincent Rossi lors de la discussion sur l&rsquo;int\u00e9gration de la ville de Lausanne \u00e0 une r\u00e9flexion pour des mod\u00e8les l\u00e9gaux de consommation du cannabis\",\"datePublished\":\"2015-03-31T11:06:42+00:00\",\"dateModified\":\"2021-01-08T11:24:18+00:00\",\"mainEntityOfPage\":{\"@id\":\"https:\/\/vert-e-s-vd.ch\/lausanne\/blog\/intervention-communale\/intervention-de-vincent-rossi-lors-de-la-discussion-sur-lintegration-de-la-ville-de-lausanne-a-une-reflexion-pour-des-modeles-legaux-de-consommation-du-cannabis\"},\"wordCount\":30,\"commentCount\":0,\"keywords\":[\"cannabis\",\"drogue\",\"sant\u00e9\"],\"articleSection\":[\"Intervention communale\"],\"inLanguage\":\"fr-FR\"},{\"@type\":\"WebPage\",\"@id\":\"https:\/\/vert-e-s-vd.ch\/lausanne\/blog\/intervention-communale\/intervention-de-vincent-rossi-lors-de-la-discussion-sur-lintegration-de-la-ville-de-lausanne-a-une-reflexion-pour-des-modeles-legaux-de-consommation-du-cannabis\",\"url\":\"https:\/\/vert-e-s-vd.ch\/lausanne\/blog\/intervention-communale\/intervention-de-vincent-rossi-lors-de-la-discussion-sur-lintegration-de-la-ville-de-lausanne-a-une-reflexion-pour-des-modeles-legaux-de-consommation-du-cannabis\",\"name\":\"Intervention de Vincent Rossi lors de la discussion sur l'int\u00e9gration de la ville de Lausanne \u00e0 une r\u00e9flexion pour des mod\u00e8les l\u00e9gaux de consommation du cannabis - Les VERT\u00b7E\u00b7S lausannois\u00b7es\",\"isPartOf\":{\"@id\":\"https:\/\/vert-e-s-vd.ch\/lausanne\/#website\"},\"datePublished\":\"2015-03-31T11:06:42+00:00\",\"dateModified\":\"2021-01-08T11:24:18+00:00\",\"author\":{\"@id\":\"\"},\"breadcrumb\":{\"@id\":\"https:\/\/vert-e-s-vd.ch\/lausanne\/blog\/intervention-communale\/intervention-de-vincent-rossi-lors-de-la-discussion-sur-lintegration-de-la-ville-de-lausanne-a-une-reflexion-pour-des-modeles-legaux-de-consommation-du-cannabis#breadcrumb\"},\"inLanguage\":\"fr-FR\",\"potentialAction\":[{\"@type\":\"ReadAction\",\"target\":[\"https:\/\/vert-e-s-vd.ch\/lausanne\/blog\/intervention-communale\/intervention-de-vincent-rossi-lors-de-la-discussion-sur-lintegration-de-la-ville-de-lausanne-a-une-reflexion-pour-des-modeles-legaux-de-consommation-du-cannabis\"]}]},{\"@type\":\"BreadcrumbList\",\"@id\":\"https:\/\/vert-e-s-vd.ch\/lausanne\/blog\/intervention-communale\/intervention-de-vincent-rossi-lors-de-la-discussion-sur-lintegration-de-la-ville-de-lausanne-a-une-reflexion-pour-des-modeles-legaux-de-consommation-du-cannabis#breadcrumb\",\"itemListElement\":[{\"@type\":\"ListItem\",\"position\":1,\"name\":\"Accueil\",\"item\":\"https:\/\/vert-e-s-vd.ch\/lausanne\/\"},{\"@type\":\"ListItem\",\"position\":2,\"name\":\"Agenda\",\"item\":\"https:\/\/vert-e-s-vd.ch\/lausanne?post_type=tribe_events&tribe_event_display=list#menu-item-70603\"},{\"@type\":\"ListItem\",\"position\":3,\"name\":\"Intervention de Vincent Rossi lors de la discussion sur l&rsquo;int\u00e9gration de la ville de Lausanne \u00e0 une r\u00e9flexion pour des mod\u00e8les l\u00e9gaux de consommation du cannabis\"}]},{\"@type\":\"WebSite\",\"@id\":\"https:\/\/vert-e-s-vd.ch\/lausanne\/#website\",\"url\":\"https:\/\/vert-e-s-vd.ch\/lausanne\/\",\"name\":\"Les VERT\u00b7E\u00b7S lausannois\u00b7es\",\"description\":\"Une longueur d\u2019avance\",\"potentialAction\":[{\"@type\":\"SearchAction\",\"target\":{\"@type\":\"EntryPoint\",\"urlTemplate\":\"https:\/\/vert-e-s-vd.ch\/lausanne\/?s={search_term_string}\"},\"query-input\":{\"@type\":\"PropertyValueSpecification\",\"valueRequired\":true,\"valueName\":\"search_term_string\"}}],\"inLanguage\":\"fr-FR\"}]}<\/script>\n<!-- \/ Yoast SEO plugin. -->","yoast_head_json":{"title":"Intervention de Vincent Rossi lors de la discussion sur l'int\u00e9gration de la ville de Lausanne \u00e0 une r\u00e9flexion pour des mod\u00e8les l\u00e9gaux de consommation du cannabis - Les VERT\u00b7E\u00b7S lausannois\u00b7es","robots":{"index":"index","follow":"follow","max-snippet":"max-snippet:-1","max-image-preview":"max-image-preview:large","max-video-preview":"max-video-preview:-1"},"canonical":"https:\/\/vert-e-s-vd.ch\/lausanne\/blog\/intervention-communale\/intervention-de-vincent-rossi-lors-de-la-discussion-sur-lintegration-de-la-ville-de-lausanne-a-une-reflexion-pour-des-modeles-legaux-de-consommation-du-cannabis","og_locale":"fr_FR","og_type":"article","og_title":"Intervention de Vincent Rossi lors de la discussion sur l'int\u00e9gration de la ville de Lausanne \u00e0 une r\u00e9flexion pour des mod\u00e8les l\u00e9gaux de consommation du cannabis - Les VERT\u00b7E\u00b7S lausannois\u00b7es","og_url":"https:\/\/vert-e-s-vd.ch\/lausanne\/blog\/intervention-communale\/intervention-de-vincent-rossi-lors-de-la-discussion-sur-lintegration-de-la-ville-de-lausanne-a-une-reflexion-pour-des-modeles-legaux-de-consommation-du-cannabis","og_site_name":"Les VERT\u00b7E\u00b7S lausannois\u00b7es","article_published_time":"2015-03-31T11:06:42+00:00","article_modified_time":"2021-01-08T11:24:18+00:00","twitter_card":"summary_large_image","schema":{"@context":"https:\/\/schema.org","@graph":[{"@type":"Article","@id":"https:\/\/vert-e-s-vd.ch\/lausanne\/blog\/intervention-communale\/intervention-de-vincent-rossi-lors-de-la-discussion-sur-lintegration-de-la-ville-de-lausanne-a-une-reflexion-pour-des-modeles-legaux-de-consommation-du-cannabis#article","isPartOf":{"@id":"https:\/\/vert-e-s-vd.ch\/lausanne\/blog\/intervention-communale\/intervention-de-vincent-rossi-lors-de-la-discussion-sur-lintegration-de-la-ville-de-lausanne-a-une-reflexion-pour-des-modeles-legaux-de-consommation-du-cannabis"},"author":{"name":"","@id":""},"headline":"Intervention de Vincent Rossi lors de la discussion sur l&rsquo;int\u00e9gration de la ville de Lausanne \u00e0 une r\u00e9flexion pour des mod\u00e8les l\u00e9gaux de consommation du cannabis","datePublished":"2015-03-31T11:06:42+00:00","dateModified":"2021-01-08T11:24:18+00:00","mainEntityOfPage":{"@id":"https:\/\/vert-e-s-vd.ch\/lausanne\/blog\/intervention-communale\/intervention-de-vincent-rossi-lors-de-la-discussion-sur-lintegration-de-la-ville-de-lausanne-a-une-reflexion-pour-des-modeles-legaux-de-consommation-du-cannabis"},"wordCount":30,"commentCount":0,"keywords":["cannabis","drogue","sant\u00e9"],"articleSection":["Intervention communale"],"inLanguage":"fr-FR"},{"@type":"WebPage","@id":"https:\/\/vert-e-s-vd.ch\/lausanne\/blog\/intervention-communale\/intervention-de-vincent-rossi-lors-de-la-discussion-sur-lintegration-de-la-ville-de-lausanne-a-une-reflexion-pour-des-modeles-legaux-de-consommation-du-cannabis","url":"https:\/\/vert-e-s-vd.ch\/lausanne\/blog\/intervention-communale\/intervention-de-vincent-rossi-lors-de-la-discussion-sur-lintegration-de-la-ville-de-lausanne-a-une-reflexion-pour-des-modeles-legaux-de-consommation-du-cannabis","name":"Intervention de Vincent Rossi lors de la discussion sur l'int\u00e9gration de la ville de Lausanne \u00e0 une r\u00e9flexion pour des mod\u00e8les l\u00e9gaux de consommation du cannabis - Les VERT\u00b7E\u00b7S lausannois\u00b7es","isPartOf":{"@id":"https:\/\/vert-e-s-vd.ch\/lausanne\/#website"},"datePublished":"2015-03-31T11:06:42+00:00","dateModified":"2021-01-08T11:24:18+00:00","author":{"@id":""},"breadcrumb":{"@id":"https:\/\/vert-e-s-vd.ch\/lausanne\/blog\/intervention-communale\/intervention-de-vincent-rossi-lors-de-la-discussion-sur-lintegration-de-la-ville-de-lausanne-a-une-reflexion-pour-des-modeles-legaux-de-consommation-du-cannabis#breadcrumb"},"inLanguage":"fr-FR","potentialAction":[{"@type":"ReadAction","target":["https:\/\/vert-e-s-vd.ch\/lausanne\/blog\/intervention-communale\/intervention-de-vincent-rossi-lors-de-la-discussion-sur-lintegration-de-la-ville-de-lausanne-a-une-reflexion-pour-des-modeles-legaux-de-consommation-du-cannabis"]}]},{"@type":"BreadcrumbList","@id":"https:\/\/vert-e-s-vd.ch\/lausanne\/blog\/intervention-communale\/intervention-de-vincent-rossi-lors-de-la-discussion-sur-lintegration-de-la-ville-de-lausanne-a-une-reflexion-pour-des-modeles-legaux-de-consommation-du-cannabis#breadcrumb","itemListElement":[{"@type":"ListItem","position":1,"name":"Accueil","item":"https:\/\/vert-e-s-vd.ch\/lausanne\/"},{"@type":"ListItem","position":2,"name":"Agenda","item":"https:\/\/vert-e-s-vd.ch\/lausanne?post_type=tribe_events&tribe_event_display=list#menu-item-70603"},{"@type":"ListItem","position":3,"name":"Intervention de Vincent Rossi lors de la discussion sur l&rsquo;int\u00e9gration de la ville de Lausanne \u00e0 une r\u00e9flexion pour des mod\u00e8les l\u00e9gaux de consommation du cannabis"}]},{"@type":"WebSite","@id":"https:\/\/vert-e-s-vd.ch\/lausanne\/#website","url":"https:\/\/vert-e-s-vd.ch\/lausanne\/","name":"Les VERT\u00b7E\u00b7S lausannois\u00b7es","description":"Une longueur d\u2019avance","potentialAction":[{"@type":"SearchAction","target":{"@type":"EntryPoint","urlTemplate":"https:\/\/vert-e-s-vd.ch\/lausanne\/?s={search_term_string}"},"query-input":{"@type":"PropertyValueSpecification","valueRequired":true,"valueName":"search_term_string"}}],"inLanguage":"fr-FR"}]}},"_links":{"self":[{"href":"https:\/\/vert-e-s-vd.ch\/lausanne\/wp-json\/wp\/v2\/posts\/70956","targetHints":{"allow":["GET"]}}],"collection":[{"href":"https:\/\/vert-e-s-vd.ch\/lausanne\/wp-json\/wp\/v2\/posts"}],"about":[{"href":"https:\/\/vert-e-s-vd.ch\/lausanne\/wp-json\/wp\/v2\/types\/post"}],"replies":[{"embeddable":true,"href":"https:\/\/vert-e-s-vd.ch\/lausanne\/wp-json\/wp\/v2\/comments?post=70956"}],"version-history":[{"count":1,"href":"https:\/\/vert-e-s-vd.ch\/lausanne\/wp-json\/wp\/v2\/posts\/70956\/revisions"}],"predecessor-version":[{"id":71654,"href":"https:\/\/vert-e-s-vd.ch\/lausanne\/wp-json\/wp\/v2\/posts\/70956\/revisions\/71654"}],"wp:attachment":[{"href":"https:\/\/vert-e-s-vd.ch\/lausanne\/wp-json\/wp\/v2\/media?parent=70956"}],"wp:term":[{"taxonomy":"category","embeddable":true,"href":"https:\/\/vert-e-s-vd.ch\/lausanne\/wp-json\/wp\/v2\/categories?post=70956"},{"taxonomy":"post_tag","embeddable":true,"href":"https:\/\/vert-e-s-vd.ch\/lausanne\/wp-json\/wp\/v2\/tags?post=70956"}],"curies":[{"name":"wp","href":"https:\/\/api.w.org\/{rel}","templated":true}]}}