{"id":3919,"date":"2020-02-13T15:11:49","date_gmt":"2020-02-13T14:11:49","guid":{"rendered":"https:\/\/vert-e-s-vd.ch\/lausanne\/?p=3919"},"modified":"2021-01-08T12:22:52","modified_gmt":"2021-01-08T11:22:52","slug":"renovation-et-densification-dun-immeuble-de-logements-a-loyers-moderes-et-creation-dappartements-neufs-supplementaires-chemin-de-cassinette-17","status":"publish","type":"post","link":"https:\/\/vert-e-s-vd.ch\/lausanne\/blog\/intervention-communale\/renovation-et-densification-dun-immeuble-de-logements-a-loyers-moderes-et-creation-dappartements-neufs-supplementaires-chemin-de-cassinette-17","title":{"rendered":"R\u00e9novation et densification d\u2019un immeuble de logements \u00e0 loyers mod\u00e9r\u00e9s, et cr\u00e9ation d\u2019appartements neufs suppl\u00e9mentaires, chemin de Cassinette 17"},"content":{"rendered":"","protected":false},"excerpt":{"rendered":"","protected":false},"author":0,"featured_media":3458,"comment_status":"open","ping_status":"open","sticky":false,"template":"","format":"standard","meta":{"_acf_changed":false,"inline_featured_image":false,"footnotes":""},"categories":[404,478],"tags":[531,330],"class_list":["post-3919","post","type-post","status-publish","format-standard","has-post-thumbnail","hentry","category-intervention-communale","category-karine-roch","tag-immobilier","tag-urbanisme"],"acf":[],"yoast_head":"<!-- This site is optimized with the Yoast SEO plugin v26.9 - https:\/\/yoast.com\/product\/yoast-seo-wordpress\/ -->\n<title>R\u00e9novation et densification d\u2019un immeuble de logements \u00e0 loyers mod\u00e9r\u00e9s, et cr\u00e9ation d\u2019appartements neufs suppl\u00e9mentaires, chemin de Cassinette 17 - Les VERT\u00b7E\u00b7S lausannois\u00b7es<\/title>\n<meta name=\"robots\" content=\"index, follow, max-snippet:-1, max-image-preview:large, max-video-preview:-1\" \/>\n<link rel=\"canonical\" href=\"https:\/\/vert-e-s-vd.ch\/lausanne\/blog\/intervention-communale\/renovation-et-densification-dun-immeuble-de-logements-a-loyers-moderes-et-creation-dappartements-neufs-supplementaires-chemin-de-cassinette-17\" \/>\n<meta property=\"og:locale\" content=\"fr_FR\" \/>\n<meta property=\"og:type\" content=\"article\" \/>\n<meta property=\"og:title\" content=\"R\u00e9novation et densification d\u2019un immeuble de logements \u00e0 loyers mod\u00e9r\u00e9s, et cr\u00e9ation d\u2019appartements neufs suppl\u00e9mentaires, chemin de Cassinette 17 - Les VERT\u00b7E\u00b7S lausannois\u00b7es\" \/>\n<meta property=\"og:url\" content=\"https:\/\/vert-e-s-vd.ch\/lausanne\/blog\/intervention-communale\/renovation-et-densification-dun-immeuble-de-logements-a-loyers-moderes-et-creation-dappartements-neufs-supplementaires-chemin-de-cassinette-17\" \/>\n<meta property=\"og:site_name\" content=\"Les VERT\u00b7E\u00b7S lausannois\u00b7es\" \/>\n<meta property=\"article:published_time\" content=\"2020-02-13T14:11:49+00:00\" \/>\n<meta property=\"article:modified_time\" content=\"2021-01-08T11:22:52+00:00\" \/>\n<meta property=\"og:image\" content=\"https:\/\/vert-e-s-vd.ch\/lausanne\/wp-content\/uploads\/sites\/7\/2019\/03\/LES-VERTS-LS-Karine-Roch-300x300px-1200x0-c-default.jpg\" \/>\n\t<meta property=\"og:image:width\" content=\"1200\" \/>\n\t<meta property=\"og:image:height\" content=\"1200\" \/>\n\t<meta property=\"og:image:type\" content=\"image\/jpeg\" \/>\n<meta name=\"twitter:card\" content=\"summary_large_image\" \/>\n<script type=\"application\/ld+json\" class=\"yoast-schema-graph\">{\"@context\":\"https:\/\/schema.org\",\"@graph\":[{\"@type\":\"Article\",\"@id\":\"https:\/\/vert-e-s-vd.ch\/lausanne\/blog\/intervention-communale\/renovation-et-densification-dun-immeuble-de-logements-a-loyers-moderes-et-creation-dappartements-neufs-supplementaires-chemin-de-cassinette-17#article\",\"isPartOf\":{\"@id\":\"https:\/\/vert-e-s-vd.ch\/lausanne\/blog\/intervention-communale\/renovation-et-densification-dun-immeuble-de-logements-a-loyers-moderes-et-creation-dappartements-neufs-supplementaires-chemin-de-cassinette-17\"},\"author\":{\"name\":\"\",\"@id\":\"\"},\"headline\":\"R\u00e9novation et densification d\u2019un immeuble de logements \u00e0 loyers mod\u00e9r\u00e9s, et cr\u00e9ation d\u2019appartements neufs suppl\u00e9mentaires, chemin de Cassinette 17\",\"datePublished\":\"2020-02-13T14:11:49+00:00\",\"dateModified\":\"2021-01-08T11:22:52+00:00\",\"mainEntityOfPage\":{\"@id\":\"https:\/\/vert-e-s-vd.ch\/lausanne\/blog\/intervention-communale\/renovation-et-densification-dun-immeuble-de-logements-a-loyers-moderes-et-creation-dappartements-neufs-supplementaires-chemin-de-cassinette-17\"},\"wordCount\":24,\"commentCount\":0,\"image\":{\"@id\":\"https:\/\/vert-e-s-vd.ch\/lausanne\/blog\/intervention-communale\/renovation-et-densification-dun-immeuble-de-logements-a-loyers-moderes-et-creation-dappartements-neufs-supplementaires-chemin-de-cassinette-17#primaryimage\"},\"thumbnailUrl\":\"https:\/\/vert-e-s-vd.ch\/lausanne\/wp-content\/uploads\/sites\/7\/2019\/03\/LES-VERTS-LS-Karine-Roch-300x300px-2560x0-c-default.jpg\",\"keywords\":[\"immobilier\",\"urbanisme\"],\"articleSection\":[\"Intervention communale\",\"Karine Roch\"],\"inLanguage\":\"fr-FR\"},{\"@type\":\"WebPage\",\"@id\":\"https:\/\/vert-e-s-vd.ch\/lausanne\/blog\/intervention-communale\/renovation-et-densification-dun-immeuble-de-logements-a-loyers-moderes-et-creation-dappartements-neufs-supplementaires-chemin-de-cassinette-17\",\"url\":\"https:\/\/vert-e-s-vd.ch\/lausanne\/blog\/intervention-communale\/renovation-et-densification-dun-immeuble-de-logements-a-loyers-moderes-et-creation-dappartements-neufs-supplementaires-chemin-de-cassinette-17\",\"name\":\"R\u00e9novation et densification d\u2019un immeuble de logements \u00e0 loyers mod\u00e9r\u00e9s, et cr\u00e9ation d\u2019appartements neufs suppl\u00e9mentaires, chemin de Cassinette 17 - Les VERT\u00b7E\u00b7S lausannois\u00b7es\",\"isPartOf\":{\"@id\":\"https:\/\/vert-e-s-vd.ch\/lausanne\/#website\"},\"primaryImageOfPage\":{\"@id\":\"https:\/\/vert-e-s-vd.ch\/lausanne\/blog\/intervention-communale\/renovation-et-densification-dun-immeuble-de-logements-a-loyers-moderes-et-creation-dappartements-neufs-supplementaires-chemin-de-cassinette-17#primaryimage\"},\"image\":{\"@id\":\"https:\/\/vert-e-s-vd.ch\/lausanne\/blog\/intervention-communale\/renovation-et-densification-dun-immeuble-de-logements-a-loyers-moderes-et-creation-dappartements-neufs-supplementaires-chemin-de-cassinette-17#primaryimage\"},\"thumbnailUrl\":\"https:\/\/vert-e-s-vd.ch\/lausanne\/wp-content\/uploads\/sites\/7\/2019\/03\/LES-VERTS-LS-Karine-Roch-300x300px-2560x0-c-default.jpg\",\"datePublished\":\"2020-02-13T14:11:49+00:00\",\"dateModified\":\"2021-01-08T11:22:52+00:00\",\"author\":{\"@id\":\"\"},\"breadcrumb\":{\"@id\":\"https:\/\/vert-e-s-vd.ch\/lausanne\/blog\/intervention-communale\/renovation-et-densification-dun-immeuble-de-logements-a-loyers-moderes-et-creation-dappartements-neufs-supplementaires-chemin-de-cassinette-17#breadcrumb\"},\"inLanguage\":\"fr-FR\",\"potentialAction\":[{\"@type\":\"ReadAction\",\"target\":[\"https:\/\/vert-e-s-vd.ch\/lausanne\/blog\/intervention-communale\/renovation-et-densification-dun-immeuble-de-logements-a-loyers-moderes-et-creation-dappartements-neufs-supplementaires-chemin-de-cassinette-17\"]}]},{\"@type\":\"ImageObject\",\"inLanguage\":\"fr-FR\",\"@id\":\"https:\/\/vert-e-s-vd.ch\/lausanne\/blog\/intervention-communale\/renovation-et-densification-dun-immeuble-de-logements-a-loyers-moderes-et-creation-dappartements-neufs-supplementaires-chemin-de-cassinette-17#primaryimage\",\"url\":\"https:\/\/vert-e-s-vd.ch\/lausanne\/wp-content\/uploads\/sites\/7\/2019\/03\/LES-VERTS-LS-Karine-Roch-300x300px-2560x0-c-default.jpg\",\"contentUrl\":\"https:\/\/vert-e-s-vd.ch\/lausanne\/wp-content\/uploads\/sites\/7\/2019\/03\/LES-VERTS-LS-Karine-Roch-300x300px-2560x0-c-default.jpg\",\"width\":300,\"height\":300},{\"@type\":\"BreadcrumbList\",\"@id\":\"https:\/\/vert-e-s-vd.ch\/lausanne\/blog\/intervention-communale\/renovation-et-densification-dun-immeuble-de-logements-a-loyers-moderes-et-creation-dappartements-neufs-supplementaires-chemin-de-cassinette-17#breadcrumb\",\"itemListElement\":[{\"@type\":\"ListItem\",\"position\":1,\"name\":\"Accueil\",\"item\":\"https:\/\/vert-e-s-vd.ch\/lausanne\/\"},{\"@type\":\"ListItem\",\"position\":2,\"name\":\"Agenda\",\"item\":\"https:\/\/vert-e-s-vd.ch\/lausanne?post_type=tribe_events&tribe_event_display=list#menu-item-70603\"},{\"@type\":\"ListItem\",\"position\":3,\"name\":\"R\u00e9novation et densification d\u2019un immeuble de logements \u00e0 loyers mod\u00e9r\u00e9s, et cr\u00e9ation d\u2019appartements neufs suppl\u00e9mentaires, chemin de Cassinette 17\"}]},{\"@type\":\"WebSite\",\"@id\":\"https:\/\/vert-e-s-vd.ch\/lausanne\/#website\",\"url\":\"https:\/\/vert-e-s-vd.ch\/lausanne\/\",\"name\":\"Les VERT\u00b7E\u00b7S lausannois\u00b7es\",\"description\":\"Une longueur d\u2019avance\",\"potentialAction\":[{\"@type\":\"SearchAction\",\"target\":{\"@type\":\"EntryPoint\",\"urlTemplate\":\"https:\/\/vert-e-s-vd.ch\/lausanne\/?s={search_term_string}\"},\"query-input\":{\"@type\":\"PropertyValueSpecification\",\"valueRequired\":true,\"valueName\":\"search_term_string\"}}],\"inLanguage\":\"fr-FR\"}]}<\/script>\n<!-- \/ Yoast SEO plugin. -->","yoast_head_json":{"title":"R\u00e9novation et densification d\u2019un immeuble de logements \u00e0 loyers mod\u00e9r\u00e9s, et cr\u00e9ation d\u2019appartements neufs suppl\u00e9mentaires, chemin de Cassinette 17 - Les VERT\u00b7E\u00b7S lausannois\u00b7es","robots":{"index":"index","follow":"follow","max-snippet":"max-snippet:-1","max-image-preview":"max-image-preview:large","max-video-preview":"max-video-preview:-1"},"canonical":"https:\/\/vert-e-s-vd.ch\/lausanne\/blog\/intervention-communale\/renovation-et-densification-dun-immeuble-de-logements-a-loyers-moderes-et-creation-dappartements-neufs-supplementaires-chemin-de-cassinette-17","og_locale":"fr_FR","og_type":"article","og_title":"R\u00e9novation et densification d\u2019un immeuble de logements \u00e0 loyers mod\u00e9r\u00e9s, et cr\u00e9ation d\u2019appartements neufs suppl\u00e9mentaires, chemin de Cassinette 17 - Les VERT\u00b7E\u00b7S lausannois\u00b7es","og_url":"https:\/\/vert-e-s-vd.ch\/lausanne\/blog\/intervention-communale\/renovation-et-densification-dun-immeuble-de-logements-a-loyers-moderes-et-creation-dappartements-neufs-supplementaires-chemin-de-cassinette-17","og_site_name":"Les VERT\u00b7E\u00b7S lausannois\u00b7es","article_published_time":"2020-02-13T14:11:49+00:00","article_modified_time":"2021-01-08T11:22:52+00:00","og_image":[{"width":1200,"height":1200,"url":"https:\/\/vert-e-s-vd.ch\/lausanne\/wp-content\/uploads\/sites\/7\/2019\/03\/LES-VERTS-LS-Karine-Roch-300x300px-1200x0-c-default.jpg","type":"image\/jpeg"}],"twitter_card":"summary_large_image","schema":{"@context":"https:\/\/schema.org","@graph":[{"@type":"Article","@id":"https:\/\/vert-e-s-vd.ch\/lausanne\/blog\/intervention-communale\/renovation-et-densification-dun-immeuble-de-logements-a-loyers-moderes-et-creation-dappartements-neufs-supplementaires-chemin-de-cassinette-17#article","isPartOf":{"@id":"https:\/\/vert-e-s-vd.ch\/lausanne\/blog\/intervention-communale\/renovation-et-densification-dun-immeuble-de-logements-a-loyers-moderes-et-creation-dappartements-neufs-supplementaires-chemin-de-cassinette-17"},"author":{"name":"","@id":""},"headline":"R\u00e9novation et densification d\u2019un immeuble de logements \u00e0 loyers mod\u00e9r\u00e9s, et cr\u00e9ation d\u2019appartements neufs suppl\u00e9mentaires, chemin de Cassinette 17","datePublished":"2020-02-13T14:11:49+00:00","dateModified":"2021-01-08T11:22:52+00:00","mainEntityOfPage":{"@id":"https:\/\/vert-e-s-vd.ch\/lausanne\/blog\/intervention-communale\/renovation-et-densification-dun-immeuble-de-logements-a-loyers-moderes-et-creation-dappartements-neufs-supplementaires-chemin-de-cassinette-17"},"wordCount":24,"commentCount":0,"image":{"@id":"https:\/\/vert-e-s-vd.ch\/lausanne\/blog\/intervention-communale\/renovation-et-densification-dun-immeuble-de-logements-a-loyers-moderes-et-creation-dappartements-neufs-supplementaires-chemin-de-cassinette-17#primaryimage"},"thumbnailUrl":"https:\/\/vert-e-s-vd.ch\/lausanne\/wp-content\/uploads\/sites\/7\/2019\/03\/LES-VERTS-LS-Karine-Roch-300x300px-2560x0-c-default.jpg","keywords":["immobilier","urbanisme"],"articleSection":["Intervention communale","Karine Roch"],"inLanguage":"fr-FR"},{"@type":"WebPage","@id":"https:\/\/vert-e-s-vd.ch\/lausanne\/blog\/intervention-communale\/renovation-et-densification-dun-immeuble-de-logements-a-loyers-moderes-et-creation-dappartements-neufs-supplementaires-chemin-de-cassinette-17","url":"https:\/\/vert-e-s-vd.ch\/lausanne\/blog\/intervention-communale\/renovation-et-densification-dun-immeuble-de-logements-a-loyers-moderes-et-creation-dappartements-neufs-supplementaires-chemin-de-cassinette-17","name":"R\u00e9novation et densification d\u2019un immeuble de logements \u00e0 loyers mod\u00e9r\u00e9s, et cr\u00e9ation d\u2019appartements neufs suppl\u00e9mentaires, chemin de Cassinette 17 - Les VERT\u00b7E\u00b7S lausannois\u00b7es","isPartOf":{"@id":"https:\/\/vert-e-s-vd.ch\/lausanne\/#website"},"primaryImageOfPage":{"@id":"https:\/\/vert-e-s-vd.ch\/lausanne\/blog\/intervention-communale\/renovation-et-densification-dun-immeuble-de-logements-a-loyers-moderes-et-creation-dappartements-neufs-supplementaires-chemin-de-cassinette-17#primaryimage"},"image":{"@id":"https:\/\/vert-e-s-vd.ch\/lausanne\/blog\/intervention-communale\/renovation-et-densification-dun-immeuble-de-logements-a-loyers-moderes-et-creation-dappartements-neufs-supplementaires-chemin-de-cassinette-17#primaryimage"},"thumbnailUrl":"https:\/\/vert-e-s-vd.ch\/lausanne\/wp-content\/uploads\/sites\/7\/2019\/03\/LES-VERTS-LS-Karine-Roch-300x300px-2560x0-c-default.jpg","datePublished":"2020-02-13T14:11:49+00:00","dateModified":"2021-01-08T11:22:52+00:00","author":{"@id":""},"breadcrumb":{"@id":"https:\/\/vert-e-s-vd.ch\/lausanne\/blog\/intervention-communale\/renovation-et-densification-dun-immeuble-de-logements-a-loyers-moderes-et-creation-dappartements-neufs-supplementaires-chemin-de-cassinette-17#breadcrumb"},"inLanguage":"fr-FR","potentialAction":[{"@type":"ReadAction","target":["https:\/\/vert-e-s-vd.ch\/lausanne\/blog\/intervention-communale\/renovation-et-densification-dun-immeuble-de-logements-a-loyers-moderes-et-creation-dappartements-neufs-supplementaires-chemin-de-cassinette-17"]}]},{"@type":"ImageObject","inLanguage":"fr-FR","@id":"https:\/\/vert-e-s-vd.ch\/lausanne\/blog\/intervention-communale\/renovation-et-densification-dun-immeuble-de-logements-a-loyers-moderes-et-creation-dappartements-neufs-supplementaires-chemin-de-cassinette-17#primaryimage","url":"https:\/\/vert-e-s-vd.ch\/lausanne\/wp-content\/uploads\/sites\/7\/2019\/03\/LES-VERTS-LS-Karine-Roch-300x300px-2560x0-c-default.jpg","contentUrl":"https:\/\/vert-e-s-vd.ch\/lausanne\/wp-content\/uploads\/sites\/7\/2019\/03\/LES-VERTS-LS-Karine-Roch-300x300px-2560x0-c-default.jpg","width":300,"height":300},{"@type":"BreadcrumbList","@id":"https:\/\/vert-e-s-vd.ch\/lausanne\/blog\/intervention-communale\/renovation-et-densification-dun-immeuble-de-logements-a-loyers-moderes-et-creation-dappartements-neufs-supplementaires-chemin-de-cassinette-17#breadcrumb","itemListElement":[{"@type":"ListItem","position":1,"name":"Accueil","item":"https:\/\/vert-e-s-vd.ch\/lausanne\/"},{"@type":"ListItem","position":2,"name":"Agenda","item":"https:\/\/vert-e-s-vd.ch\/lausanne?post_type=tribe_events&tribe_event_display=list#menu-item-70603"},{"@type":"ListItem","position":3,"name":"R\u00e9novation et densification d\u2019un immeuble de logements \u00e0 loyers mod\u00e9r\u00e9s, et cr\u00e9ation d\u2019appartements neufs suppl\u00e9mentaires, chemin de Cassinette 17"}]},{"@type":"WebSite","@id":"https:\/\/vert-e-s-vd.ch\/lausanne\/#website","url":"https:\/\/vert-e-s-vd.ch\/lausanne\/","name":"Les VERT\u00b7E\u00b7S lausannois\u00b7es","description":"Une longueur d\u2019avance","potentialAction":[{"@type":"SearchAction","target":{"@type":"EntryPoint","urlTemplate":"https:\/\/vert-e-s-vd.ch\/lausanne\/?s={search_term_string}"},"query-input":{"@type":"PropertyValueSpecification","valueRequired":true,"valueName":"search_term_string"}}],"inLanguage":"fr-FR"}]}},"_links":{"self":[{"href":"https:\/\/vert-e-s-vd.ch\/lausanne\/wp-json\/wp\/v2\/posts\/3919","targetHints":{"allow":["GET"]}}],"collection":[{"href":"https:\/\/vert-e-s-vd.ch\/lausanne\/wp-json\/wp\/v2\/posts"}],"about":[{"href":"https:\/\/vert-e-s-vd.ch\/lausanne\/wp-json\/wp\/v2\/types\/post"}],"replies":[{"embeddable":true,"href":"https:\/\/vert-e-s-vd.ch\/lausanne\/wp-json\/wp\/v2\/comments?post=3919"}],"version-history":[{"count":1,"href":"https:\/\/vert-e-s-vd.ch\/lausanne\/wp-json\/wp\/v2\/posts\/3919\/revisions"}],"predecessor-version":[{"id":71171,"href":"https:\/\/vert-e-s-vd.ch\/lausanne\/wp-json\/wp\/v2\/posts\/3919\/revisions\/71171"}],"wp:featuredmedia":[{"embeddable":true,"href":"https:\/\/vert-e-s-vd.ch\/lausanne\/wp-json\/wp\/v2\/media\/3458"}],"wp:attachment":[{"href":"https:\/\/vert-e-s-vd.ch\/lausanne\/wp-json\/wp\/v2\/media?parent=3919"}],"wp:term":[{"taxonomy":"category","embeddable":true,"href":"https:\/\/vert-e-s-vd.ch\/lausanne\/wp-json\/wp\/v2\/categories?post=3919"},{"taxonomy":"post_tag","embeddable":true,"href":"https:\/\/vert-e-s-vd.ch\/lausanne\/wp-json\/wp\/v2\/tags?post=3919"}],"curies":[{"name":"wp","href":"https:\/\/api.w.org\/{rel}","templated":true}]}}