{"id":2074,"date":"2017-03-21T16:25:45","date_gmt":"2017-03-21T15:25:45","guid":{"rendered":"https:\/\/vert-e-s-vd.ch\/lausanne\/?p=2074"},"modified":"2021-01-08T12:23:24","modified_gmt":"2021-01-08T11:23:24","slug":"securite-pietonne-autour-de-la-piscine-de-mon-repos","status":"publish","type":"post","link":"https:\/\/vert-e-s-vd.ch\/lausanne\/blog\/lausanne\/securite-pietonne-autour-de-la-piscine-de-mon-repos","title":{"rendered":"S\u00e9curit\u00e9 pi\u00e9tonne autour de la piscine de Mon-Repos"},"content":{"rendered":"","protected":false},"excerpt":{"rendered":"","protected":false},"author":0,"featured_media":0,"comment_status":"open","ping_status":"open","sticky":false,"template":"","format":"standard","meta":{"_acf_changed":false,"inline_featured_image":false,"footnotes":""},"categories":[404,396],"tags":[402,403,327,405,330],"class_list":["post-2074","post","type-post","status-publish","format-standard","hentry","category-intervention-communale","category-lausanne","tag-espaces-publics","tag-quartiers","tag-securite","tag-transport","tag-urbanisme"],"acf":[],"yoast_head":"<!-- This site is optimized with the Yoast SEO plugin v26.9 - https:\/\/yoast.com\/product\/yoast-seo-wordpress\/ -->\n<title>S\u00e9curit\u00e9 pi\u00e9tonne autour de la piscine de Mon-Repos - Les VERT\u00b7E\u00b7S lausannois\u00b7es<\/title>\n<meta name=\"robots\" content=\"index, follow, max-snippet:-1, max-image-preview:large, max-video-preview:-1\" \/>\n<link rel=\"canonical\" href=\"https:\/\/vert-e-s-vd.ch\/lausanne\/blog\/lausanne\/securite-pietonne-autour-de-la-piscine-de-mon-repos\" \/>\n<meta property=\"og:locale\" content=\"fr_FR\" \/>\n<meta property=\"og:type\" content=\"article\" \/>\n<meta property=\"og:title\" content=\"S\u00e9curit\u00e9 pi\u00e9tonne autour de la piscine de Mon-Repos - Les VERT\u00b7E\u00b7S lausannois\u00b7es\" \/>\n<meta property=\"og:url\" content=\"https:\/\/vert-e-s-vd.ch\/lausanne\/blog\/lausanne\/securite-pietonne-autour-de-la-piscine-de-mon-repos\" \/>\n<meta property=\"og:site_name\" content=\"Les VERT\u00b7E\u00b7S lausannois\u00b7es\" \/>\n<meta property=\"article:published_time\" content=\"2017-03-21T15:25:45+00:00\" \/>\n<meta property=\"article:modified_time\" content=\"2021-01-08T11:23:24+00:00\" \/>\n<meta name=\"twitter:card\" content=\"summary_large_image\" \/>\n<script type=\"application\/ld+json\" class=\"yoast-schema-graph\">{\"@context\":\"https:\/\/schema.org\",\"@graph\":[{\"@type\":\"Article\",\"@id\":\"https:\/\/vert-e-s-vd.ch\/lausanne\/blog\/lausanne\/securite-pietonne-autour-de-la-piscine-de-mon-repos#article\",\"isPartOf\":{\"@id\":\"https:\/\/vert-e-s-vd.ch\/lausanne\/blog\/lausanne\/securite-pietonne-autour-de-la-piscine-de-mon-repos\"},\"author\":{\"name\":\"\",\"@id\":\"\"},\"headline\":\"S\u00e9curit\u00e9 pi\u00e9tonne autour de la piscine de Mon-Repos\",\"datePublished\":\"2017-03-21T15:25:45+00:00\",\"dateModified\":\"2021-01-08T11:23:24+00:00\",\"mainEntityOfPage\":{\"@id\":\"https:\/\/vert-e-s-vd.ch\/lausanne\/blog\/lausanne\/securite-pietonne-autour-de-la-piscine-de-mon-repos\"},\"wordCount\":10,\"commentCount\":0,\"keywords\":[\"espaces publics\",\"quartiers\",\"s\u00e9curit\u00e9\",\"transport\",\"urbanisme\"],\"articleSection\":[\"Intervention communale\",\"Lausanne\"],\"inLanguage\":\"fr-FR\"},{\"@type\":\"WebPage\",\"@id\":\"https:\/\/vert-e-s-vd.ch\/lausanne\/blog\/lausanne\/securite-pietonne-autour-de-la-piscine-de-mon-repos\",\"url\":\"https:\/\/vert-e-s-vd.ch\/lausanne\/blog\/lausanne\/securite-pietonne-autour-de-la-piscine-de-mon-repos\",\"name\":\"S\u00e9curit\u00e9 pi\u00e9tonne autour de la piscine de Mon-Repos - Les VERT\u00b7E\u00b7S lausannois\u00b7es\",\"isPartOf\":{\"@id\":\"https:\/\/vert-e-s-vd.ch\/lausanne\/#website\"},\"datePublished\":\"2017-03-21T15:25:45+00:00\",\"dateModified\":\"2021-01-08T11:23:24+00:00\",\"author\":{\"@id\":\"\"},\"breadcrumb\":{\"@id\":\"https:\/\/vert-e-s-vd.ch\/lausanne\/blog\/lausanne\/securite-pietonne-autour-de-la-piscine-de-mon-repos#breadcrumb\"},\"inLanguage\":\"fr-FR\",\"potentialAction\":[{\"@type\":\"ReadAction\",\"target\":[\"https:\/\/vert-e-s-vd.ch\/lausanne\/blog\/lausanne\/securite-pietonne-autour-de-la-piscine-de-mon-repos\"]}]},{\"@type\":\"BreadcrumbList\",\"@id\":\"https:\/\/vert-e-s-vd.ch\/lausanne\/blog\/lausanne\/securite-pietonne-autour-de-la-piscine-de-mon-repos#breadcrumb\",\"itemListElement\":[{\"@type\":\"ListItem\",\"position\":1,\"name\":\"Accueil\",\"item\":\"https:\/\/vert-e-s-vd.ch\/lausanne\/\"},{\"@type\":\"ListItem\",\"position\":2,\"name\":\"Agenda\",\"item\":\"https:\/\/vert-e-s-vd.ch\/lausanne?post_type=tribe_events&tribe_event_display=list#menu-item-70603\"},{\"@type\":\"ListItem\",\"position\":3,\"name\":\"S\u00e9curit\u00e9 pi\u00e9tonne autour de la piscine de Mon-Repos\"}]},{\"@type\":\"WebSite\",\"@id\":\"https:\/\/vert-e-s-vd.ch\/lausanne\/#website\",\"url\":\"https:\/\/vert-e-s-vd.ch\/lausanne\/\",\"name\":\"Les VERT\u00b7E\u00b7S lausannois\u00b7es\",\"description\":\"Une longueur d\u2019avance\",\"potentialAction\":[{\"@type\":\"SearchAction\",\"target\":{\"@type\":\"EntryPoint\",\"urlTemplate\":\"https:\/\/vert-e-s-vd.ch\/lausanne\/?s={search_term_string}\"},\"query-input\":{\"@type\":\"PropertyValueSpecification\",\"valueRequired\":true,\"valueName\":\"search_term_string\"}}],\"inLanguage\":\"fr-FR\"}]}<\/script>\n<!-- \/ Yoast SEO plugin. -->","yoast_head_json":{"title":"S\u00e9curit\u00e9 pi\u00e9tonne autour de la piscine de Mon-Repos - Les VERT\u00b7E\u00b7S lausannois\u00b7es","robots":{"index":"index","follow":"follow","max-snippet":"max-snippet:-1","max-image-preview":"max-image-preview:large","max-video-preview":"max-video-preview:-1"},"canonical":"https:\/\/vert-e-s-vd.ch\/lausanne\/blog\/lausanne\/securite-pietonne-autour-de-la-piscine-de-mon-repos","og_locale":"fr_FR","og_type":"article","og_title":"S\u00e9curit\u00e9 pi\u00e9tonne autour de la piscine de Mon-Repos - Les VERT\u00b7E\u00b7S lausannois\u00b7es","og_url":"https:\/\/vert-e-s-vd.ch\/lausanne\/blog\/lausanne\/securite-pietonne-autour-de-la-piscine-de-mon-repos","og_site_name":"Les VERT\u00b7E\u00b7S lausannois\u00b7es","article_published_time":"2017-03-21T15:25:45+00:00","article_modified_time":"2021-01-08T11:23:24+00:00","twitter_card":"summary_large_image","schema":{"@context":"https:\/\/schema.org","@graph":[{"@type":"Article","@id":"https:\/\/vert-e-s-vd.ch\/lausanne\/blog\/lausanne\/securite-pietonne-autour-de-la-piscine-de-mon-repos#article","isPartOf":{"@id":"https:\/\/vert-e-s-vd.ch\/lausanne\/blog\/lausanne\/securite-pietonne-autour-de-la-piscine-de-mon-repos"},"author":{"name":"","@id":""},"headline":"S\u00e9curit\u00e9 pi\u00e9tonne autour de la piscine de Mon-Repos","datePublished":"2017-03-21T15:25:45+00:00","dateModified":"2021-01-08T11:23:24+00:00","mainEntityOfPage":{"@id":"https:\/\/vert-e-s-vd.ch\/lausanne\/blog\/lausanne\/securite-pietonne-autour-de-la-piscine-de-mon-repos"},"wordCount":10,"commentCount":0,"keywords":["espaces publics","quartiers","s\u00e9curit\u00e9","transport","urbanisme"],"articleSection":["Intervention communale","Lausanne"],"inLanguage":"fr-FR"},{"@type":"WebPage","@id":"https:\/\/vert-e-s-vd.ch\/lausanne\/blog\/lausanne\/securite-pietonne-autour-de-la-piscine-de-mon-repos","url":"https:\/\/vert-e-s-vd.ch\/lausanne\/blog\/lausanne\/securite-pietonne-autour-de-la-piscine-de-mon-repos","name":"S\u00e9curit\u00e9 pi\u00e9tonne autour de la piscine de Mon-Repos - Les VERT\u00b7E\u00b7S lausannois\u00b7es","isPartOf":{"@id":"https:\/\/vert-e-s-vd.ch\/lausanne\/#website"},"datePublished":"2017-03-21T15:25:45+00:00","dateModified":"2021-01-08T11:23:24+00:00","author":{"@id":""},"breadcrumb":{"@id":"https:\/\/vert-e-s-vd.ch\/lausanne\/blog\/lausanne\/securite-pietonne-autour-de-la-piscine-de-mon-repos#breadcrumb"},"inLanguage":"fr-FR","potentialAction":[{"@type":"ReadAction","target":["https:\/\/vert-e-s-vd.ch\/lausanne\/blog\/lausanne\/securite-pietonne-autour-de-la-piscine-de-mon-repos"]}]},{"@type":"BreadcrumbList","@id":"https:\/\/vert-e-s-vd.ch\/lausanne\/blog\/lausanne\/securite-pietonne-autour-de-la-piscine-de-mon-repos#breadcrumb","itemListElement":[{"@type":"ListItem","position":1,"name":"Accueil","item":"https:\/\/vert-e-s-vd.ch\/lausanne\/"},{"@type":"ListItem","position":2,"name":"Agenda","item":"https:\/\/vert-e-s-vd.ch\/lausanne?post_type=tribe_events&tribe_event_display=list#menu-item-70603"},{"@type":"ListItem","position":3,"name":"S\u00e9curit\u00e9 pi\u00e9tonne autour de la piscine de Mon-Repos"}]},{"@type":"WebSite","@id":"https:\/\/vert-e-s-vd.ch\/lausanne\/#website","url":"https:\/\/vert-e-s-vd.ch\/lausanne\/","name":"Les VERT\u00b7E\u00b7S lausannois\u00b7es","description":"Une longueur d\u2019avance","potentialAction":[{"@type":"SearchAction","target":{"@type":"EntryPoint","urlTemplate":"https:\/\/vert-e-s-vd.ch\/lausanne\/?s={search_term_string}"},"query-input":{"@type":"PropertyValueSpecification","valueRequired":true,"valueName":"search_term_string"}}],"inLanguage":"fr-FR"}]}},"_links":{"self":[{"href":"https:\/\/vert-e-s-vd.ch\/lausanne\/wp-json\/wp\/v2\/posts\/2074","targetHints":{"allow":["GET"]}}],"collection":[{"href":"https:\/\/vert-e-s-vd.ch\/lausanne\/wp-json\/wp\/v2\/posts"}],"about":[{"href":"https:\/\/vert-e-s-vd.ch\/lausanne\/wp-json\/wp\/v2\/types\/post"}],"replies":[{"embeddable":true,"href":"https:\/\/vert-e-s-vd.ch\/lausanne\/wp-json\/wp\/v2\/comments?post=2074"}],"version-history":[{"count":1,"href":"https:\/\/vert-e-s-vd.ch\/lausanne\/wp-json\/wp\/v2\/posts\/2074\/revisions"}],"predecessor-version":[{"id":71463,"href":"https:\/\/vert-e-s-vd.ch\/lausanne\/wp-json\/wp\/v2\/posts\/2074\/revisions\/71463"}],"wp:attachment":[{"href":"https:\/\/vert-e-s-vd.ch\/lausanne\/wp-json\/wp\/v2\/media?parent=2074"}],"wp:term":[{"taxonomy":"category","embeddable":true,"href":"https:\/\/vert-e-s-vd.ch\/lausanne\/wp-json\/wp\/v2\/categories?post=2074"},{"taxonomy":"post_tag","embeddable":true,"href":"https:\/\/vert-e-s-vd.ch\/lausanne\/wp-json\/wp\/v2\/tags?post=2074"}],"curies":[{"name":"wp","href":"https:\/\/api.w.org\/{rel}","templated":true}]}}