{"id":1324,"date":"2015-01-21T11:26:47","date_gmt":"2015-01-21T10:26:47","guid":{"rendered":"https:\/\/vert-e-s-vd.ch\/lausanne\/?p=1324"},"modified":"2021-01-08T12:24:19","modified_gmt":"2021-01-08T11:24:19","slug":"journee-sans-viande-plus-de-sante-et-decologie-dans-lassiette-des-petits-lausannois","status":"publish","type":"post","link":"https:\/\/vert-e-s-vd.ch\/lausanne\/blog\/intervention-communale\/journee-sans-viande-plus-de-sante-et-decologie-dans-lassiette-des-petits-lausannois","title":{"rendered":"Journ\u00e9e sans viande : plus de sant\u00e9 et d&rsquo;\u00e9cologie dans l&rsquo;assiette des petits Lausannois"},"content":{"rendered":"","protected":false},"excerpt":{"rendered":"","protected":false},"author":0,"featured_media":70995,"comment_status":"open","ping_status":"open","sticky":false,"template":"","format":"standard","meta":{"_acf_changed":false,"inline_featured_image":false,"footnotes":""},"categories":[404],"tags":[364,406],"class_list":["post-1324","post","type-post","status-publish","format-standard","has-post-thumbnail","hentry","category-intervention-communale","tag-alimentation","tag-sante"],"acf":[],"yoast_head":"<!-- This site is optimized with the Yoast SEO plugin v26.9 - https:\/\/yoast.com\/product\/yoast-seo-wordpress\/ -->\n<title>Journ\u00e9e sans viande : plus de sant\u00e9 et d&#039;\u00e9cologie dans l&#039;assiette des petits Lausannois - Les VERT\u00b7E\u00b7S lausannois\u00b7es<\/title>\n<meta name=\"robots\" content=\"index, follow, max-snippet:-1, max-image-preview:large, max-video-preview:-1\" \/>\n<link rel=\"canonical\" href=\"https:\/\/vert-e-s-vd.ch\/lausanne\/blog\/intervention-communale\/journee-sans-viande-plus-de-sante-et-decologie-dans-lassiette-des-petits-lausannois\" \/>\n<meta property=\"og:locale\" content=\"fr_FR\" \/>\n<meta property=\"og:type\" content=\"article\" \/>\n<meta property=\"og:title\" content=\"Journ\u00e9e sans viande : plus de sant\u00e9 et d&#039;\u00e9cologie dans l&#039;assiette des petits Lausannois - Les VERT\u00b7E\u00b7S lausannois\u00b7es\" \/>\n<meta property=\"og:url\" content=\"https:\/\/vert-e-s-vd.ch\/lausanne\/blog\/intervention-communale\/journee-sans-viande-plus-de-sante-et-decologie-dans-lassiette-des-petits-lausannois\" \/>\n<meta property=\"og:site_name\" content=\"Les VERT\u00b7E\u00b7S lausannois\u00b7es\" \/>\n<meta property=\"article:published_time\" content=\"2015-01-21T10:26:47+00:00\" \/>\n<meta property=\"article:modified_time\" content=\"2021-01-08T11:24:19+00:00\" \/>\n<meta property=\"og:image\" content=\"https:\/\/vert-e-s-vd.ch\/lausanne\/wp-content\/uploads\/sites\/7\/2016\/04\/Legumes_et_fruits_au_marche_dOrange-1200x0-c-default.jpg\" \/>\n\t<meta property=\"og:image:width\" content=\"1200\" \/>\n\t<meta property=\"og:image:height\" content=\"452\" \/>\n\t<meta property=\"og:image:type\" content=\"image\/jpeg\" \/>\n<meta name=\"twitter:card\" content=\"summary_large_image\" \/>\n<script type=\"application\/ld+json\" class=\"yoast-schema-graph\">{\"@context\":\"https:\/\/schema.org\",\"@graph\":[{\"@type\":\"Article\",\"@id\":\"https:\/\/vert-e-s-vd.ch\/lausanne\/blog\/intervention-communale\/journee-sans-viande-plus-de-sante-et-decologie-dans-lassiette-des-petits-lausannois#article\",\"isPartOf\":{\"@id\":\"https:\/\/vert-e-s-vd.ch\/lausanne\/blog\/intervention-communale\/journee-sans-viande-plus-de-sante-et-decologie-dans-lassiette-des-petits-lausannois\"},\"author\":{\"name\":\"\",\"@id\":\"\"},\"headline\":\"Journ\u00e9e sans viande : plus de sant\u00e9 et d&rsquo;\u00e9cologie dans l&rsquo;assiette des petits Lausannois\",\"datePublished\":\"2015-01-21T10:26:47+00:00\",\"dateModified\":\"2021-01-08T11:24:19+00:00\",\"mainEntityOfPage\":{\"@id\":\"https:\/\/vert-e-s-vd.ch\/lausanne\/blog\/intervention-communale\/journee-sans-viande-plus-de-sante-et-decologie-dans-lassiette-des-petits-lausannois\"},\"wordCount\":16,\"commentCount\":0,\"image\":{\"@id\":\"https:\/\/vert-e-s-vd.ch\/lausanne\/blog\/intervention-communale\/journee-sans-viande-plus-de-sante-et-decologie-dans-lassiette-des-petits-lausannois#primaryimage\"},\"thumbnailUrl\":\"https:\/\/vert-e-s-vd.ch\/lausanne\/wp-content\/uploads\/sites\/7\/2016\/04\/Legumes_et_fruits_au_marche_dOrange-scaled.jpg\",\"keywords\":[\"alimentation\",\"sant\u00e9\"],\"articleSection\":[\"Intervention communale\"],\"inLanguage\":\"fr-FR\"},{\"@type\":\"WebPage\",\"@id\":\"https:\/\/vert-e-s-vd.ch\/lausanne\/blog\/intervention-communale\/journee-sans-viande-plus-de-sante-et-decologie-dans-lassiette-des-petits-lausannois\",\"url\":\"https:\/\/vert-e-s-vd.ch\/lausanne\/blog\/intervention-communale\/journee-sans-viande-plus-de-sante-et-decologie-dans-lassiette-des-petits-lausannois\",\"name\":\"Journ\u00e9e sans viande : plus de sant\u00e9 et d'\u00e9cologie dans l'assiette des petits Lausannois - Les VERT\u00b7E\u00b7S lausannois\u00b7es\",\"isPartOf\":{\"@id\":\"https:\/\/vert-e-s-vd.ch\/lausanne\/#website\"},\"primaryImageOfPage\":{\"@id\":\"https:\/\/vert-e-s-vd.ch\/lausanne\/blog\/intervention-communale\/journee-sans-viande-plus-de-sante-et-decologie-dans-lassiette-des-petits-lausannois#primaryimage\"},\"image\":{\"@id\":\"https:\/\/vert-e-s-vd.ch\/lausanne\/blog\/intervention-communale\/journee-sans-viande-plus-de-sante-et-decologie-dans-lassiette-des-petits-lausannois#primaryimage\"},\"thumbnailUrl\":\"https:\/\/vert-e-s-vd.ch\/lausanne\/wp-content\/uploads\/sites\/7\/2016\/04\/Legumes_et_fruits_au_marche_dOrange-scaled.jpg\",\"datePublished\":\"2015-01-21T10:26:47+00:00\",\"dateModified\":\"2021-01-08T11:24:19+00:00\",\"author\":{\"@id\":\"\"},\"breadcrumb\":{\"@id\":\"https:\/\/vert-e-s-vd.ch\/lausanne\/blog\/intervention-communale\/journee-sans-viande-plus-de-sante-et-decologie-dans-lassiette-des-petits-lausannois#breadcrumb\"},\"inLanguage\":\"fr-FR\",\"potentialAction\":[{\"@type\":\"ReadAction\",\"target\":[\"https:\/\/vert-e-s-vd.ch\/lausanne\/blog\/intervention-communale\/journee-sans-viande-plus-de-sante-et-decologie-dans-lassiette-des-petits-lausannois\"]}]},{\"@type\":\"ImageObject\",\"inLanguage\":\"fr-FR\",\"@id\":\"https:\/\/vert-e-s-vd.ch\/lausanne\/blog\/intervention-communale\/journee-sans-viande-plus-de-sante-et-decologie-dans-lassiette-des-petits-lausannois#primaryimage\",\"url\":\"https:\/\/vert-e-s-vd.ch\/lausanne\/wp-content\/uploads\/sites\/7\/2016\/04\/Legumes_et_fruits_au_marche_dOrange-scaled.jpg\",\"contentUrl\":\"https:\/\/vert-e-s-vd.ch\/lausanne\/wp-content\/uploads\/sites\/7\/2016\/04\/Legumes_et_fruits_au_marche_dOrange-scaled.jpg\",\"width\":2560,\"height\":964},{\"@type\":\"BreadcrumbList\",\"@id\":\"https:\/\/vert-e-s-vd.ch\/lausanne\/blog\/intervention-communale\/journee-sans-viande-plus-de-sante-et-decologie-dans-lassiette-des-petits-lausannois#breadcrumb\",\"itemListElement\":[{\"@type\":\"ListItem\",\"position\":1,\"name\":\"Accueil\",\"item\":\"https:\/\/vert-e-s-vd.ch\/lausanne\/\"},{\"@type\":\"ListItem\",\"position\":2,\"name\":\"Agenda\",\"item\":\"https:\/\/vert-e-s-vd.ch\/lausanne?post_type=tribe_events&tribe_event_display=list#menu-item-70603\"},{\"@type\":\"ListItem\",\"position\":3,\"name\":\"Journ\u00e9e sans viande : plus de sant\u00e9 et d&rsquo;\u00e9cologie dans l&rsquo;assiette des petits Lausannois\"}]},{\"@type\":\"WebSite\",\"@id\":\"https:\/\/vert-e-s-vd.ch\/lausanne\/#website\",\"url\":\"https:\/\/vert-e-s-vd.ch\/lausanne\/\",\"name\":\"Les VERT\u00b7E\u00b7S lausannois\u00b7es\",\"description\":\"Une longueur d\u2019avance\",\"potentialAction\":[{\"@type\":\"SearchAction\",\"target\":{\"@type\":\"EntryPoint\",\"urlTemplate\":\"https:\/\/vert-e-s-vd.ch\/lausanne\/?s={search_term_string}\"},\"query-input\":{\"@type\":\"PropertyValueSpecification\",\"valueRequired\":true,\"valueName\":\"search_term_string\"}}],\"inLanguage\":\"fr-FR\"}]}<\/script>\n<!-- \/ Yoast SEO plugin. -->","yoast_head_json":{"title":"Journ\u00e9e sans viande : plus de sant\u00e9 et d'\u00e9cologie dans l'assiette des petits Lausannois - Les VERT\u00b7E\u00b7S lausannois\u00b7es","robots":{"index":"index","follow":"follow","max-snippet":"max-snippet:-1","max-image-preview":"max-image-preview:large","max-video-preview":"max-video-preview:-1"},"canonical":"https:\/\/vert-e-s-vd.ch\/lausanne\/blog\/intervention-communale\/journee-sans-viande-plus-de-sante-et-decologie-dans-lassiette-des-petits-lausannois","og_locale":"fr_FR","og_type":"article","og_title":"Journ\u00e9e sans viande : plus de sant\u00e9 et d'\u00e9cologie dans l'assiette des petits Lausannois - Les VERT\u00b7E\u00b7S lausannois\u00b7es","og_url":"https:\/\/vert-e-s-vd.ch\/lausanne\/blog\/intervention-communale\/journee-sans-viande-plus-de-sante-et-decologie-dans-lassiette-des-petits-lausannois","og_site_name":"Les VERT\u00b7E\u00b7S lausannois\u00b7es","article_published_time":"2015-01-21T10:26:47+00:00","article_modified_time":"2021-01-08T11:24:19+00:00","og_image":[{"width":1200,"height":452,"url":"https:\/\/vert-e-s-vd.ch\/lausanne\/wp-content\/uploads\/sites\/7\/2016\/04\/Legumes_et_fruits_au_marche_dOrange-1200x0-c-default.jpg","type":"image\/jpeg"}],"twitter_card":"summary_large_image","schema":{"@context":"https:\/\/schema.org","@graph":[{"@type":"Article","@id":"https:\/\/vert-e-s-vd.ch\/lausanne\/blog\/intervention-communale\/journee-sans-viande-plus-de-sante-et-decologie-dans-lassiette-des-petits-lausannois#article","isPartOf":{"@id":"https:\/\/vert-e-s-vd.ch\/lausanne\/blog\/intervention-communale\/journee-sans-viande-plus-de-sante-et-decologie-dans-lassiette-des-petits-lausannois"},"author":{"name":"","@id":""},"headline":"Journ\u00e9e sans viande : plus de sant\u00e9 et d&rsquo;\u00e9cologie dans l&rsquo;assiette des petits Lausannois","datePublished":"2015-01-21T10:26:47+00:00","dateModified":"2021-01-08T11:24:19+00:00","mainEntityOfPage":{"@id":"https:\/\/vert-e-s-vd.ch\/lausanne\/blog\/intervention-communale\/journee-sans-viande-plus-de-sante-et-decologie-dans-lassiette-des-petits-lausannois"},"wordCount":16,"commentCount":0,"image":{"@id":"https:\/\/vert-e-s-vd.ch\/lausanne\/blog\/intervention-communale\/journee-sans-viande-plus-de-sante-et-decologie-dans-lassiette-des-petits-lausannois#primaryimage"},"thumbnailUrl":"https:\/\/vert-e-s-vd.ch\/lausanne\/wp-content\/uploads\/sites\/7\/2016\/04\/Legumes_et_fruits_au_marche_dOrange-scaled.jpg","keywords":["alimentation","sant\u00e9"],"articleSection":["Intervention communale"],"inLanguage":"fr-FR"},{"@type":"WebPage","@id":"https:\/\/vert-e-s-vd.ch\/lausanne\/blog\/intervention-communale\/journee-sans-viande-plus-de-sante-et-decologie-dans-lassiette-des-petits-lausannois","url":"https:\/\/vert-e-s-vd.ch\/lausanne\/blog\/intervention-communale\/journee-sans-viande-plus-de-sante-et-decologie-dans-lassiette-des-petits-lausannois","name":"Journ\u00e9e sans viande : plus de sant\u00e9 et d'\u00e9cologie dans l'assiette des petits Lausannois - Les VERT\u00b7E\u00b7S lausannois\u00b7es","isPartOf":{"@id":"https:\/\/vert-e-s-vd.ch\/lausanne\/#website"},"primaryImageOfPage":{"@id":"https:\/\/vert-e-s-vd.ch\/lausanne\/blog\/intervention-communale\/journee-sans-viande-plus-de-sante-et-decologie-dans-lassiette-des-petits-lausannois#primaryimage"},"image":{"@id":"https:\/\/vert-e-s-vd.ch\/lausanne\/blog\/intervention-communale\/journee-sans-viande-plus-de-sante-et-decologie-dans-lassiette-des-petits-lausannois#primaryimage"},"thumbnailUrl":"https:\/\/vert-e-s-vd.ch\/lausanne\/wp-content\/uploads\/sites\/7\/2016\/04\/Legumes_et_fruits_au_marche_dOrange-scaled.jpg","datePublished":"2015-01-21T10:26:47+00:00","dateModified":"2021-01-08T11:24:19+00:00","author":{"@id":""},"breadcrumb":{"@id":"https:\/\/vert-e-s-vd.ch\/lausanne\/blog\/intervention-communale\/journee-sans-viande-plus-de-sante-et-decologie-dans-lassiette-des-petits-lausannois#breadcrumb"},"inLanguage":"fr-FR","potentialAction":[{"@type":"ReadAction","target":["https:\/\/vert-e-s-vd.ch\/lausanne\/blog\/intervention-communale\/journee-sans-viande-plus-de-sante-et-decologie-dans-lassiette-des-petits-lausannois"]}]},{"@type":"ImageObject","inLanguage":"fr-FR","@id":"https:\/\/vert-e-s-vd.ch\/lausanne\/blog\/intervention-communale\/journee-sans-viande-plus-de-sante-et-decologie-dans-lassiette-des-petits-lausannois#primaryimage","url":"https:\/\/vert-e-s-vd.ch\/lausanne\/wp-content\/uploads\/sites\/7\/2016\/04\/Legumes_et_fruits_au_marche_dOrange-scaled.jpg","contentUrl":"https:\/\/vert-e-s-vd.ch\/lausanne\/wp-content\/uploads\/sites\/7\/2016\/04\/Legumes_et_fruits_au_marche_dOrange-scaled.jpg","width":2560,"height":964},{"@type":"BreadcrumbList","@id":"https:\/\/vert-e-s-vd.ch\/lausanne\/blog\/intervention-communale\/journee-sans-viande-plus-de-sante-et-decologie-dans-lassiette-des-petits-lausannois#breadcrumb","itemListElement":[{"@type":"ListItem","position":1,"name":"Accueil","item":"https:\/\/vert-e-s-vd.ch\/lausanne\/"},{"@type":"ListItem","position":2,"name":"Agenda","item":"https:\/\/vert-e-s-vd.ch\/lausanne?post_type=tribe_events&tribe_event_display=list#menu-item-70603"},{"@type":"ListItem","position":3,"name":"Journ\u00e9e sans viande : plus de sant\u00e9 et d&rsquo;\u00e9cologie dans l&rsquo;assiette des petits Lausannois"}]},{"@type":"WebSite","@id":"https:\/\/vert-e-s-vd.ch\/lausanne\/#website","url":"https:\/\/vert-e-s-vd.ch\/lausanne\/","name":"Les VERT\u00b7E\u00b7S lausannois\u00b7es","description":"Une longueur d\u2019avance","potentialAction":[{"@type":"SearchAction","target":{"@type":"EntryPoint","urlTemplate":"https:\/\/vert-e-s-vd.ch\/lausanne\/?s={search_term_string}"},"query-input":{"@type":"PropertyValueSpecification","valueRequired":true,"valueName":"search_term_string"}}],"inLanguage":"fr-FR"}]}},"_links":{"self":[{"href":"https:\/\/vert-e-s-vd.ch\/lausanne\/wp-json\/wp\/v2\/posts\/1324","targetHints":{"allow":["GET"]}}],"collection":[{"href":"https:\/\/vert-e-s-vd.ch\/lausanne\/wp-json\/wp\/v2\/posts"}],"about":[{"href":"https:\/\/vert-e-s-vd.ch\/lausanne\/wp-json\/wp\/v2\/types\/post"}],"replies":[{"embeddable":true,"href":"https:\/\/vert-e-s-vd.ch\/lausanne\/wp-json\/wp\/v2\/comments?post=1324"}],"version-history":[{"count":1,"href":"https:\/\/vert-e-s-vd.ch\/lausanne\/wp-json\/wp\/v2\/posts\/1324\/revisions"}],"predecessor-version":[{"id":71655,"href":"https:\/\/vert-e-s-vd.ch\/lausanne\/wp-json\/wp\/v2\/posts\/1324\/revisions\/71655"}],"wp:featuredmedia":[{"embeddable":true,"href":"https:\/\/vert-e-s-vd.ch\/lausanne\/wp-json\/wp\/v2\/media\/70995"}],"wp:attachment":[{"href":"https:\/\/vert-e-s-vd.ch\/lausanne\/wp-json\/wp\/v2\/media?parent=1324"}],"wp:term":[{"taxonomy":"category","embeddable":true,"href":"https:\/\/vert-e-s-vd.ch\/lausanne\/wp-json\/wp\/v2\/categories?post=1324"},{"taxonomy":"post_tag","embeddable":true,"href":"https:\/\/vert-e-s-vd.ch\/lausanne\/wp-json\/wp\/v2\/tags?post=1324"}],"curies":[{"name":"wp","href":"https:\/\/api.w.org\/{rel}","templated":true}]}}