{"id":74124,"global_id":"vert-e-s-vd.ch\/lausanne?id=74124","global_id_lineage":["vert-e-s-vd.ch\/lausanne?id=74124"],"author":"3","status":"publish","date":"2023-01-24 13:22:57","date_utc":"2023-01-24 12:22:57","modified":"2023-01-24 13:22:57","modified_utc":"2023-01-24 12:22:57","url":"https:\/\/vert-e-s-vd.ch\/lausanne\/event\/assemblee-generale-ordinaire-2","rest_url":"https:\/\/vert-e-s-vd.ch\/lausanne\/wp-json\/tribe\/events\/v1\/events\/74124","title":"Assembl\u00e9e g\u00e9n\u00e9rale ordinaire","description":"","excerpt":"","slug":"assemblee-generale-ordinaire-2","image":false,"all_day":false,"start_date":"2023-02-08 19:00:00","start_date_details":{"year":"2023","month":"02","day":"08","hour":"19","minutes":"00","seconds":"00"},"end_date":"2023-02-08 22:00:00","end_date_details":{"year":"2023","month":"02","day":"08","hour":"22","minutes":"00","seconds":"00"},"utc_start_date":"2023-02-08 18:00:00","utc_start_date_details":{"year":"2023","month":"02","day":"08","hour":"18","minutes":"00","seconds":"00"},"utc_end_date":"2023-02-08 21:00:00","utc_end_date_details":{"year":"2023","month":"02","day":"08","hour":"21","minutes":"00","seconds":"00"},"timezone":"Europe\/Zurich","timezone_abbr":"CET","cost":"","cost_details":{"currency_symbol":"","currency_code":"","currency_position":"suffix","values":[]},"website":"","show_map":false,"show_map_link":true,"hide_from_listings":false,"sticky":false,"featured":false,"categories":[],"tags":[],"venue":{"id":73799,"author":"3","status":"publish","date":"2022-05-17 15:08:48","date_utc":"2022-05-17 13:08:48","modified":"2022-05-17 15:08:48","modified_utc":"2022-05-17 13:08:48","url":"https:\/\/vert-e-s-vd.ch\/lausanne\/lieu\/maison-du-peuple","venue":"Maison du peuple","slug":"maison-du-peuple","address":"Place Chauderon","city":"Lausanne","country":"Suisse","json_ld":{"@type":"Place","name":"Maison du peuple","description":"","url":"","address":{"@type":"PostalAddress","streetAddress":"Place Chauderon","addressLocality":"Lausanne","addressCountry":"Suisse"},"telephone":"","sameAs":""},"show_map":true,"show_map_link":true,"global_id":"vert-e-s-vd.ch\/lausanne?id=73799","global_id_lineage":["vert-e-s-vd.ch\/lausanne?id=73799"]},"organizer":[],"custom_fields":[],"json_ld":{"@context":"http:\/\/schema.org","@type":"Event","name":"Assembl\u00e9e g\u00e9n\u00e9rale ordinaire","description":"","url":"https:\/\/vert-e-s-vd.ch\/lausanne\/event\/assemblee-generale-ordinaire-2\/","eventAttendanceMode":"https:\/\/schema.org\/OfflineEventAttendanceMode","eventStatus":"https:\/\/schema.org\/EventScheduled","startDate":"2023-02-08T19:00:00+01:00","endDate":"2023-02-08T22:00:00+01:00","location":{"@type":"Place","name":"Maison du peuple","description":"","url":"","address":{"@type":"PostalAddress","streetAddress":"Place Chauderon","addressLocality":"Lausanne","addressCountry":"Suisse"},"telephone":"","sameAs":""},"performer":"Organization"}}