{"id":72888,"date":"2025-11-12T16:00:45","date_gmt":"2025-11-12T15:00:45","guid":{"rendered":"https:\/\/vert-e-s-vd.ch\/lacote\/?p=72888"},"modified":"2025-11-12T19:13:57","modified_gmt":"2025-11-12T18:13:57","slug":"municipalite2026","status":"publish","type":"post","link":"https:\/\/vert-e-s-vd.ch\/lacote\/blog\/elections\/municipalite2026","title":{"rendered":"Les Vert\u2e31e\u2e31s de Nyon ont d\u00e9sign\u00e9 leurs candidat\u2219e\u2219s \u00e0 la Municipalit\u00e9 de Nyon"},"content":{"rendered":"","protected":false},"excerpt":{"rendered":"","protected":false},"author":59,"featured_media":0,"comment_status":"closed","ping_status":"closed","sticky":false,"template":"","format":"standard","meta":{"_acf_changed":false,"inline_featured_image":false,"footnotes":""},"categories":[393,437,444,415,422],"tags":[],"class_list":["post-72888","post","type-post","status-publish","format-standard","hentry","category-communiques","category-elections","category-elections-municipales","category-nyon","category-presse"],"acf":[],"yoast_head":"<!-- This site is optimized with the Yoast SEO plugin v26.9 - https:\/\/yoast.com\/product\/yoast-seo-wordpress\/ -->\n<title>Les Vert\u2e31e\u2e31s de Nyon ont d\u00e9sign\u00e9 leurs candidat\u2219e\u2219s \u00e0 la Municipalit\u00e9 de Nyon - Les Vert\u00b7e\u00b7s vaudois\u00b7e\u00b7s, section La C\u00f4te<\/title>\n<meta name=\"description\" content=\"Nyon, le 12 novembre 2025 - Les Vert\u2e31e\u2e31s de Nyon ont pl\u00e9biscit\u00e9 Pierre Wahlen et Nathalie Raya Etter comme candidat et candidate \u00e0 la Municipalit\u00e9 pour une Ville de proximit\u00e9 et en sant\u00e9, sur un ticket commun avec le Parti Socialiste nyonnais.\" \/>\n<meta name=\"robots\" content=\"index, follow, max-snippet:-1, max-image-preview:large, max-video-preview:-1\" \/>\n<link rel=\"canonical\" href=\"https:\/\/vert-e-s-vd.ch\/lacote\/blog\/elections\/municipalite2026\" \/>\n<meta property=\"og:locale\" content=\"fr_FR\" \/>\n<meta property=\"og:type\" content=\"article\" \/>\n<meta property=\"og:title\" content=\"Les Vert\u2e31e\u2e31s de Nyon ont d\u00e9sign\u00e9 leurs candidat\u2219e\u2219s \u00e0 la Municipalit\u00e9 de Nyon - Les Vert\u00b7e\u00b7s vaudois\u00b7e\u00b7s, section La C\u00f4te\" \/>\n<meta property=\"og:description\" content=\"Nyon, le 12 novembre 2025 - Les Vert\u2e31e\u2e31s de Nyon ont pl\u00e9biscit\u00e9 Pierre Wahlen et Nathalie Raya Etter comme candidat et candidate \u00e0 \u2026\" \/>\n<meta property=\"og:url\" content=\"https:\/\/vert-e-s-vd.ch\/lacote\/blog\/elections\/municipalite2026\" \/>\n<meta property=\"og:site_name\" content=\"Les Vert\u00b7e\u00b7s vaudois\u00b7e\u00b7s, section La C\u00f4te\" \/>\n<meta property=\"article:publisher\" content=\"https:\/\/www.facebook.com\/VertsLaCote\" \/>\n<meta property=\"article:published_time\" content=\"2025-11-12T15:00:45+00:00\" \/>\n<meta property=\"article:modified_time\" content=\"2025-11-12T18:13:57+00:00\" \/>\n<meta property=\"og:image\" content=\"https:\/\/vert-e-s-vd.ch\/lacote\/wp-content\/uploads\/sites\/5\/2019\/02\/GrueneLesVerts_URL_Logo_RGB_pos-790x0-c-default.png\" \/>\n\t<meta property=\"og:image:width\" content=\"790\" \/>\n\t<meta property=\"og:image:height\" content=\"543\" \/>\n\t<meta property=\"og:image:type\" content=\"image\/png\" \/>\n<meta name=\"author\" content=\"adupasquier\" \/>\n<meta name=\"twitter:card\" content=\"summary_large_image\" \/>\n<meta name=\"twitter:creator\" content=\"@vertsvd\" \/>\n<meta name=\"twitter:site\" content=\"@vertsvd\" \/>\n<meta name=\"twitter:label1\" content=\"\u00c9crit par\" \/>\n\t<meta name=\"twitter:data1\" content=\"adupasquier\" \/>\n\t<meta name=\"twitter:label2\" content=\"Dur\u00e9e de lecture estim\u00e9e\" \/>\n\t<meta name=\"twitter:data2\" content=\"4 minutes\" \/>\n<script type=\"application\/ld+json\" class=\"yoast-schema-graph\">{\"@context\":\"https:\/\/schema.org\",\"@graph\":[{\"@type\":\"Article\",\"@id\":\"https:\/\/vert-e-s-vd.ch\/lacote\/blog\/elections\/municipalite2026#article\",\"isPartOf\":{\"@id\":\"https:\/\/vert-e-s-vd.ch\/lacote\/blog\/elections\/municipalite2026\"},\"author\":{\"name\":\"adupasquier\",\"@id\":\"https:\/\/vert-e-s-vd.ch\/lacote\/#\/schema\/person\/446254405e7bac210cd35cee3e7b5cbf\"},\"headline\":\"Les Vert\u2e31e\u2e31s de Nyon ont d\u00e9sign\u00e9 leurs candidat\u2219e\u2219s \u00e0 la Municipalit\u00e9 de Nyon\",\"datePublished\":\"2025-11-12T15:00:45+00:00\",\"dateModified\":\"2025-11-12T18:13:57+00:00\",\"mainEntityOfPage\":{\"@id\":\"https:\/\/vert-e-s-vd.ch\/lacote\/blog\/elections\/municipalite2026\"},\"wordCount\":17,\"publisher\":{\"@id\":\"https:\/\/vert-e-s-vd.ch\/lacote\/#organization\"},\"articleSection\":[\"Communiqu\u00e9s\",\"\u00c9lections\",\"Elections Municipales\",\"Nyon\",\"Presse\"],\"inLanguage\":\"fr-FR\"},{\"@type\":\"WebPage\",\"@id\":\"https:\/\/vert-e-s-vd.ch\/lacote\/blog\/elections\/municipalite2026\",\"url\":\"https:\/\/vert-e-s-vd.ch\/lacote\/blog\/elections\/municipalite2026\",\"name\":\"Les Vert\u2e31e\u2e31s de Nyon ont d\u00e9sign\u00e9 leurs candidat\u2219e\u2219s \u00e0 la Municipalit\u00e9 de Nyon - Les Vert\u00b7e\u00b7s vaudois\u00b7e\u00b7s, section La C\u00f4te\",\"isPartOf\":{\"@id\":\"https:\/\/vert-e-s-vd.ch\/lacote\/#website\"},\"datePublished\":\"2025-11-12T15:00:45+00:00\",\"dateModified\":\"2025-11-12T18:13:57+00:00\",\"description\":\"Nyon, le 12 novembre 2025 - Les Vert\u2e31e\u2e31s de Nyon ont pl\u00e9biscit\u00e9 Pierre Wahlen et Nathalie Raya Etter comme candidat et candidate \u00e0 la Municipalit\u00e9 pour une Ville de proximit\u00e9 et en sant\u00e9, sur un ticket commun avec le Parti Socialiste nyonnais.\",\"breadcrumb\":{\"@id\":\"https:\/\/vert-e-s-vd.ch\/lacote\/blog\/elections\/municipalite2026#breadcrumb\"},\"inLanguage\":\"fr-FR\",\"potentialAction\":[{\"@type\":\"ReadAction\",\"target\":[\"https:\/\/vert-e-s-vd.ch\/lacote\/blog\/elections\/municipalite2026\"]}]},{\"@type\":\"BreadcrumbList\",\"@id\":\"https:\/\/vert-e-s-vd.ch\/lacote\/blog\/elections\/municipalite2026#breadcrumb\",\"itemListElement\":[{\"@type\":\"ListItem\",\"position\":1,\"name\":\"Accueil\",\"item\":\"https:\/\/vert-e-s-vd.ch\/lacote\/\"},{\"@type\":\"ListItem\",\"position\":2,\"name\":\"Agenda\",\"item\":\"https:\/\/vert-e-s-vd.ch\/lacote?post_type=tribe_events&tribe_event_display=list#menu-item-70603\"},{\"@type\":\"ListItem\",\"position\":3,\"name\":\"Les Vert\u2e31e\u2e31s de Nyon ont d\u00e9sign\u00e9 leurs candidat\u2219e\u2219s \u00e0 la Municipalit\u00e9 de Nyon\"}]},{\"@type\":\"WebSite\",\"@id\":\"https:\/\/vert-e-s-vd.ch\/lacote\/#website\",\"url\":\"https:\/\/vert-e-s-vd.ch\/lacote\/\",\"name\":\"Les Vert\u00b7e\u00b7s vaudois\u00b7e\u00b7s, section La C\u00f4te\",\"description\":\"Une longueur d\u2019avance\",\"publisher\":{\"@id\":\"https:\/\/vert-e-s-vd.ch\/lacote\/#organization\"},\"potentialAction\":[{\"@type\":\"SearchAction\",\"target\":{\"@type\":\"EntryPoint\",\"urlTemplate\":\"https:\/\/vert-e-s-vd.ch\/lacote\/?s={search_term_string}\"},\"query-input\":{\"@type\":\"PropertyValueSpecification\",\"valueRequired\":true,\"valueName\":\"search_term_string\"}}],\"inLanguage\":\"fr-FR\"},{\"@type\":\"Organization\",\"@id\":\"https:\/\/vert-e-s-vd.ch\/lacote\/#organization\",\"name\":\"Les Vert.e.s vaudois.e.s\",\"url\":\"https:\/\/vert-e-s-vd.ch\/lacote\/\",\"logo\":{\"@type\":\"ImageObject\",\"inLanguage\":\"fr-FR\",\"@id\":\"https:\/\/vert-e-s-vd.ch\/lacote\/#\/schema\/logo\/image\/\",\"url\":\"https:\/\/vert-e-s-vd.ch\/lacote\/wp-content\/uploads\/sites\/5\/2019\/02\/logo-defr-green.svg\",\"contentUrl\":\"https:\/\/vert-e-s-vd.ch\/lacote\/wp-content\/uploads\/sites\/5\/2019\/02\/logo-defr-green.svg\",\"width\":1,\"height\":1,\"caption\":\"Les Vert.e.s vaudois.e.s\"},\"image\":{\"@id\":\"https:\/\/vert-e-s-vd.ch\/lacote\/#\/schema\/logo\/image\/\"},\"sameAs\":[\"https:\/\/www.facebook.com\/VertsLaCote\",\"https:\/\/x.com\/vertsvd\"]},{\"@type\":\"Person\",\"@id\":\"https:\/\/vert-e-s-vd.ch\/lacote\/#\/schema\/person\/446254405e7bac210cd35cee3e7b5cbf\",\"name\":\"adupasquier\",\"image\":{\"@type\":\"ImageObject\",\"inLanguage\":\"fr-FR\",\"@id\":\"https:\/\/vert-e-s-vd.ch\/lacote\/#\/schema\/person\/image\/\",\"url\":\"https:\/\/secure.gravatar.com\/avatar\/3727216b1d9df7f257d32d36e74d925a572d092c5a10e44e9b87e733bbe74580?s=96&d=mm&r=g\",\"contentUrl\":\"https:\/\/secure.gravatar.com\/avatar\/3727216b1d9df7f257d32d36e74d925a572d092c5a10e44e9b87e733bbe74580?s=96&d=mm&r=g\",\"caption\":\"adupasquier\"}}]}<\/script>\n<!-- \/ Yoast SEO plugin. -->","yoast_head_json":{"title":"Les Vert\u2e31e\u2e31s de Nyon ont d\u00e9sign\u00e9 leurs candidat\u2219e\u2219s \u00e0 la Municipalit\u00e9 de Nyon - Les Vert\u00b7e\u00b7s vaudois\u00b7e\u00b7s, section La C\u00f4te","description":"Nyon, le 12 novembre 2025 - Les Vert\u2e31e\u2e31s de Nyon ont pl\u00e9biscit\u00e9 Pierre Wahlen et Nathalie Raya Etter comme candidat et candidate \u00e0 la Municipalit\u00e9 pour une Ville de proximit\u00e9 et en sant\u00e9, sur un ticket commun avec le Parti Socialiste nyonnais.","robots":{"index":"index","follow":"follow","max-snippet":"max-snippet:-1","max-image-preview":"max-image-preview:large","max-video-preview":"max-video-preview:-1"},"canonical":"https:\/\/vert-e-s-vd.ch\/lacote\/blog\/elections\/municipalite2026","og_locale":"fr_FR","og_type":"article","og_title":"Les Vert\u2e31e\u2e31s de Nyon ont d\u00e9sign\u00e9 leurs candidat\u2219e\u2219s \u00e0 la Municipalit\u00e9 de Nyon - Les Vert\u00b7e\u00b7s vaudois\u00b7e\u00b7s, section La C\u00f4te","og_description":"Nyon, le 12 novembre 2025 - Les Vert\u2e31e\u2e31s de Nyon ont pl\u00e9biscit\u00e9 Pierre Wahlen et Nathalie Raya Etter comme candidat et candidate \u00e0 \u2026","og_url":"https:\/\/vert-e-s-vd.ch\/lacote\/blog\/elections\/municipalite2026","og_site_name":"Les Vert\u00b7e\u00b7s vaudois\u00b7e\u00b7s, section La C\u00f4te","article_publisher":"https:\/\/www.facebook.com\/VertsLaCote","article_published_time":"2025-11-12T15:00:45+00:00","article_modified_time":"2025-11-12T18:13:57+00:00","og_image":[{"url":"https:\/\/vert-e-s-vd.ch\/lacote\/wp-content\/uploads\/sites\/5\/2019\/02\/GrueneLesVerts_URL_Logo_RGB_pos-790x0-c-default.png","width":790,"height":543,"type":"image\/png"}],"author":"adupasquier","twitter_card":"summary_large_image","twitter_creator":"@vertsvd","twitter_site":"@vertsvd","twitter_misc":{"\u00c9crit par":"adupasquier","Dur\u00e9e de lecture estim\u00e9e":"4 minutes"},"schema":{"@context":"https:\/\/schema.org","@graph":[{"@type":"Article","@id":"https:\/\/vert-e-s-vd.ch\/lacote\/blog\/elections\/municipalite2026#article","isPartOf":{"@id":"https:\/\/vert-e-s-vd.ch\/lacote\/blog\/elections\/municipalite2026"},"author":{"name":"adupasquier","@id":"https:\/\/vert-e-s-vd.ch\/lacote\/#\/schema\/person\/446254405e7bac210cd35cee3e7b5cbf"},"headline":"Les Vert\u2e31e\u2e31s de Nyon ont d\u00e9sign\u00e9 leurs candidat\u2219e\u2219s \u00e0 la Municipalit\u00e9 de Nyon","datePublished":"2025-11-12T15:00:45+00:00","dateModified":"2025-11-12T18:13:57+00:00","mainEntityOfPage":{"@id":"https:\/\/vert-e-s-vd.ch\/lacote\/blog\/elections\/municipalite2026"},"wordCount":17,"publisher":{"@id":"https:\/\/vert-e-s-vd.ch\/lacote\/#organization"},"articleSection":["Communiqu\u00e9s","\u00c9lections","Elections Municipales","Nyon","Presse"],"inLanguage":"fr-FR"},{"@type":"WebPage","@id":"https:\/\/vert-e-s-vd.ch\/lacote\/blog\/elections\/municipalite2026","url":"https:\/\/vert-e-s-vd.ch\/lacote\/blog\/elections\/municipalite2026","name":"Les Vert\u2e31e\u2e31s de Nyon ont d\u00e9sign\u00e9 leurs candidat\u2219e\u2219s \u00e0 la Municipalit\u00e9 de Nyon - Les Vert\u00b7e\u00b7s vaudois\u00b7e\u00b7s, section La C\u00f4te","isPartOf":{"@id":"https:\/\/vert-e-s-vd.ch\/lacote\/#website"},"datePublished":"2025-11-12T15:00:45+00:00","dateModified":"2025-11-12T18:13:57+00:00","description":"Nyon, le 12 novembre 2025 - Les Vert\u2e31e\u2e31s de Nyon ont pl\u00e9biscit\u00e9 Pierre Wahlen et Nathalie Raya Etter comme candidat et candidate \u00e0 la Municipalit\u00e9 pour une Ville de proximit\u00e9 et en sant\u00e9, sur un ticket commun avec le Parti Socialiste nyonnais.","breadcrumb":{"@id":"https:\/\/vert-e-s-vd.ch\/lacote\/blog\/elections\/municipalite2026#breadcrumb"},"inLanguage":"fr-FR","potentialAction":[{"@type":"ReadAction","target":["https:\/\/vert-e-s-vd.ch\/lacote\/blog\/elections\/municipalite2026"]}]},{"@type":"BreadcrumbList","@id":"https:\/\/vert-e-s-vd.ch\/lacote\/blog\/elections\/municipalite2026#breadcrumb","itemListElement":[{"@type":"ListItem","position":1,"name":"Accueil","item":"https:\/\/vert-e-s-vd.ch\/lacote\/"},{"@type":"ListItem","position":2,"name":"Agenda","item":"https:\/\/vert-e-s-vd.ch\/lacote?post_type=tribe_events&tribe_event_display=list#menu-item-70603"},{"@type":"ListItem","position":3,"name":"Les Vert\u2e31e\u2e31s de Nyon ont d\u00e9sign\u00e9 leurs candidat\u2219e\u2219s \u00e0 la Municipalit\u00e9 de Nyon"}]},{"@type":"WebSite","@id":"https:\/\/vert-e-s-vd.ch\/lacote\/#website","url":"https:\/\/vert-e-s-vd.ch\/lacote\/","name":"Les Vert\u00b7e\u00b7s vaudois\u00b7e\u00b7s, section La C\u00f4te","description":"Une longueur d\u2019avance","publisher":{"@id":"https:\/\/vert-e-s-vd.ch\/lacote\/#organization"},"potentialAction":[{"@type":"SearchAction","target":{"@type":"EntryPoint","urlTemplate":"https:\/\/vert-e-s-vd.ch\/lacote\/?s={search_term_string}"},"query-input":{"@type":"PropertyValueSpecification","valueRequired":true,"valueName":"search_term_string"}}],"inLanguage":"fr-FR"},{"@type":"Organization","@id":"https:\/\/vert-e-s-vd.ch\/lacote\/#organization","name":"Les Vert.e.s vaudois.e.s","url":"https:\/\/vert-e-s-vd.ch\/lacote\/","logo":{"@type":"ImageObject","inLanguage":"fr-FR","@id":"https:\/\/vert-e-s-vd.ch\/lacote\/#\/schema\/logo\/image\/","url":"https:\/\/vert-e-s-vd.ch\/lacote\/wp-content\/uploads\/sites\/5\/2019\/02\/logo-defr-green.svg","contentUrl":"https:\/\/vert-e-s-vd.ch\/lacote\/wp-content\/uploads\/sites\/5\/2019\/02\/logo-defr-green.svg","width":1,"height":1,"caption":"Les Vert.e.s vaudois.e.s"},"image":{"@id":"https:\/\/vert-e-s-vd.ch\/lacote\/#\/schema\/logo\/image\/"},"sameAs":["https:\/\/www.facebook.com\/VertsLaCote","https:\/\/x.com\/vertsvd"]},{"@type":"Person","@id":"https:\/\/vert-e-s-vd.ch\/lacote\/#\/schema\/person\/446254405e7bac210cd35cee3e7b5cbf","name":"adupasquier","image":{"@type":"ImageObject","inLanguage":"fr-FR","@id":"https:\/\/vert-e-s-vd.ch\/lacote\/#\/schema\/person\/image\/","url":"https:\/\/secure.gravatar.com\/avatar\/3727216b1d9df7f257d32d36e74d925a572d092c5a10e44e9b87e733bbe74580?s=96&d=mm&r=g","contentUrl":"https:\/\/secure.gravatar.com\/avatar\/3727216b1d9df7f257d32d36e74d925a572d092c5a10e44e9b87e733bbe74580?s=96&d=mm&r=g","caption":"adupasquier"}}]}},"_links":{"self":[{"href":"https:\/\/vert-e-s-vd.ch\/lacote\/wp-json\/wp\/v2\/posts\/72888","targetHints":{"allow":["GET"]}}],"collection":[{"href":"https:\/\/vert-e-s-vd.ch\/lacote\/wp-json\/wp\/v2\/posts"}],"about":[{"href":"https:\/\/vert-e-s-vd.ch\/lacote\/wp-json\/wp\/v2\/types\/post"}],"author":[{"embeddable":true,"href":"https:\/\/vert-e-s-vd.ch\/lacote\/wp-json\/wp\/v2\/users\/59"}],"replies":[{"embeddable":true,"href":"https:\/\/vert-e-s-vd.ch\/lacote\/wp-json\/wp\/v2\/comments?post=72888"}],"version-history":[{"count":6,"href":"https:\/\/vert-e-s-vd.ch\/lacote\/wp-json\/wp\/v2\/posts\/72888\/revisions"}],"predecessor-version":[{"id":72899,"href":"https:\/\/vert-e-s-vd.ch\/lacote\/wp-json\/wp\/v2\/posts\/72888\/revisions\/72899"}],"wp:attachment":[{"href":"https:\/\/vert-e-s-vd.ch\/lacote\/wp-json\/wp\/v2\/media?parent=72888"}],"wp:term":[{"taxonomy":"category","embeddable":true,"href":"https:\/\/vert-e-s-vd.ch\/lacote\/wp-json\/wp\/v2\/categories?post=72888"},{"taxonomy":"post_tag","embeddable":true,"href":"https:\/\/vert-e-s-vd.ch\/lacote\/wp-json\/wp\/v2\/tags?post=72888"}],"curies":[{"name":"wp","href":"https:\/\/api.w.org\/{rel}","templated":true}]}}