{"id":73270,"date":"2026-02-14T15:56:31","date_gmt":"2026-02-14T14:56:31","guid":{"rendered":"https:\/\/vert-e-s-vd.ch\/jura-nordvaudois\/?p=73270"},"modified":"2026-02-14T15:56:31","modified_gmt":"2026-02-14T14:56:31","slug":"environnement-et-transparence-deux-interpellations-pour-clore-la-legislature","status":"publish","type":"post","link":"https:\/\/vert-e-s-vd.ch\/jura-nordvaudois\/orbe\/environnement-et-transparence-deux-interpellations-pour-clore-la-legislature","title":{"rendered":"Environnement et transparence : deux interpellations pour clore la l\u00e9gislature"},"content":{"rendered":"","protected":false},"excerpt":{"rendered":"","protected":false},"author":11,"featured_media":0,"comment_status":"closed","ping_status":"closed","sticky":false,"template":"","format":"standard","meta":{"_acf_changed":false,"inline_featured_image":false,"footnotes":""},"categories":[408,395],"tags":[],"class_list":["post-73270","post","type-post","status-publish","format-standard","hentry","category-conseil_communal","category-orbe"],"acf":[],"yoast_head":"<!-- This site is optimized with the Yoast SEO plugin v26.9 - https:\/\/yoast.com\/product\/yoast-seo-wordpress\/ -->\n<title>Environnement et transparence : deux interpellations pour clore la l\u00e9gislature - Les Vert.e.s, section Jura et Nord-Vaudois<\/title>\n<meta name=\"description\" content=\"Les Vert\u00b7e\u00b7s ont d\u00e9pos\u00e9 deux interpellations lors de la s\u00e9ance du Conseil communal de jeudi dernier. Ces deux textes portent sur des dossiers suivis de pr\u00e8s par notre groupe tout au long de la l\u00e9gislature : la protection du biotope de la Magnenette et le bilan de la d\u00e9marche Orbanistique!.\" \/>\n<meta name=\"robots\" content=\"index, follow, max-snippet:-1, max-image-preview:large, max-video-preview:-1\" \/>\n<link rel=\"canonical\" href=\"https:\/\/vert-e-s-vd.ch\/jura-nordvaudois\/orbe\/environnement-et-transparence-deux-interpellations-pour-clore-la-legislature\" \/>\n<meta property=\"og:locale\" content=\"fr_FR\" \/>\n<meta property=\"og:type\" content=\"article\" \/>\n<meta property=\"og:title\" content=\"Environnement et transparence : deux interpellations pour clore la l\u00e9gislature - Les Vert.e.s, section Jura et Nord-Vaudois\" \/>\n<meta property=\"og:description\" content=\"Les Vert\u00b7e\u00b7s ont d\u00e9pos\u00e9 deux interpellations lors de la s\u00e9ance du Conseil communal de jeudi dernier. Ces deux textes portent sur des \u2026\" \/>\n<meta property=\"og:url\" content=\"https:\/\/vert-e-s-vd.ch\/jura-nordvaudois\/orbe\/environnement-et-transparence-deux-interpellations-pour-clore-la-legislature\" \/>\n<meta property=\"og:site_name\" content=\"Les Vert.e.s, section Jura et Nord-Vaudois\" \/>\n<meta property=\"article:publisher\" content=\"https:\/\/www.facebook.com\/verts.yverdon\" \/>\n<meta property=\"article:published_time\" content=\"2026-02-14T14:56:31+00:00\" \/>\n<meta name=\"author\" content=\"nordvaudois\" \/>\n<meta name=\"twitter:card\" content=\"summary_large_image\" \/>\n<meta name=\"twitter:creator\" content=\"@vertsyverdon\" \/>\n<meta name=\"twitter:site\" content=\"@vertsyverdon\" \/>\n<meta name=\"twitter:label1\" content=\"\u00c9crit par\" \/>\n\t<meta name=\"twitter:data1\" content=\"nordvaudois\" \/>\n\t<meta name=\"twitter:label2\" content=\"Dur\u00e9e de lecture estim\u00e9e\" \/>\n\t<meta name=\"twitter:data2\" content=\"4 minutes\" \/>\n<script type=\"application\/ld+json\" class=\"yoast-schema-graph\">{\"@context\":\"https:\/\/schema.org\",\"@graph\":[{\"@type\":\"Article\",\"@id\":\"https:\/\/vert-e-s-vd.ch\/jura-nordvaudois\/orbe\/environnement-et-transparence-deux-interpellations-pour-clore-la-legislature#article\",\"isPartOf\":{\"@id\":\"https:\/\/vert-e-s-vd.ch\/jura-nordvaudois\/orbe\/environnement-et-transparence-deux-interpellations-pour-clore-la-legislature\"},\"author\":{\"name\":\"nordvaudois\",\"@id\":\"https:\/\/vert-e-s-vd.ch\/jura-nordvaudois\/#\/schema\/person\/b83fd83da6cf715aea3505942a15cb01\"},\"headline\":\"Environnement et transparence : deux interpellations pour clore la l\u00e9gislature\",\"datePublished\":\"2026-02-14T14:56:31+00:00\",\"mainEntityOfPage\":{\"@id\":\"https:\/\/vert-e-s-vd.ch\/jura-nordvaudois\/orbe\/environnement-et-transparence-deux-interpellations-pour-clore-la-legislature\"},\"wordCount\":10,\"articleSection\":[\"Conseil communal\",\"Orbe\"],\"inLanguage\":\"fr-FR\"},{\"@type\":\"WebPage\",\"@id\":\"https:\/\/vert-e-s-vd.ch\/jura-nordvaudois\/orbe\/environnement-et-transparence-deux-interpellations-pour-clore-la-legislature\",\"url\":\"https:\/\/vert-e-s-vd.ch\/jura-nordvaudois\/orbe\/environnement-et-transparence-deux-interpellations-pour-clore-la-legislature\",\"name\":\"Environnement et transparence : deux interpellations pour clore la l\u00e9gislature - Les Vert.e.s, section Jura et Nord-Vaudois\",\"isPartOf\":{\"@id\":\"https:\/\/vert-e-s-vd.ch\/jura-nordvaudois\/#website\"},\"datePublished\":\"2026-02-14T14:56:31+00:00\",\"author\":{\"@id\":\"https:\/\/vert-e-s-vd.ch\/jura-nordvaudois\/#\/schema\/person\/b83fd83da6cf715aea3505942a15cb01\"},\"description\":\"Les Vert\u00b7e\u00b7s ont d\u00e9pos\u00e9 deux interpellations lors de la s\u00e9ance du Conseil communal de jeudi dernier. Ces deux textes portent sur des dossiers suivis de pr\u00e8s par notre groupe tout au long de la l\u00e9gislature : la protection du biotope de la Magnenette et le bilan de la d\u00e9marche Orbanistique!.\",\"breadcrumb\":{\"@id\":\"https:\/\/vert-e-s-vd.ch\/jura-nordvaudois\/orbe\/environnement-et-transparence-deux-interpellations-pour-clore-la-legislature#breadcrumb\"},\"inLanguage\":\"fr-FR\",\"potentialAction\":[{\"@type\":\"ReadAction\",\"target\":[\"https:\/\/vert-e-s-vd.ch\/jura-nordvaudois\/orbe\/environnement-et-transparence-deux-interpellations-pour-clore-la-legislature\"]}]},{\"@type\":\"BreadcrumbList\",\"@id\":\"https:\/\/vert-e-s-vd.ch\/jura-nordvaudois\/orbe\/environnement-et-transparence-deux-interpellations-pour-clore-la-legislature#breadcrumb\",\"itemListElement\":[{\"@type\":\"ListItem\",\"position\":1,\"name\":\"Accueil\",\"item\":\"https:\/\/vert-e-s-vd.ch\/jura-nordvaudois\/\"},{\"@type\":\"ListItem\",\"position\":2,\"name\":\"Orbe\",\"item\":\"https:\/\/vert-e-s-vd.ch\/jura-nordvaudois\/category\/orbe\"},{\"@type\":\"ListItem\",\"position\":3,\"name\":\"Environnement et transparence : deux interpellations pour clore la l\u00e9gislature\"}]},{\"@type\":\"WebSite\",\"@id\":\"https:\/\/vert-e-s-vd.ch\/jura-nordvaudois\/#website\",\"url\":\"https:\/\/vert-e-s-vd.ch\/jura-nordvaudois\/\",\"name\":\"Les Vert.e.s, section Jura et Nord-Vaudois\",\"description\":\"Une longueur d\u2019avance\",\"potentialAction\":[{\"@type\":\"SearchAction\",\"target\":{\"@type\":\"EntryPoint\",\"urlTemplate\":\"https:\/\/vert-e-s-vd.ch\/jura-nordvaudois\/?s={search_term_string}\"},\"query-input\":{\"@type\":\"PropertyValueSpecification\",\"valueRequired\":true,\"valueName\":\"search_term_string\"}}],\"inLanguage\":\"fr-FR\"},{\"@type\":\"Person\",\"@id\":\"https:\/\/vert-e-s-vd.ch\/jura-nordvaudois\/#\/schema\/person\/b83fd83da6cf715aea3505942a15cb01\",\"name\":\"nordvaudois\",\"image\":{\"@type\":\"ImageObject\",\"inLanguage\":\"fr-FR\",\"@id\":\"https:\/\/vert-e-s-vd.ch\/jura-nordvaudois\/#\/schema\/person\/image\/\",\"url\":\"https:\/\/secure.gravatar.com\/avatar\/11e1c1c42c08ca5573882c281fc9deda692419d49def913b04a486bbfdea64ee?s=96&d=mm&r=g\",\"contentUrl\":\"https:\/\/secure.gravatar.com\/avatar\/11e1c1c42c08ca5573882c281fc9deda692419d49def913b04a486bbfdea64ee?s=96&d=mm&r=g\",\"caption\":\"nordvaudois\"}}]}<\/script>\n<!-- \/ Yoast SEO plugin. -->","yoast_head_json":{"title":"Environnement et transparence : deux interpellations pour clore la l\u00e9gislature - Les Vert.e.s, section Jura et Nord-Vaudois","description":"Les Vert\u00b7e\u00b7s ont d\u00e9pos\u00e9 deux interpellations lors de la s\u00e9ance du Conseil communal de jeudi dernier. Ces deux textes portent sur des dossiers suivis de pr\u00e8s par notre groupe tout au long de la l\u00e9gislature : la protection du biotope de la Magnenette et le bilan de la d\u00e9marche Orbanistique!.","robots":{"index":"index","follow":"follow","max-snippet":"max-snippet:-1","max-image-preview":"max-image-preview:large","max-video-preview":"max-video-preview:-1"},"canonical":"https:\/\/vert-e-s-vd.ch\/jura-nordvaudois\/orbe\/environnement-et-transparence-deux-interpellations-pour-clore-la-legislature","og_locale":"fr_FR","og_type":"article","og_title":"Environnement et transparence : deux interpellations pour clore la l\u00e9gislature - Les Vert.e.s, section Jura et Nord-Vaudois","og_description":"Les Vert\u00b7e\u00b7s ont d\u00e9pos\u00e9 deux interpellations lors de la s\u00e9ance du Conseil communal de jeudi dernier. Ces deux textes portent sur des \u2026","og_url":"https:\/\/vert-e-s-vd.ch\/jura-nordvaudois\/orbe\/environnement-et-transparence-deux-interpellations-pour-clore-la-legislature","og_site_name":"Les Vert.e.s, section Jura et Nord-Vaudois","article_publisher":"https:\/\/www.facebook.com\/verts.yverdon","article_published_time":"2026-02-14T14:56:31+00:00","author":"nordvaudois","twitter_card":"summary_large_image","twitter_creator":"@vertsyverdon","twitter_site":"@vertsyverdon","twitter_misc":{"\u00c9crit par":"nordvaudois","Dur\u00e9e de lecture estim\u00e9e":"4 minutes"},"schema":{"@context":"https:\/\/schema.org","@graph":[{"@type":"Article","@id":"https:\/\/vert-e-s-vd.ch\/jura-nordvaudois\/orbe\/environnement-et-transparence-deux-interpellations-pour-clore-la-legislature#article","isPartOf":{"@id":"https:\/\/vert-e-s-vd.ch\/jura-nordvaudois\/orbe\/environnement-et-transparence-deux-interpellations-pour-clore-la-legislature"},"author":{"name":"nordvaudois","@id":"https:\/\/vert-e-s-vd.ch\/jura-nordvaudois\/#\/schema\/person\/b83fd83da6cf715aea3505942a15cb01"},"headline":"Environnement et transparence : deux interpellations pour clore la l\u00e9gislature","datePublished":"2026-02-14T14:56:31+00:00","mainEntityOfPage":{"@id":"https:\/\/vert-e-s-vd.ch\/jura-nordvaudois\/orbe\/environnement-et-transparence-deux-interpellations-pour-clore-la-legislature"},"wordCount":10,"articleSection":["Conseil communal","Orbe"],"inLanguage":"fr-FR"},{"@type":"WebPage","@id":"https:\/\/vert-e-s-vd.ch\/jura-nordvaudois\/orbe\/environnement-et-transparence-deux-interpellations-pour-clore-la-legislature","url":"https:\/\/vert-e-s-vd.ch\/jura-nordvaudois\/orbe\/environnement-et-transparence-deux-interpellations-pour-clore-la-legislature","name":"Environnement et transparence : deux interpellations pour clore la l\u00e9gislature - Les Vert.e.s, section Jura et Nord-Vaudois","isPartOf":{"@id":"https:\/\/vert-e-s-vd.ch\/jura-nordvaudois\/#website"},"datePublished":"2026-02-14T14:56:31+00:00","author":{"@id":"https:\/\/vert-e-s-vd.ch\/jura-nordvaudois\/#\/schema\/person\/b83fd83da6cf715aea3505942a15cb01"},"description":"Les Vert\u00b7e\u00b7s ont d\u00e9pos\u00e9 deux interpellations lors de la s\u00e9ance du Conseil communal de jeudi dernier. Ces deux textes portent sur des dossiers suivis de pr\u00e8s par notre groupe tout au long de la l\u00e9gislature : la protection du biotope de la Magnenette et le bilan de la d\u00e9marche Orbanistique!.","breadcrumb":{"@id":"https:\/\/vert-e-s-vd.ch\/jura-nordvaudois\/orbe\/environnement-et-transparence-deux-interpellations-pour-clore-la-legislature#breadcrumb"},"inLanguage":"fr-FR","potentialAction":[{"@type":"ReadAction","target":["https:\/\/vert-e-s-vd.ch\/jura-nordvaudois\/orbe\/environnement-et-transparence-deux-interpellations-pour-clore-la-legislature"]}]},{"@type":"BreadcrumbList","@id":"https:\/\/vert-e-s-vd.ch\/jura-nordvaudois\/orbe\/environnement-et-transparence-deux-interpellations-pour-clore-la-legislature#breadcrumb","itemListElement":[{"@type":"ListItem","position":1,"name":"Accueil","item":"https:\/\/vert-e-s-vd.ch\/jura-nordvaudois\/"},{"@type":"ListItem","position":2,"name":"Orbe","item":"https:\/\/vert-e-s-vd.ch\/jura-nordvaudois\/category\/orbe"},{"@type":"ListItem","position":3,"name":"Environnement et transparence : deux interpellations pour clore la l\u00e9gislature"}]},{"@type":"WebSite","@id":"https:\/\/vert-e-s-vd.ch\/jura-nordvaudois\/#website","url":"https:\/\/vert-e-s-vd.ch\/jura-nordvaudois\/","name":"Les Vert.e.s, section Jura et Nord-Vaudois","description":"Une longueur d\u2019avance","potentialAction":[{"@type":"SearchAction","target":{"@type":"EntryPoint","urlTemplate":"https:\/\/vert-e-s-vd.ch\/jura-nordvaudois\/?s={search_term_string}"},"query-input":{"@type":"PropertyValueSpecification","valueRequired":true,"valueName":"search_term_string"}}],"inLanguage":"fr-FR"},{"@type":"Person","@id":"https:\/\/vert-e-s-vd.ch\/jura-nordvaudois\/#\/schema\/person\/b83fd83da6cf715aea3505942a15cb01","name":"nordvaudois","image":{"@type":"ImageObject","inLanguage":"fr-FR","@id":"https:\/\/vert-e-s-vd.ch\/jura-nordvaudois\/#\/schema\/person\/image\/","url":"https:\/\/secure.gravatar.com\/avatar\/11e1c1c42c08ca5573882c281fc9deda692419d49def913b04a486bbfdea64ee?s=96&d=mm&r=g","contentUrl":"https:\/\/secure.gravatar.com\/avatar\/11e1c1c42c08ca5573882c281fc9deda692419d49def913b04a486bbfdea64ee?s=96&d=mm&r=g","caption":"nordvaudois"}}]}},"_links":{"self":[{"href":"https:\/\/vert-e-s-vd.ch\/jura-nordvaudois\/wp-json\/wp\/v2\/posts\/73270","targetHints":{"allow":["GET"]}}],"collection":[{"href":"https:\/\/vert-e-s-vd.ch\/jura-nordvaudois\/wp-json\/wp\/v2\/posts"}],"about":[{"href":"https:\/\/vert-e-s-vd.ch\/jura-nordvaudois\/wp-json\/wp\/v2\/types\/post"}],"author":[{"embeddable":true,"href":"https:\/\/vert-e-s-vd.ch\/jura-nordvaudois\/wp-json\/wp\/v2\/users\/11"}],"replies":[{"embeddable":true,"href":"https:\/\/vert-e-s-vd.ch\/jura-nordvaudois\/wp-json\/wp\/v2\/comments?post=73270"}],"version-history":[{"count":2,"href":"https:\/\/vert-e-s-vd.ch\/jura-nordvaudois\/wp-json\/wp\/v2\/posts\/73270\/revisions"}],"predecessor-version":[{"id":73272,"href":"https:\/\/vert-e-s-vd.ch\/jura-nordvaudois\/wp-json\/wp\/v2\/posts\/73270\/revisions\/73272"}],"wp:attachment":[{"href":"https:\/\/vert-e-s-vd.ch\/jura-nordvaudois\/wp-json\/wp\/v2\/media?parent=73270"}],"wp:term":[{"taxonomy":"category","embeddable":true,"href":"https:\/\/vert-e-s-vd.ch\/jura-nordvaudois\/wp-json\/wp\/v2\/categories?post=73270"},{"taxonomy":"post_tag","embeddable":true,"href":"https:\/\/vert-e-s-vd.ch\/jura-nordvaudois\/wp-json\/wp\/v2\/tags?post=73270"}],"curies":[{"name":"wp","href":"https:\/\/api.w.org\/{rel}","templated":true}]}}