{"id":72781,"date":"2025-07-15T15:52:53","date_gmt":"2025-07-15T13:52:53","guid":{"rendered":"https:\/\/vert-e-s-vd.ch\/jura-nordvaudois\/?p=72781"},"modified":"2026-01-12T16:10:44","modified_gmt":"2026-01-12T15:10:44","slug":"coupes-dans-les-subventions-des-hopitaux-regionaux-des-economies-inacceptables-sur-le-dos-de-la-sante","status":"publish","type":"post","link":"https:\/\/vert-e-s-vd.ch\/jura-nordvaudois\/communique-de-presse\/coupes-dans-les-subventions-des-hopitaux-regionaux-des-economies-inacceptables-sur-le-dos-de-la-sante","title":{"rendered":"Coupes dans les subventions des h\u00f4pitaux r\u00e9gionaux &#8211; des \u00e9conomies inacceptables sur le dos de la sant\u00e9"},"content":{"rendered":"","protected":false},"excerpt":{"rendered":"","protected":false},"author":11,"featured_media":0,"comment_status":"closed","ping_status":"closed","sticky":false,"template":"","format":"standard","meta":{"_acf_changed":false,"inline_featured_image":false,"footnotes":""},"categories":[428],"tags":[],"class_list":["post-72781","post","type-post","status-publish","format-standard","hentry","category-communique-de-presse"],"acf":[],"yoast_head":"<!-- This site is optimized with the Yoast SEO plugin v26.9 - https:\/\/yoast.com\/product\/yoast-seo-wordpress\/ -->\n<title>Coupes dans les subventions des h\u00f4pitaux r\u00e9gionaux - des \u00e9conomies inacceptables sur le dos de la sant\u00e9 - Les Vert.e.s, section Jura et Nord-Vaudois<\/title>\n<meta name=\"description\" content=\"Les Vert\u00b7e\u00b7s Jura Nord vaudois s\u2019alarment des coupes dans la sant\u00e9 annonc\u00e9es par le Conseil d\u2019Etat, dont 4.6 millions pour les EHNV. Ces mesures auront un impact sur la qualit\u00e9 des soins, les temps d\u2019attente et les conditions de travail du personnel.\" \/>\n<meta name=\"robots\" content=\"index, follow, max-snippet:-1, max-image-preview:large, max-video-preview:-1\" \/>\n<link rel=\"canonical\" href=\"https:\/\/vert-e-s-vd.ch\/jura-nordvaudois\/communique-de-presse\/coupes-dans-les-subventions-des-hopitaux-regionaux-des-economies-inacceptables-sur-le-dos-de-la-sante\" \/>\n<meta property=\"og:locale\" content=\"fr_FR\" \/>\n<meta property=\"og:type\" content=\"article\" \/>\n<meta property=\"og:title\" content=\"Coupes dans les subventions des h\u00f4pitaux r\u00e9gionaux - des \u00e9conomies inacceptables sur le dos de la sant\u00e9 - Les Vert.e.s, section Jura et Nord-Vaudois\" \/>\n<meta property=\"og:description\" content=\"Les Vert\u00b7e\u00b7s Jura Nord vaudois s\u2019alarment des coupes dans la sant\u00e9 annonc\u00e9es par le Conseil d\u2019Etat, dont 4.6 millions pour les \u2026\" \/>\n<meta property=\"og:url\" content=\"https:\/\/vert-e-s-vd.ch\/jura-nordvaudois\/communique-de-presse\/coupes-dans-les-subventions-des-hopitaux-regionaux-des-economies-inacceptables-sur-le-dos-de-la-sante\" \/>\n<meta property=\"og:site_name\" content=\"Les Vert.e.s, section Jura et Nord-Vaudois\" \/>\n<meta property=\"article:publisher\" content=\"https:\/\/www.facebook.com\/verts.yverdon\" \/>\n<meta property=\"article:published_time\" content=\"2025-07-15T13:52:53+00:00\" \/>\n<meta property=\"article:modified_time\" content=\"2026-01-12T15:10:44+00:00\" \/>\n<meta name=\"author\" content=\"nordvaudois\" \/>\n<meta name=\"twitter:card\" content=\"summary_large_image\" \/>\n<meta name=\"twitter:creator\" content=\"@vertsyverdon\" \/>\n<meta name=\"twitter:site\" content=\"@vertsyverdon\" \/>\n<meta name=\"twitter:label1\" content=\"\u00c9crit par\" \/>\n\t<meta name=\"twitter:data1\" content=\"nordvaudois\" \/>\n\t<meta name=\"twitter:label2\" content=\"Dur\u00e9e de lecture estim\u00e9e\" \/>\n\t<meta name=\"twitter:data2\" content=\"3 minutes\" \/>\n<script type=\"application\/ld+json\" class=\"yoast-schema-graph\">{\"@context\":\"https:\/\/schema.org\",\"@graph\":[{\"@type\":\"Article\",\"@id\":\"https:\/\/vert-e-s-vd.ch\/jura-nordvaudois\/communique-de-presse\/coupes-dans-les-subventions-des-hopitaux-regionaux-des-economies-inacceptables-sur-le-dos-de-la-sante#article\",\"isPartOf\":{\"@id\":\"https:\/\/vert-e-s-vd.ch\/jura-nordvaudois\/communique-de-presse\/coupes-dans-les-subventions-des-hopitaux-regionaux-des-economies-inacceptables-sur-le-dos-de-la-sante\"},\"author\":{\"name\":\"nordvaudois\",\"@id\":\"https:\/\/vert-e-s-vd.ch\/jura-nordvaudois\/#\/schema\/person\/b83fd83da6cf715aea3505942a15cb01\"},\"headline\":\"Coupes dans les subventions des h\u00f4pitaux r\u00e9gionaux &#8211; des \u00e9conomies inacceptables sur le dos de la sant\u00e9\",\"datePublished\":\"2025-07-15T13:52:53+00:00\",\"dateModified\":\"2026-01-12T15:10:44+00:00\",\"mainEntityOfPage\":{\"@id\":\"https:\/\/vert-e-s-vd.ch\/jura-nordvaudois\/communique-de-presse\/coupes-dans-les-subventions-des-hopitaux-regionaux-des-economies-inacceptables-sur-le-dos-de-la-sante\"},\"wordCount\":19,\"articleSection\":[\"Communiqu\u00e9 de presse\"],\"inLanguage\":\"fr-FR\"},{\"@type\":\"WebPage\",\"@id\":\"https:\/\/vert-e-s-vd.ch\/jura-nordvaudois\/communique-de-presse\/coupes-dans-les-subventions-des-hopitaux-regionaux-des-economies-inacceptables-sur-le-dos-de-la-sante\",\"url\":\"https:\/\/vert-e-s-vd.ch\/jura-nordvaudois\/communique-de-presse\/coupes-dans-les-subventions-des-hopitaux-regionaux-des-economies-inacceptables-sur-le-dos-de-la-sante\",\"name\":\"Coupes dans les subventions des h\u00f4pitaux r\u00e9gionaux - des \u00e9conomies inacceptables sur le dos de la sant\u00e9 - Les Vert.e.s, section Jura et Nord-Vaudois\",\"isPartOf\":{\"@id\":\"https:\/\/vert-e-s-vd.ch\/jura-nordvaudois\/#website\"},\"datePublished\":\"2025-07-15T13:52:53+00:00\",\"dateModified\":\"2026-01-12T15:10:44+00:00\",\"author\":{\"@id\":\"https:\/\/vert-e-s-vd.ch\/jura-nordvaudois\/#\/schema\/person\/b83fd83da6cf715aea3505942a15cb01\"},\"description\":\"Les Vert\u00b7e\u00b7s Jura Nord vaudois s\u2019alarment des coupes dans la sant\u00e9 annonc\u00e9es par le Conseil d\u2019Etat, dont 4.6 millions pour les EHNV. Ces mesures auront un impact sur la qualit\u00e9 des soins, les temps d\u2019attente et les conditions de travail du personnel.\",\"breadcrumb\":{\"@id\":\"https:\/\/vert-e-s-vd.ch\/jura-nordvaudois\/communique-de-presse\/coupes-dans-les-subventions-des-hopitaux-regionaux-des-economies-inacceptables-sur-le-dos-de-la-sante#breadcrumb\"},\"inLanguage\":\"fr-FR\",\"potentialAction\":[{\"@type\":\"ReadAction\",\"target\":[\"https:\/\/vert-e-s-vd.ch\/jura-nordvaudois\/communique-de-presse\/coupes-dans-les-subventions-des-hopitaux-regionaux-des-economies-inacceptables-sur-le-dos-de-la-sante\"]}]},{\"@type\":\"BreadcrumbList\",\"@id\":\"https:\/\/vert-e-s-vd.ch\/jura-nordvaudois\/communique-de-presse\/coupes-dans-les-subventions-des-hopitaux-regionaux-des-economies-inacceptables-sur-le-dos-de-la-sante#breadcrumb\",\"itemListElement\":[{\"@type\":\"ListItem\",\"position\":1,\"name\":\"Accueil\",\"item\":\"https:\/\/vert-e-s-vd.ch\/jura-nordvaudois\/\"},{\"@type\":\"ListItem\",\"position\":2,\"name\":\"Communiqu\u00e9 de presse\",\"item\":\"https:\/\/vert-e-s-vd.ch\/jura-nordvaudois\/category\/communique-de-presse\"},{\"@type\":\"ListItem\",\"position\":3,\"name\":\"Coupes dans les subventions des h\u00f4pitaux r\u00e9gionaux &#8211; des \u00e9conomies inacceptables sur le dos de la sant\u00e9\"}]},{\"@type\":\"WebSite\",\"@id\":\"https:\/\/vert-e-s-vd.ch\/jura-nordvaudois\/#website\",\"url\":\"https:\/\/vert-e-s-vd.ch\/jura-nordvaudois\/\",\"name\":\"Les Vert.e.s, section Jura et Nord-Vaudois\",\"description\":\"Une longueur d\u2019avance\",\"potentialAction\":[{\"@type\":\"SearchAction\",\"target\":{\"@type\":\"EntryPoint\",\"urlTemplate\":\"https:\/\/vert-e-s-vd.ch\/jura-nordvaudois\/?s={search_term_string}\"},\"query-input\":{\"@type\":\"PropertyValueSpecification\",\"valueRequired\":true,\"valueName\":\"search_term_string\"}}],\"inLanguage\":\"fr-FR\"},{\"@type\":\"Person\",\"@id\":\"https:\/\/vert-e-s-vd.ch\/jura-nordvaudois\/#\/schema\/person\/b83fd83da6cf715aea3505942a15cb01\",\"name\":\"nordvaudois\",\"image\":{\"@type\":\"ImageObject\",\"inLanguage\":\"fr-FR\",\"@id\":\"https:\/\/vert-e-s-vd.ch\/jura-nordvaudois\/#\/schema\/person\/image\/\",\"url\":\"https:\/\/secure.gravatar.com\/avatar\/11e1c1c42c08ca5573882c281fc9deda692419d49def913b04a486bbfdea64ee?s=96&d=mm&r=g\",\"contentUrl\":\"https:\/\/secure.gravatar.com\/avatar\/11e1c1c42c08ca5573882c281fc9deda692419d49def913b04a486bbfdea64ee?s=96&d=mm&r=g\",\"caption\":\"nordvaudois\"}}]}<\/script>\n<!-- \/ Yoast SEO plugin. -->","yoast_head_json":{"title":"Coupes dans les subventions des h\u00f4pitaux r\u00e9gionaux - des \u00e9conomies inacceptables sur le dos de la sant\u00e9 - Les Vert.e.s, section Jura et Nord-Vaudois","description":"Les Vert\u00b7e\u00b7s Jura Nord vaudois s\u2019alarment des coupes dans la sant\u00e9 annonc\u00e9es par le Conseil d\u2019Etat, dont 4.6 millions pour les EHNV. Ces mesures auront un impact sur la qualit\u00e9 des soins, les temps d\u2019attente et les conditions de travail du personnel.","robots":{"index":"index","follow":"follow","max-snippet":"max-snippet:-1","max-image-preview":"max-image-preview:large","max-video-preview":"max-video-preview:-1"},"canonical":"https:\/\/vert-e-s-vd.ch\/jura-nordvaudois\/communique-de-presse\/coupes-dans-les-subventions-des-hopitaux-regionaux-des-economies-inacceptables-sur-le-dos-de-la-sante","og_locale":"fr_FR","og_type":"article","og_title":"Coupes dans les subventions des h\u00f4pitaux r\u00e9gionaux - des \u00e9conomies inacceptables sur le dos de la sant\u00e9 - Les Vert.e.s, section Jura et Nord-Vaudois","og_description":"Les Vert\u00b7e\u00b7s Jura Nord vaudois s\u2019alarment des coupes dans la sant\u00e9 annonc\u00e9es par le Conseil d\u2019Etat, dont 4.6 millions pour les \u2026","og_url":"https:\/\/vert-e-s-vd.ch\/jura-nordvaudois\/communique-de-presse\/coupes-dans-les-subventions-des-hopitaux-regionaux-des-economies-inacceptables-sur-le-dos-de-la-sante","og_site_name":"Les Vert.e.s, section Jura et Nord-Vaudois","article_publisher":"https:\/\/www.facebook.com\/verts.yverdon","article_published_time":"2025-07-15T13:52:53+00:00","article_modified_time":"2026-01-12T15:10:44+00:00","author":"nordvaudois","twitter_card":"summary_large_image","twitter_creator":"@vertsyverdon","twitter_site":"@vertsyverdon","twitter_misc":{"\u00c9crit par":"nordvaudois","Dur\u00e9e de lecture estim\u00e9e":"3 minutes"},"schema":{"@context":"https:\/\/schema.org","@graph":[{"@type":"Article","@id":"https:\/\/vert-e-s-vd.ch\/jura-nordvaudois\/communique-de-presse\/coupes-dans-les-subventions-des-hopitaux-regionaux-des-economies-inacceptables-sur-le-dos-de-la-sante#article","isPartOf":{"@id":"https:\/\/vert-e-s-vd.ch\/jura-nordvaudois\/communique-de-presse\/coupes-dans-les-subventions-des-hopitaux-regionaux-des-economies-inacceptables-sur-le-dos-de-la-sante"},"author":{"name":"nordvaudois","@id":"https:\/\/vert-e-s-vd.ch\/jura-nordvaudois\/#\/schema\/person\/b83fd83da6cf715aea3505942a15cb01"},"headline":"Coupes dans les subventions des h\u00f4pitaux r\u00e9gionaux &#8211; des \u00e9conomies inacceptables sur le dos de la sant\u00e9","datePublished":"2025-07-15T13:52:53+00:00","dateModified":"2026-01-12T15:10:44+00:00","mainEntityOfPage":{"@id":"https:\/\/vert-e-s-vd.ch\/jura-nordvaudois\/communique-de-presse\/coupes-dans-les-subventions-des-hopitaux-regionaux-des-economies-inacceptables-sur-le-dos-de-la-sante"},"wordCount":19,"articleSection":["Communiqu\u00e9 de presse"],"inLanguage":"fr-FR"},{"@type":"WebPage","@id":"https:\/\/vert-e-s-vd.ch\/jura-nordvaudois\/communique-de-presse\/coupes-dans-les-subventions-des-hopitaux-regionaux-des-economies-inacceptables-sur-le-dos-de-la-sante","url":"https:\/\/vert-e-s-vd.ch\/jura-nordvaudois\/communique-de-presse\/coupes-dans-les-subventions-des-hopitaux-regionaux-des-economies-inacceptables-sur-le-dos-de-la-sante","name":"Coupes dans les subventions des h\u00f4pitaux r\u00e9gionaux - des \u00e9conomies inacceptables sur le dos de la sant\u00e9 - Les Vert.e.s, section Jura et Nord-Vaudois","isPartOf":{"@id":"https:\/\/vert-e-s-vd.ch\/jura-nordvaudois\/#website"},"datePublished":"2025-07-15T13:52:53+00:00","dateModified":"2026-01-12T15:10:44+00:00","author":{"@id":"https:\/\/vert-e-s-vd.ch\/jura-nordvaudois\/#\/schema\/person\/b83fd83da6cf715aea3505942a15cb01"},"description":"Les Vert\u00b7e\u00b7s Jura Nord vaudois s\u2019alarment des coupes dans la sant\u00e9 annonc\u00e9es par le Conseil d\u2019Etat, dont 4.6 millions pour les EHNV. Ces mesures auront un impact sur la qualit\u00e9 des soins, les temps d\u2019attente et les conditions de travail du personnel.","breadcrumb":{"@id":"https:\/\/vert-e-s-vd.ch\/jura-nordvaudois\/communique-de-presse\/coupes-dans-les-subventions-des-hopitaux-regionaux-des-economies-inacceptables-sur-le-dos-de-la-sante#breadcrumb"},"inLanguage":"fr-FR","potentialAction":[{"@type":"ReadAction","target":["https:\/\/vert-e-s-vd.ch\/jura-nordvaudois\/communique-de-presse\/coupes-dans-les-subventions-des-hopitaux-regionaux-des-economies-inacceptables-sur-le-dos-de-la-sante"]}]},{"@type":"BreadcrumbList","@id":"https:\/\/vert-e-s-vd.ch\/jura-nordvaudois\/communique-de-presse\/coupes-dans-les-subventions-des-hopitaux-regionaux-des-economies-inacceptables-sur-le-dos-de-la-sante#breadcrumb","itemListElement":[{"@type":"ListItem","position":1,"name":"Accueil","item":"https:\/\/vert-e-s-vd.ch\/jura-nordvaudois\/"},{"@type":"ListItem","position":2,"name":"Communiqu\u00e9 de presse","item":"https:\/\/vert-e-s-vd.ch\/jura-nordvaudois\/category\/communique-de-presse"},{"@type":"ListItem","position":3,"name":"Coupes dans les subventions des h\u00f4pitaux r\u00e9gionaux &#8211; des \u00e9conomies inacceptables sur le dos de la sant\u00e9"}]},{"@type":"WebSite","@id":"https:\/\/vert-e-s-vd.ch\/jura-nordvaudois\/#website","url":"https:\/\/vert-e-s-vd.ch\/jura-nordvaudois\/","name":"Les Vert.e.s, section Jura et Nord-Vaudois","description":"Une longueur d\u2019avance","potentialAction":[{"@type":"SearchAction","target":{"@type":"EntryPoint","urlTemplate":"https:\/\/vert-e-s-vd.ch\/jura-nordvaudois\/?s={search_term_string}"},"query-input":{"@type":"PropertyValueSpecification","valueRequired":true,"valueName":"search_term_string"}}],"inLanguage":"fr-FR"},{"@type":"Person","@id":"https:\/\/vert-e-s-vd.ch\/jura-nordvaudois\/#\/schema\/person\/b83fd83da6cf715aea3505942a15cb01","name":"nordvaudois","image":{"@type":"ImageObject","inLanguage":"fr-FR","@id":"https:\/\/vert-e-s-vd.ch\/jura-nordvaudois\/#\/schema\/person\/image\/","url":"https:\/\/secure.gravatar.com\/avatar\/11e1c1c42c08ca5573882c281fc9deda692419d49def913b04a486bbfdea64ee?s=96&d=mm&r=g","contentUrl":"https:\/\/secure.gravatar.com\/avatar\/11e1c1c42c08ca5573882c281fc9deda692419d49def913b04a486bbfdea64ee?s=96&d=mm&r=g","caption":"nordvaudois"}}]}},"_links":{"self":[{"href":"https:\/\/vert-e-s-vd.ch\/jura-nordvaudois\/wp-json\/wp\/v2\/posts\/72781","targetHints":{"allow":["GET"]}}],"collection":[{"href":"https:\/\/vert-e-s-vd.ch\/jura-nordvaudois\/wp-json\/wp\/v2\/posts"}],"about":[{"href":"https:\/\/vert-e-s-vd.ch\/jura-nordvaudois\/wp-json\/wp\/v2\/types\/post"}],"author":[{"embeddable":true,"href":"https:\/\/vert-e-s-vd.ch\/jura-nordvaudois\/wp-json\/wp\/v2\/users\/11"}],"replies":[{"embeddable":true,"href":"https:\/\/vert-e-s-vd.ch\/jura-nordvaudois\/wp-json\/wp\/v2\/comments?post=72781"}],"version-history":[{"count":4,"href":"https:\/\/vert-e-s-vd.ch\/jura-nordvaudois\/wp-json\/wp\/v2\/posts\/72781\/revisions"}],"predecessor-version":[{"id":72785,"href":"https:\/\/vert-e-s-vd.ch\/jura-nordvaudois\/wp-json\/wp\/v2\/posts\/72781\/revisions\/72785"}],"wp:attachment":[{"href":"https:\/\/vert-e-s-vd.ch\/jura-nordvaudois\/wp-json\/wp\/v2\/media?parent=72781"}],"wp:term":[{"taxonomy":"category","embeddable":true,"href":"https:\/\/vert-e-s-vd.ch\/jura-nordvaudois\/wp-json\/wp\/v2\/categories?post=72781"},{"taxonomy":"post_tag","embeddable":true,"href":"https:\/\/vert-e-s-vd.ch\/jura-nordvaudois\/wp-json\/wp\/v2\/tags?post=72781"}],"curies":[{"name":"wp","href":"https:\/\/api.w.org\/{rel}","templated":true}]}}