{"id":72322,"date":"2021-06-30T14:07:34","date_gmt":"2021-06-30T12:07:34","guid":{"rendered":"https:\/\/vert-e-s-vd.ch\/jura-nordvaudois\/?p=72322"},"modified":"2021-06-30T14:22:17","modified_gmt":"2021-06-30T12:22:17","slug":"un-nouveau-comite-uni-pour-la-prochaine-legislature","status":"publish","type":"post","link":"https:\/\/vert-e-s-vd.ch\/jura-nordvaudois\/communique-de-presse\/un-nouveau-comite-uni-pour-la-prochaine-legislature","title":{"rendered":"Un nouveau comit\u00e9 uni pour la prochaine l\u00e9gislature"},"content":{"rendered":"","protected":false},"excerpt":{"rendered":"","protected":false},"author":11,"featured_media":72323,"comment_status":"closed","ping_status":"closed","sticky":false,"template":"","format":"standard","meta":{"_acf_changed":false,"inline_featured_image":false,"footnotes":""},"categories":[428,425],"tags":[],"class_list":["post-72322","post","type-post","status-publish","format-standard","has-post-thumbnail","hentry","category-communique-de-presse","category-yverdon"],"acf":[],"yoast_head":"<!-- This site is optimized with the Yoast SEO plugin v26.9 - https:\/\/yoast.com\/product\/yoast-seo-wordpress\/ -->\n<title>Un nouveau comit\u00e9 uni pour la prochaine l\u00e9gislature - Les Vert.e.s, section Jura et Nord-Vaudois<\/title>\n<meta name=\"description\" content=\"Les Vert\u00b7e\u00b7s, Solidarit\u00e9 &amp; \u00c9cologie et les Jeunes Vert\u00b7e\u00b7s unissent leurs forces dans un seul et m\u00eame comit\u00e9 des Vert\u00b7e\u00b7s et Solidaires. Le succ\u00e8s des derni\u00e8res \u00e9lections a montr\u00e9 l\u2019importance de cette alliance entre diff\u00e9rents groupes aux valeurs proches tout en sachant garder les sp\u00e9cificit\u00e9s propres \u00e0 chaque formation. C\u2019est dans ce m\u00eame esprit que le groupe des Vert\u00b7e\u00b7s et Solidaires a \u00e9lu son comit\u00e9 \u00e0 l\u2019image de la diversit\u00e9 de ce nouveau groupe parlementaire.\" \/>\n<meta name=\"robots\" content=\"index, follow, max-snippet:-1, max-image-preview:large, max-video-preview:-1\" \/>\n<link rel=\"canonical\" href=\"https:\/\/vert-e-s-vd.ch\/jura-nordvaudois\/communique-de-presse\/un-nouveau-comite-uni-pour-la-prochaine-legislature\" \/>\n<meta property=\"og:locale\" content=\"fr_FR\" \/>\n<meta property=\"og:type\" content=\"article\" \/>\n<meta property=\"og:title\" content=\"Un nouveau comit\u00e9 uni pour la prochaine l\u00e9gislature - Les Vert.e.s, section Jura et Nord-Vaudois\" \/>\n<meta property=\"og:description\" content=\"Les Vert\u00b7e\u00b7s, Solidarit\u00e9 &amp; \u00c9cologie et les Jeunes Vert\u00b7e\u00b7s unissent leurs forces dans un seul et m\u00eame comit\u00e9 des Vert\u00b7e\u00b7s et \u2026\" \/>\n<meta property=\"og:url\" content=\"https:\/\/vert-e-s-vd.ch\/jura-nordvaudois\/communique-de-presse\/un-nouveau-comite-uni-pour-la-prochaine-legislature\" \/>\n<meta property=\"og:site_name\" content=\"Les Vert.e.s, section Jura et Nord-Vaudois\" \/>\n<meta property=\"article:publisher\" content=\"https:\/\/www.facebook.com\/verts.yverdon\" \/>\n<meta property=\"article:published_time\" content=\"2021-06-30T12:07:34+00:00\" \/>\n<meta property=\"article:modified_time\" content=\"2021-06-30T12:22:17+00:00\" \/>\n<meta property=\"og:image\" content=\"https:\/\/vert-e-s-vd.ch\/jura-nordvaudois\/wp-content\/uploads\/sites\/11\/2021\/06\/IMG_0476-1200x0-c-default.jpg\" \/>\n\t<meta property=\"og:image:width\" content=\"1200\" \/>\n\t<meta property=\"og:image:height\" content=\"664\" \/>\n\t<meta property=\"og:image:type\" content=\"image\/jpeg\" \/>\n<meta name=\"author\" content=\"nordvaudois\" \/>\n<meta name=\"twitter:card\" content=\"summary_large_image\" \/>\n<meta name=\"twitter:creator\" content=\"@vertsyverdon\" \/>\n<meta name=\"twitter:site\" content=\"@vertsyverdon\" \/>\n<meta name=\"twitter:label1\" content=\"\u00c9crit par\" \/>\n\t<meta name=\"twitter:data1\" content=\"nordvaudois\" \/>\n<script type=\"application\/ld+json\" class=\"yoast-schema-graph\">{\"@context\":\"https:\/\/schema.org\",\"@graph\":[{\"@type\":\"Article\",\"@id\":\"https:\/\/vert-e-s-vd.ch\/jura-nordvaudois\/communique-de-presse\/un-nouveau-comite-uni-pour-la-prochaine-legislature#article\",\"isPartOf\":{\"@id\":\"https:\/\/vert-e-s-vd.ch\/jura-nordvaudois\/communique-de-presse\/un-nouveau-comite-uni-pour-la-prochaine-legislature\"},\"author\":{\"name\":\"nordvaudois\",\"@id\":\"https:\/\/vert-e-s-vd.ch\/jura-nordvaudois\/#\/schema\/person\/b83fd83da6cf715aea3505942a15cb01\"},\"headline\":\"Un nouveau comit\u00e9 uni pour la prochaine l\u00e9gislature\",\"datePublished\":\"2021-06-30T12:07:34+00:00\",\"dateModified\":\"2021-06-30T12:22:17+00:00\",\"mainEntityOfPage\":{\"@id\":\"https:\/\/vert-e-s-vd.ch\/jura-nordvaudois\/communique-de-presse\/un-nouveau-comite-uni-pour-la-prochaine-legislature\"},\"wordCount\":9,\"image\":{\"@id\":\"https:\/\/vert-e-s-vd.ch\/jura-nordvaudois\/communique-de-presse\/un-nouveau-comite-uni-pour-la-prochaine-legislature#primaryimage\"},\"thumbnailUrl\":\"https:\/\/vert-e-s-vd.ch\/jura-nordvaudois\/wp-content\/uploads\/sites\/11\/2021\/06\/IMG_0476-scaled.jpg\",\"articleSection\":[\"Communiqu\u00e9 de presse\",\"Yverdon\"],\"inLanguage\":\"fr-FR\"},{\"@type\":\"WebPage\",\"@id\":\"https:\/\/vert-e-s-vd.ch\/jura-nordvaudois\/communique-de-presse\/un-nouveau-comite-uni-pour-la-prochaine-legislature\",\"url\":\"https:\/\/vert-e-s-vd.ch\/jura-nordvaudois\/communique-de-presse\/un-nouveau-comite-uni-pour-la-prochaine-legislature\",\"name\":\"Un nouveau comit\u00e9 uni pour la prochaine l\u00e9gislature - Les Vert.e.s, section Jura et Nord-Vaudois\",\"isPartOf\":{\"@id\":\"https:\/\/vert-e-s-vd.ch\/jura-nordvaudois\/#website\"},\"primaryImageOfPage\":{\"@id\":\"https:\/\/vert-e-s-vd.ch\/jura-nordvaudois\/communique-de-presse\/un-nouveau-comite-uni-pour-la-prochaine-legislature#primaryimage\"},\"image\":{\"@id\":\"https:\/\/vert-e-s-vd.ch\/jura-nordvaudois\/communique-de-presse\/un-nouveau-comite-uni-pour-la-prochaine-legislature#primaryimage\"},\"thumbnailUrl\":\"https:\/\/vert-e-s-vd.ch\/jura-nordvaudois\/wp-content\/uploads\/sites\/11\/2021\/06\/IMG_0476-scaled.jpg\",\"datePublished\":\"2021-06-30T12:07:34+00:00\",\"dateModified\":\"2021-06-30T12:22:17+00:00\",\"author\":{\"@id\":\"https:\/\/vert-e-s-vd.ch\/jura-nordvaudois\/#\/schema\/person\/b83fd83da6cf715aea3505942a15cb01\"},\"description\":\"Les Vert\u00b7e\u00b7s, Solidarit\u00e9 & \u00c9cologie et les Jeunes Vert\u00b7e\u00b7s unissent leurs forces dans un seul et m\u00eame comit\u00e9 des Vert\u00b7e\u00b7s et Solidaires. Le succ\u00e8s des derni\u00e8res \u00e9lections a montr\u00e9 l\u2019importance de cette alliance entre diff\u00e9rents groupes aux valeurs proches tout en sachant garder les sp\u00e9cificit\u00e9s propres \u00e0 chaque formation. C\u2019est dans ce m\u00eame esprit que le groupe des Vert\u00b7e\u00b7s et Solidaires a \u00e9lu son comit\u00e9 \u00e0 l\u2019image de la diversit\u00e9 de ce nouveau groupe parlementaire.\",\"breadcrumb\":{\"@id\":\"https:\/\/vert-e-s-vd.ch\/jura-nordvaudois\/communique-de-presse\/un-nouveau-comite-uni-pour-la-prochaine-legislature#breadcrumb\"},\"inLanguage\":\"fr-FR\",\"potentialAction\":[{\"@type\":\"ReadAction\",\"target\":[\"https:\/\/vert-e-s-vd.ch\/jura-nordvaudois\/communique-de-presse\/un-nouveau-comite-uni-pour-la-prochaine-legislature\"]}]},{\"@type\":\"ImageObject\",\"inLanguage\":\"fr-FR\",\"@id\":\"https:\/\/vert-e-s-vd.ch\/jura-nordvaudois\/communique-de-presse\/un-nouveau-comite-uni-pour-la-prochaine-legislature#primaryimage\",\"url\":\"https:\/\/vert-e-s-vd.ch\/jura-nordvaudois\/wp-content\/uploads\/sites\/11\/2021\/06\/IMG_0476-scaled.jpg\",\"contentUrl\":\"https:\/\/vert-e-s-vd.ch\/jura-nordvaudois\/wp-content\/uploads\/sites\/11\/2021\/06\/IMG_0476-scaled.jpg\",\"width\":2560,\"height\":1417,\"caption\":\"De gauche \u00e0 droite : Martin Loos (Les Vert\u00b7e\u00b7s), Benoist Guillard (Les Vert\u00b7e\u00b7s), Anne Roulet (Les Vert\u00b7e\u00b7s), Julien Ming (Solidarit\u00e9 & \u00c9cologie), Ella-Mona Chevalley (Jeune Verte), Xavier Roth (Solidarit\u00e9 & \u00c9cologie), Nadia Rytz (Jeune Verte), Ma\u00eblle Daridon (Jeune Verte), Carmen Tanner (Les Vert\u00b7e\u00b7s)\"},{\"@type\":\"BreadcrumbList\",\"@id\":\"https:\/\/vert-e-s-vd.ch\/jura-nordvaudois\/communique-de-presse\/un-nouveau-comite-uni-pour-la-prochaine-legislature#breadcrumb\",\"itemListElement\":[{\"@type\":\"ListItem\",\"position\":1,\"name\":\"Accueil\",\"item\":\"https:\/\/vert-e-s-vd.ch\/jura-nordvaudois\/\"},{\"@type\":\"ListItem\",\"position\":2,\"name\":\"Communiqu\u00e9 de presse\",\"item\":\"https:\/\/vert-e-s-vd.ch\/jura-nordvaudois\/category\/communique-de-presse\"},{\"@type\":\"ListItem\",\"position\":3,\"name\":\"Un nouveau comit\u00e9 uni pour la prochaine l\u00e9gislature\"}]},{\"@type\":\"WebSite\",\"@id\":\"https:\/\/vert-e-s-vd.ch\/jura-nordvaudois\/#website\",\"url\":\"https:\/\/vert-e-s-vd.ch\/jura-nordvaudois\/\",\"name\":\"Les Vert.e.s, section Jura et Nord-Vaudois\",\"description\":\"Une longueur d\u2019avance\",\"potentialAction\":[{\"@type\":\"SearchAction\",\"target\":{\"@type\":\"EntryPoint\",\"urlTemplate\":\"https:\/\/vert-e-s-vd.ch\/jura-nordvaudois\/?s={search_term_string}\"},\"query-input\":{\"@type\":\"PropertyValueSpecification\",\"valueRequired\":true,\"valueName\":\"search_term_string\"}}],\"inLanguage\":\"fr-FR\"},{\"@type\":\"Person\",\"@id\":\"https:\/\/vert-e-s-vd.ch\/jura-nordvaudois\/#\/schema\/person\/b83fd83da6cf715aea3505942a15cb01\",\"name\":\"nordvaudois\",\"image\":{\"@type\":\"ImageObject\",\"inLanguage\":\"fr-FR\",\"@id\":\"https:\/\/vert-e-s-vd.ch\/jura-nordvaudois\/#\/schema\/person\/image\/\",\"url\":\"https:\/\/secure.gravatar.com\/avatar\/11e1c1c42c08ca5573882c281fc9deda692419d49def913b04a486bbfdea64ee?s=96&d=mm&r=g\",\"contentUrl\":\"https:\/\/secure.gravatar.com\/avatar\/11e1c1c42c08ca5573882c281fc9deda692419d49def913b04a486bbfdea64ee?s=96&d=mm&r=g\",\"caption\":\"nordvaudois\"}}]}<\/script>\n<!-- \/ Yoast SEO plugin. -->","yoast_head_json":{"title":"Un nouveau comit\u00e9 uni pour la prochaine l\u00e9gislature - Les Vert.e.s, section Jura et Nord-Vaudois","description":"Les Vert\u00b7e\u00b7s, Solidarit\u00e9 & \u00c9cologie et les Jeunes Vert\u00b7e\u00b7s unissent leurs forces dans un seul et m\u00eame comit\u00e9 des Vert\u00b7e\u00b7s et Solidaires. Le succ\u00e8s des derni\u00e8res \u00e9lections a montr\u00e9 l\u2019importance de cette alliance entre diff\u00e9rents groupes aux valeurs proches tout en sachant garder les sp\u00e9cificit\u00e9s propres \u00e0 chaque formation. C\u2019est dans ce m\u00eame esprit que le groupe des Vert\u00b7e\u00b7s et Solidaires a \u00e9lu son comit\u00e9 \u00e0 l\u2019image de la diversit\u00e9 de ce nouveau groupe parlementaire.","robots":{"index":"index","follow":"follow","max-snippet":"max-snippet:-1","max-image-preview":"max-image-preview:large","max-video-preview":"max-video-preview:-1"},"canonical":"https:\/\/vert-e-s-vd.ch\/jura-nordvaudois\/communique-de-presse\/un-nouveau-comite-uni-pour-la-prochaine-legislature","og_locale":"fr_FR","og_type":"article","og_title":"Un nouveau comit\u00e9 uni pour la prochaine l\u00e9gislature - Les Vert.e.s, section Jura et Nord-Vaudois","og_description":"Les Vert\u00b7e\u00b7s, Solidarit\u00e9 & \u00c9cologie et les Jeunes Vert\u00b7e\u00b7s unissent leurs forces dans un seul et m\u00eame comit\u00e9 des Vert\u00b7e\u00b7s et \u2026","og_url":"https:\/\/vert-e-s-vd.ch\/jura-nordvaudois\/communique-de-presse\/un-nouveau-comite-uni-pour-la-prochaine-legislature","og_site_name":"Les Vert.e.s, section Jura et Nord-Vaudois","article_publisher":"https:\/\/www.facebook.com\/verts.yverdon","article_published_time":"2021-06-30T12:07:34+00:00","article_modified_time":"2021-06-30T12:22:17+00:00","og_image":[{"width":1200,"height":664,"url":"https:\/\/vert-e-s-vd.ch\/jura-nordvaudois\/wp-content\/uploads\/sites\/11\/2021\/06\/IMG_0476-1200x0-c-default.jpg","type":"image\/jpeg"}],"author":"nordvaudois","twitter_card":"summary_large_image","twitter_creator":"@vertsyverdon","twitter_site":"@vertsyverdon","twitter_misc":{"\u00c9crit par":"nordvaudois"},"schema":{"@context":"https:\/\/schema.org","@graph":[{"@type":"Article","@id":"https:\/\/vert-e-s-vd.ch\/jura-nordvaudois\/communique-de-presse\/un-nouveau-comite-uni-pour-la-prochaine-legislature#article","isPartOf":{"@id":"https:\/\/vert-e-s-vd.ch\/jura-nordvaudois\/communique-de-presse\/un-nouveau-comite-uni-pour-la-prochaine-legislature"},"author":{"name":"nordvaudois","@id":"https:\/\/vert-e-s-vd.ch\/jura-nordvaudois\/#\/schema\/person\/b83fd83da6cf715aea3505942a15cb01"},"headline":"Un nouveau comit\u00e9 uni pour la prochaine l\u00e9gislature","datePublished":"2021-06-30T12:07:34+00:00","dateModified":"2021-06-30T12:22:17+00:00","mainEntityOfPage":{"@id":"https:\/\/vert-e-s-vd.ch\/jura-nordvaudois\/communique-de-presse\/un-nouveau-comite-uni-pour-la-prochaine-legislature"},"wordCount":9,"image":{"@id":"https:\/\/vert-e-s-vd.ch\/jura-nordvaudois\/communique-de-presse\/un-nouveau-comite-uni-pour-la-prochaine-legislature#primaryimage"},"thumbnailUrl":"https:\/\/vert-e-s-vd.ch\/jura-nordvaudois\/wp-content\/uploads\/sites\/11\/2021\/06\/IMG_0476-scaled.jpg","articleSection":["Communiqu\u00e9 de presse","Yverdon"],"inLanguage":"fr-FR"},{"@type":"WebPage","@id":"https:\/\/vert-e-s-vd.ch\/jura-nordvaudois\/communique-de-presse\/un-nouveau-comite-uni-pour-la-prochaine-legislature","url":"https:\/\/vert-e-s-vd.ch\/jura-nordvaudois\/communique-de-presse\/un-nouveau-comite-uni-pour-la-prochaine-legislature","name":"Un nouveau comit\u00e9 uni pour la prochaine l\u00e9gislature - Les Vert.e.s, section Jura et Nord-Vaudois","isPartOf":{"@id":"https:\/\/vert-e-s-vd.ch\/jura-nordvaudois\/#website"},"primaryImageOfPage":{"@id":"https:\/\/vert-e-s-vd.ch\/jura-nordvaudois\/communique-de-presse\/un-nouveau-comite-uni-pour-la-prochaine-legislature#primaryimage"},"image":{"@id":"https:\/\/vert-e-s-vd.ch\/jura-nordvaudois\/communique-de-presse\/un-nouveau-comite-uni-pour-la-prochaine-legislature#primaryimage"},"thumbnailUrl":"https:\/\/vert-e-s-vd.ch\/jura-nordvaudois\/wp-content\/uploads\/sites\/11\/2021\/06\/IMG_0476-scaled.jpg","datePublished":"2021-06-30T12:07:34+00:00","dateModified":"2021-06-30T12:22:17+00:00","author":{"@id":"https:\/\/vert-e-s-vd.ch\/jura-nordvaudois\/#\/schema\/person\/b83fd83da6cf715aea3505942a15cb01"},"description":"Les Vert\u00b7e\u00b7s, Solidarit\u00e9 & \u00c9cologie et les Jeunes Vert\u00b7e\u00b7s unissent leurs forces dans un seul et m\u00eame comit\u00e9 des Vert\u00b7e\u00b7s et Solidaires. Le succ\u00e8s des derni\u00e8res \u00e9lections a montr\u00e9 l\u2019importance de cette alliance entre diff\u00e9rents groupes aux valeurs proches tout en sachant garder les sp\u00e9cificit\u00e9s propres \u00e0 chaque formation. C\u2019est dans ce m\u00eame esprit que le groupe des Vert\u00b7e\u00b7s et Solidaires a \u00e9lu son comit\u00e9 \u00e0 l\u2019image de la diversit\u00e9 de ce nouveau groupe parlementaire.","breadcrumb":{"@id":"https:\/\/vert-e-s-vd.ch\/jura-nordvaudois\/communique-de-presse\/un-nouveau-comite-uni-pour-la-prochaine-legislature#breadcrumb"},"inLanguage":"fr-FR","potentialAction":[{"@type":"ReadAction","target":["https:\/\/vert-e-s-vd.ch\/jura-nordvaudois\/communique-de-presse\/un-nouveau-comite-uni-pour-la-prochaine-legislature"]}]},{"@type":"ImageObject","inLanguage":"fr-FR","@id":"https:\/\/vert-e-s-vd.ch\/jura-nordvaudois\/communique-de-presse\/un-nouveau-comite-uni-pour-la-prochaine-legislature#primaryimage","url":"https:\/\/vert-e-s-vd.ch\/jura-nordvaudois\/wp-content\/uploads\/sites\/11\/2021\/06\/IMG_0476-scaled.jpg","contentUrl":"https:\/\/vert-e-s-vd.ch\/jura-nordvaudois\/wp-content\/uploads\/sites\/11\/2021\/06\/IMG_0476-scaled.jpg","width":2560,"height":1417,"caption":"De gauche \u00e0 droite : Martin Loos (Les Vert\u00b7e\u00b7s), Benoist Guillard (Les Vert\u00b7e\u00b7s), Anne Roulet (Les Vert\u00b7e\u00b7s), Julien Ming (Solidarit\u00e9 & \u00c9cologie), Ella-Mona Chevalley (Jeune Verte), Xavier Roth (Solidarit\u00e9 & \u00c9cologie), Nadia Rytz (Jeune Verte), Ma\u00eblle Daridon (Jeune Verte), Carmen Tanner (Les Vert\u00b7e\u00b7s)"},{"@type":"BreadcrumbList","@id":"https:\/\/vert-e-s-vd.ch\/jura-nordvaudois\/communique-de-presse\/un-nouveau-comite-uni-pour-la-prochaine-legislature#breadcrumb","itemListElement":[{"@type":"ListItem","position":1,"name":"Accueil","item":"https:\/\/vert-e-s-vd.ch\/jura-nordvaudois\/"},{"@type":"ListItem","position":2,"name":"Communiqu\u00e9 de presse","item":"https:\/\/vert-e-s-vd.ch\/jura-nordvaudois\/category\/communique-de-presse"},{"@type":"ListItem","position":3,"name":"Un nouveau comit\u00e9 uni pour la prochaine l\u00e9gislature"}]},{"@type":"WebSite","@id":"https:\/\/vert-e-s-vd.ch\/jura-nordvaudois\/#website","url":"https:\/\/vert-e-s-vd.ch\/jura-nordvaudois\/","name":"Les Vert.e.s, section Jura et Nord-Vaudois","description":"Une longueur d\u2019avance","potentialAction":[{"@type":"SearchAction","target":{"@type":"EntryPoint","urlTemplate":"https:\/\/vert-e-s-vd.ch\/jura-nordvaudois\/?s={search_term_string}"},"query-input":{"@type":"PropertyValueSpecification","valueRequired":true,"valueName":"search_term_string"}}],"inLanguage":"fr-FR"},{"@type":"Person","@id":"https:\/\/vert-e-s-vd.ch\/jura-nordvaudois\/#\/schema\/person\/b83fd83da6cf715aea3505942a15cb01","name":"nordvaudois","image":{"@type":"ImageObject","inLanguage":"fr-FR","@id":"https:\/\/vert-e-s-vd.ch\/jura-nordvaudois\/#\/schema\/person\/image\/","url":"https:\/\/secure.gravatar.com\/avatar\/11e1c1c42c08ca5573882c281fc9deda692419d49def913b04a486bbfdea64ee?s=96&d=mm&r=g","contentUrl":"https:\/\/secure.gravatar.com\/avatar\/11e1c1c42c08ca5573882c281fc9deda692419d49def913b04a486bbfdea64ee?s=96&d=mm&r=g","caption":"nordvaudois"}}]}},"_links":{"self":[{"href":"https:\/\/vert-e-s-vd.ch\/jura-nordvaudois\/wp-json\/wp\/v2\/posts\/72322","targetHints":{"allow":["GET"]}}],"collection":[{"href":"https:\/\/vert-e-s-vd.ch\/jura-nordvaudois\/wp-json\/wp\/v2\/posts"}],"about":[{"href":"https:\/\/vert-e-s-vd.ch\/jura-nordvaudois\/wp-json\/wp\/v2\/types\/post"}],"author":[{"embeddable":true,"href":"https:\/\/vert-e-s-vd.ch\/jura-nordvaudois\/wp-json\/wp\/v2\/users\/11"}],"replies":[{"embeddable":true,"href":"https:\/\/vert-e-s-vd.ch\/jura-nordvaudois\/wp-json\/wp\/v2\/comments?post=72322"}],"version-history":[{"count":7,"href":"https:\/\/vert-e-s-vd.ch\/jura-nordvaudois\/wp-json\/wp\/v2\/posts\/72322\/revisions"}],"predecessor-version":[{"id":72334,"href":"https:\/\/vert-e-s-vd.ch\/jura-nordvaudois\/wp-json\/wp\/v2\/posts\/72322\/revisions\/72334"}],"wp:featuredmedia":[{"embeddable":true,"href":"https:\/\/vert-e-s-vd.ch\/jura-nordvaudois\/wp-json\/wp\/v2\/media\/72323"}],"wp:attachment":[{"href":"https:\/\/vert-e-s-vd.ch\/jura-nordvaudois\/wp-json\/wp\/v2\/media?parent=72322"}],"wp:term":[{"taxonomy":"category","embeddable":true,"href":"https:\/\/vert-e-s-vd.ch\/jura-nordvaudois\/wp-json\/wp\/v2\/categories?post=72322"},{"taxonomy":"post_tag","embeddable":true,"href":"https:\/\/vert-e-s-vd.ch\/jura-nordvaudois\/wp-json\/wp\/v2\/tags?post=72322"}],"curies":[{"name":"wp","href":"https:\/\/api.w.org\/{rel}","templated":true}]}}