{"id":72777,"date":"2026-01-16T18:45:53","date_gmt":"2026-01-16T17:45:53","guid":{"rendered":"https:\/\/vert-e-s-vd.ch\/chablais-vaudois\/?p=72777"},"modified":"2026-01-16T19:05:33","modified_gmt":"2026-01-16T18:05:33","slug":"faire-campagne-oui-mais-pas-a-nimporte-quel-prix-cp-villeneuve-vert-e-s-et-ps-16-janvier-2026","status":"publish","type":"post","link":"https:\/\/vert-e-s-vd.ch\/chablais-vaudois\/blog\/communiques-de-presse\/faire-campagne-oui-mais-pas-a-nimporte-quel-prix-cp-villeneuve-vert-e-s-et-ps-16-janvier-2026","title":{"rendered":"Faire campagne oui, &#8211; mais pas \u00e0 n&rsquo;importe quel prix ! CP Villeneuve, Vert.e.s et PS, 16 janvier 2026"},"content":{"rendered":"","protected":false},"excerpt":{"rendered":"","protected":false},"author":15,"featured_media":0,"comment_status":"closed","ping_status":"closed","sticky":false,"template":"single_press_release.php","format":"standard","meta":{"_acf_changed":false,"inline_featured_image":false,"footnotes":""},"categories":[393,399],"tags":[],"class_list":["post-72777","post","type-post","status-publish","format-standard","hentry","category-communiques-de-presse","category-villeneuve"],"acf":[],"yoast_head":"<!-- This site is optimized with the Yoast SEO plugin v26.9 - https:\/\/yoast.com\/product\/yoast-seo-wordpress\/ -->\n<title>Faire campagne oui, - mais pas \u00e0 n&#039;importe quel prix ! CP Villeneuve, Vert.e.s et PS, 16 janvier 2026 - Les VERT.E.S, section du Chablais vaudois et des Alpes Vaudoises<\/title>\n<meta name=\"robots\" content=\"index, follow, max-snippet:-1, max-image-preview:large, max-video-preview:-1\" \/>\n<link rel=\"canonical\" href=\"https:\/\/vert-e-s-vd.ch\/chablais-vaudois\/blog\/communiques-de-presse\/faire-campagne-oui-mais-pas-a-nimporte-quel-prix-cp-villeneuve-vert-e-s-et-ps-16-janvier-2026\" \/>\n<meta property=\"og:locale\" content=\"fr_FR\" \/>\n<meta property=\"og:type\" content=\"article\" \/>\n<meta property=\"og:title\" content=\"Faire campagne oui, - mais pas \u00e0 n&#039;importe quel prix ! CP Villeneuve, Vert.e.s et PS, 16 janvier 2026 - Les VERT.E.S, section du Chablais vaudois et des Alpes Vaudoises\" \/>\n<meta property=\"og:url\" content=\"https:\/\/vert-e-s-vd.ch\/chablais-vaudois\/blog\/communiques-de-presse\/faire-campagne-oui-mais-pas-a-nimporte-quel-prix-cp-villeneuve-vert-e-s-et-ps-16-janvier-2026\" \/>\n<meta property=\"og:site_name\" content=\"Les VERT.E.S, section du Chablais vaudois et des Alpes Vaudoises\" \/>\n<meta property=\"article:published_time\" content=\"2026-01-16T17:45:53+00:00\" \/>\n<meta property=\"article:modified_time\" content=\"2026-01-16T18:05:33+00:00\" \/>\n<meta name=\"author\" content=\"sandrinechalet\" \/>\n<meta name=\"twitter:card\" content=\"summary_large_image\" \/>\n<meta name=\"twitter:label1\" content=\"\u00c9crit par\" \/>\n\t<meta name=\"twitter:data1\" content=\"sandrinechalet\" \/>\n\t<meta name=\"twitter:label2\" content=\"Dur\u00e9e de lecture estim\u00e9e\" \/>\n\t<meta name=\"twitter:data2\" content=\"2 minutes\" \/>\n<script type=\"application\/ld+json\" class=\"yoast-schema-graph\">{\"@context\":\"https:\/\/schema.org\",\"@graph\":[{\"@type\":\"Article\",\"@id\":\"https:\/\/vert-e-s-vd.ch\/chablais-vaudois\/blog\/communiques-de-presse\/faire-campagne-oui-mais-pas-a-nimporte-quel-prix-cp-villeneuve-vert-e-s-et-ps-16-janvier-2026#article\",\"isPartOf\":{\"@id\":\"https:\/\/vert-e-s-vd.ch\/chablais-vaudois\/blog\/communiques-de-presse\/faire-campagne-oui-mais-pas-a-nimporte-quel-prix-cp-villeneuve-vert-e-s-et-ps-16-janvier-2026\"},\"author\":{\"name\":\"sandrinechalet\",\"@id\":\"https:\/\/vert-e-s-vd.ch\/chablais-vaudois\/#\/schema\/person\/236ddb72097e84cd827a3875b7816039\"},\"headline\":\"Faire campagne oui, &#8211; mais pas \u00e0 n&rsquo;importe quel prix ! CP Villeneuve, Vert.e.s et PS, 16 janvier 2026\",\"datePublished\":\"2026-01-16T17:45:53+00:00\",\"dateModified\":\"2026-01-16T18:05:33+00:00\",\"mainEntityOfPage\":{\"@id\":\"https:\/\/vert-e-s-vd.ch\/chablais-vaudois\/blog\/communiques-de-presse\/faire-campagne-oui-mais-pas-a-nimporte-quel-prix-cp-villeneuve-vert-e-s-et-ps-16-janvier-2026\"},\"wordCount\":18,\"articleSection\":[\"Communiqu\u00e9s de presse\",\"Villeneuve\"],\"inLanguage\":\"fr-FR\"},{\"@type\":\"WebPage\",\"@id\":\"https:\/\/vert-e-s-vd.ch\/chablais-vaudois\/blog\/communiques-de-presse\/faire-campagne-oui-mais-pas-a-nimporte-quel-prix-cp-villeneuve-vert-e-s-et-ps-16-janvier-2026\",\"url\":\"https:\/\/vert-e-s-vd.ch\/chablais-vaudois\/blog\/communiques-de-presse\/faire-campagne-oui-mais-pas-a-nimporte-quel-prix-cp-villeneuve-vert-e-s-et-ps-16-janvier-2026\",\"name\":\"Faire campagne oui, - mais pas \u00e0 n'importe quel prix ! CP Villeneuve, Vert.e.s et PS, 16 janvier 2026 - Les VERT.E.S, section du Chablais vaudois et des Alpes Vaudoises\",\"isPartOf\":{\"@id\":\"https:\/\/vert-e-s-vd.ch\/chablais-vaudois\/#website\"},\"datePublished\":\"2026-01-16T17:45:53+00:00\",\"dateModified\":\"2026-01-16T18:05:33+00:00\",\"author\":{\"@id\":\"https:\/\/vert-e-s-vd.ch\/chablais-vaudois\/#\/schema\/person\/236ddb72097e84cd827a3875b7816039\"},\"breadcrumb\":{\"@id\":\"https:\/\/vert-e-s-vd.ch\/chablais-vaudois\/blog\/communiques-de-presse\/faire-campagne-oui-mais-pas-a-nimporte-quel-prix-cp-villeneuve-vert-e-s-et-ps-16-janvier-2026#breadcrumb\"},\"inLanguage\":\"fr-FR\",\"potentialAction\":[{\"@type\":\"ReadAction\",\"target\":[\"https:\/\/vert-e-s-vd.ch\/chablais-vaudois\/blog\/communiques-de-presse\/faire-campagne-oui-mais-pas-a-nimporte-quel-prix-cp-villeneuve-vert-e-s-et-ps-16-janvier-2026\"]}]},{\"@type\":\"BreadcrumbList\",\"@id\":\"https:\/\/vert-e-s-vd.ch\/chablais-vaudois\/blog\/communiques-de-presse\/faire-campagne-oui-mais-pas-a-nimporte-quel-prix-cp-villeneuve-vert-e-s-et-ps-16-janvier-2026#breadcrumb\",\"itemListElement\":[{\"@type\":\"ListItem\",\"position\":1,\"name\":\"Accueil\",\"item\":\"https:\/\/vert-e-s-vd.ch\/chablais-vaudois\/\"},{\"@type\":\"ListItem\",\"position\":2,\"name\":\"Th\u00e8mes verts et actions locales\",\"item\":\"#menu-item-70892\"},{\"@type\":\"ListItem\",\"position\":3,\"name\":\"Communiqu\u00e9s de presse\",\"item\":\"https:\/\/vert-e-s-vd.ch\/chablais-vaudois\/blog\/category\/communiques-de-presse\"},{\"@type\":\"ListItem\",\"position\":4,\"name\":\"Faire campagne oui, &#8211; mais pas \u00e0 n&rsquo;importe quel prix ! CP Villeneuve, Vert.e.s et PS, 16 janvier 2026\"}]},{\"@type\":\"WebSite\",\"@id\":\"https:\/\/vert-e-s-vd.ch\/chablais-vaudois\/#website\",\"url\":\"https:\/\/vert-e-s-vd.ch\/chablais-vaudois\/\",\"name\":\"Les VERT.E.S, section du Chablais vaudois et des Alpes Vaudoises\",\"description\":\"Une longueur d\u2019avance\",\"potentialAction\":[{\"@type\":\"SearchAction\",\"target\":{\"@type\":\"EntryPoint\",\"urlTemplate\":\"https:\/\/vert-e-s-vd.ch\/chablais-vaudois\/?s={search_term_string}\"},\"query-input\":{\"@type\":\"PropertyValueSpecification\",\"valueRequired\":true,\"valueName\":\"search_term_string\"}}],\"inLanguage\":\"fr-FR\"},{\"@type\":\"Person\",\"@id\":\"https:\/\/vert-e-s-vd.ch\/chablais-vaudois\/#\/schema\/person\/236ddb72097e84cd827a3875b7816039\",\"name\":\"sandrinechalet\",\"image\":{\"@type\":\"ImageObject\",\"inLanguage\":\"fr-FR\",\"@id\":\"https:\/\/vert-e-s-vd.ch\/chablais-vaudois\/#\/schema\/person\/image\/\",\"url\":\"https:\/\/secure.gravatar.com\/avatar\/7c856ed9274f203856c21b9655646d9072c7210b55c93b8c5dd8b607f0931100?s=96&d=mm&r=g\",\"contentUrl\":\"https:\/\/secure.gravatar.com\/avatar\/7c856ed9274f203856c21b9655646d9072c7210b55c93b8c5dd8b607f0931100?s=96&d=mm&r=g\",\"caption\":\"sandrinechalet\"}}]}<\/script>\n<!-- \/ Yoast SEO plugin. -->","yoast_head_json":{"title":"Faire campagne oui, - mais pas \u00e0 n'importe quel prix ! CP Villeneuve, Vert.e.s et PS, 16 janvier 2026 - Les VERT.E.S, section du Chablais vaudois et des Alpes Vaudoises","robots":{"index":"index","follow":"follow","max-snippet":"max-snippet:-1","max-image-preview":"max-image-preview:large","max-video-preview":"max-video-preview:-1"},"canonical":"https:\/\/vert-e-s-vd.ch\/chablais-vaudois\/blog\/communiques-de-presse\/faire-campagne-oui-mais-pas-a-nimporte-quel-prix-cp-villeneuve-vert-e-s-et-ps-16-janvier-2026","og_locale":"fr_FR","og_type":"article","og_title":"Faire campagne oui, - mais pas \u00e0 n'importe quel prix ! CP Villeneuve, Vert.e.s et PS, 16 janvier 2026 - Les VERT.E.S, section du Chablais vaudois et des Alpes Vaudoises","og_url":"https:\/\/vert-e-s-vd.ch\/chablais-vaudois\/blog\/communiques-de-presse\/faire-campagne-oui-mais-pas-a-nimporte-quel-prix-cp-villeneuve-vert-e-s-et-ps-16-janvier-2026","og_site_name":"Les VERT.E.S, section du Chablais vaudois et des Alpes Vaudoises","article_published_time":"2026-01-16T17:45:53+00:00","article_modified_time":"2026-01-16T18:05:33+00:00","author":"sandrinechalet","twitter_card":"summary_large_image","twitter_misc":{"\u00c9crit par":"sandrinechalet","Dur\u00e9e de lecture estim\u00e9e":"2 minutes"},"schema":{"@context":"https:\/\/schema.org","@graph":[{"@type":"Article","@id":"https:\/\/vert-e-s-vd.ch\/chablais-vaudois\/blog\/communiques-de-presse\/faire-campagne-oui-mais-pas-a-nimporte-quel-prix-cp-villeneuve-vert-e-s-et-ps-16-janvier-2026#article","isPartOf":{"@id":"https:\/\/vert-e-s-vd.ch\/chablais-vaudois\/blog\/communiques-de-presse\/faire-campagne-oui-mais-pas-a-nimporte-quel-prix-cp-villeneuve-vert-e-s-et-ps-16-janvier-2026"},"author":{"name":"sandrinechalet","@id":"https:\/\/vert-e-s-vd.ch\/chablais-vaudois\/#\/schema\/person\/236ddb72097e84cd827a3875b7816039"},"headline":"Faire campagne oui, &#8211; mais pas \u00e0 n&rsquo;importe quel prix ! CP Villeneuve, Vert.e.s et PS, 16 janvier 2026","datePublished":"2026-01-16T17:45:53+00:00","dateModified":"2026-01-16T18:05:33+00:00","mainEntityOfPage":{"@id":"https:\/\/vert-e-s-vd.ch\/chablais-vaudois\/blog\/communiques-de-presse\/faire-campagne-oui-mais-pas-a-nimporte-quel-prix-cp-villeneuve-vert-e-s-et-ps-16-janvier-2026"},"wordCount":18,"articleSection":["Communiqu\u00e9s de presse","Villeneuve"],"inLanguage":"fr-FR"},{"@type":"WebPage","@id":"https:\/\/vert-e-s-vd.ch\/chablais-vaudois\/blog\/communiques-de-presse\/faire-campagne-oui-mais-pas-a-nimporte-quel-prix-cp-villeneuve-vert-e-s-et-ps-16-janvier-2026","url":"https:\/\/vert-e-s-vd.ch\/chablais-vaudois\/blog\/communiques-de-presse\/faire-campagne-oui-mais-pas-a-nimporte-quel-prix-cp-villeneuve-vert-e-s-et-ps-16-janvier-2026","name":"Faire campagne oui, - mais pas \u00e0 n'importe quel prix ! CP Villeneuve, Vert.e.s et PS, 16 janvier 2026 - Les VERT.E.S, section du Chablais vaudois et des Alpes Vaudoises","isPartOf":{"@id":"https:\/\/vert-e-s-vd.ch\/chablais-vaudois\/#website"},"datePublished":"2026-01-16T17:45:53+00:00","dateModified":"2026-01-16T18:05:33+00:00","author":{"@id":"https:\/\/vert-e-s-vd.ch\/chablais-vaudois\/#\/schema\/person\/236ddb72097e84cd827a3875b7816039"},"breadcrumb":{"@id":"https:\/\/vert-e-s-vd.ch\/chablais-vaudois\/blog\/communiques-de-presse\/faire-campagne-oui-mais-pas-a-nimporte-quel-prix-cp-villeneuve-vert-e-s-et-ps-16-janvier-2026#breadcrumb"},"inLanguage":"fr-FR","potentialAction":[{"@type":"ReadAction","target":["https:\/\/vert-e-s-vd.ch\/chablais-vaudois\/blog\/communiques-de-presse\/faire-campagne-oui-mais-pas-a-nimporte-quel-prix-cp-villeneuve-vert-e-s-et-ps-16-janvier-2026"]}]},{"@type":"BreadcrumbList","@id":"https:\/\/vert-e-s-vd.ch\/chablais-vaudois\/blog\/communiques-de-presse\/faire-campagne-oui-mais-pas-a-nimporte-quel-prix-cp-villeneuve-vert-e-s-et-ps-16-janvier-2026#breadcrumb","itemListElement":[{"@type":"ListItem","position":1,"name":"Accueil","item":"https:\/\/vert-e-s-vd.ch\/chablais-vaudois\/"},{"@type":"ListItem","position":2,"name":"Th\u00e8mes verts et actions locales","item":"#menu-item-70892"},{"@type":"ListItem","position":3,"name":"Communiqu\u00e9s de presse","item":"https:\/\/vert-e-s-vd.ch\/chablais-vaudois\/blog\/category\/communiques-de-presse"},{"@type":"ListItem","position":4,"name":"Faire campagne oui, &#8211; mais pas \u00e0 n&rsquo;importe quel prix ! CP Villeneuve, Vert.e.s et PS, 16 janvier 2026"}]},{"@type":"WebSite","@id":"https:\/\/vert-e-s-vd.ch\/chablais-vaudois\/#website","url":"https:\/\/vert-e-s-vd.ch\/chablais-vaudois\/","name":"Les VERT.E.S, section du Chablais vaudois et des Alpes Vaudoises","description":"Une longueur d\u2019avance","potentialAction":[{"@type":"SearchAction","target":{"@type":"EntryPoint","urlTemplate":"https:\/\/vert-e-s-vd.ch\/chablais-vaudois\/?s={search_term_string}"},"query-input":{"@type":"PropertyValueSpecification","valueRequired":true,"valueName":"search_term_string"}}],"inLanguage":"fr-FR"},{"@type":"Person","@id":"https:\/\/vert-e-s-vd.ch\/chablais-vaudois\/#\/schema\/person\/236ddb72097e84cd827a3875b7816039","name":"sandrinechalet","image":{"@type":"ImageObject","inLanguage":"fr-FR","@id":"https:\/\/vert-e-s-vd.ch\/chablais-vaudois\/#\/schema\/person\/image\/","url":"https:\/\/secure.gravatar.com\/avatar\/7c856ed9274f203856c21b9655646d9072c7210b55c93b8c5dd8b607f0931100?s=96&d=mm&r=g","contentUrl":"https:\/\/secure.gravatar.com\/avatar\/7c856ed9274f203856c21b9655646d9072c7210b55c93b8c5dd8b607f0931100?s=96&d=mm&r=g","caption":"sandrinechalet"}}]}},"_links":{"self":[{"href":"https:\/\/vert-e-s-vd.ch\/chablais-vaudois\/wp-json\/wp\/v2\/posts\/72777","targetHints":{"allow":["GET"]}}],"collection":[{"href":"https:\/\/vert-e-s-vd.ch\/chablais-vaudois\/wp-json\/wp\/v2\/posts"}],"about":[{"href":"https:\/\/vert-e-s-vd.ch\/chablais-vaudois\/wp-json\/wp\/v2\/types\/post"}],"author":[{"embeddable":true,"href":"https:\/\/vert-e-s-vd.ch\/chablais-vaudois\/wp-json\/wp\/v2\/users\/15"}],"replies":[{"embeddable":true,"href":"https:\/\/vert-e-s-vd.ch\/chablais-vaudois\/wp-json\/wp\/v2\/comments?post=72777"}],"version-history":[{"count":3,"href":"https:\/\/vert-e-s-vd.ch\/chablais-vaudois\/wp-json\/wp\/v2\/posts\/72777\/revisions"}],"predecessor-version":[{"id":72785,"href":"https:\/\/vert-e-s-vd.ch\/chablais-vaudois\/wp-json\/wp\/v2\/posts\/72777\/revisions\/72785"}],"wp:attachment":[{"href":"https:\/\/vert-e-s-vd.ch\/chablais-vaudois\/wp-json\/wp\/v2\/media?parent=72777"}],"wp:term":[{"taxonomy":"category","embeddable":true,"href":"https:\/\/vert-e-s-vd.ch\/chablais-vaudois\/wp-json\/wp\/v2\/categories?post=72777"},{"taxonomy":"post_tag","embeddable":true,"href":"https:\/\/vert-e-s-vd.ch\/chablais-vaudois\/wp-json\/wp\/v2\/tags?post=72777"}],"curies":[{"name":"wp","href":"https:\/\/api.w.org\/{rel}","templated":true}]}}